{"id":4947,"date":"2014-09-05T19:46:07","date_gmt":"2014-09-05T19:46:07","guid":{"rendered":"http:\/\/folhadosudeste.com\/site\/?p=4947"},"modified":"2014-09-05T19:46:07","modified_gmt":"2014-09-05T19:46:07","slug":"semana-do-patrimonio-cultural-de-muriae-06-a-13-de-setembro-de-2014","status":"publish","type":"post","link":"http:\/\/folhadosudeste.com\/site\/?p=4947","title":{"rendered":"Semana do Patrim\u00f4nio: Cultural de Muria\u00e9 \u2013 06 a 13 de setembro de 2014"},"content":{"rendered":"<p><a href=\"http:\/\/folhadosudeste.com\/site\/wp-content\/uploads\/2014\/09\/Premio-Patrim\u00f4nio-2a14.jpg\"><img loading=\"lazy\" decoding=\"async\" class=\"aligncenter size-full wp-image-4948\" alt=\"Premio Patrim\u00f4nio 2a14\" src=\"http:\/\/folhadosudeste.com\/site\/wp-content\/uploads\/2014\/09\/Premio-Patrim\u00f4nio-2a14.jpg\" width=\"3474\" height=\"2443\" srcset=\"http:\/\/folhadosudeste.com\/site\/wp-content\/uploads\/2014\/09\/Premio-Patrim\u00f4nio-2a14.jpg 3474w, http:\/\/folhadosudeste.com\/site\/wp-content\/uploads\/2014\/09\/Premio-Patrim\u00f4nio-2a14-300x210.jpg 300w, http:\/\/folhadosudeste.com\/site\/wp-content\/uploads\/2014\/09\/Premio-Patrim\u00f4nio-2a14-1024x720.jpg 1024w\" sizes=\"auto, (max-width: 3474px) 100vw, 3474px\" \/><\/a><\/p>\n<p>Semana do Patrim\u00f4nio: Cultural de Muria\u00e9 \u2013 06 a 13 de setembro de 2014<\/p>\n<p>\u201cA preserva\u00e7\u00e3o do nosso patrim\u00f4nio cultural promove a valoriza\u00e7\u00e3o e a consagra\u00e7\u00e3o daquilo que \u00e9 comum a determinado grupo social no tempo e no espa\u00e7o, possui significa\u00e7\u00f5es relevantes por ser parte da constru\u00e7\u00e3o hist\u00f3rica de um povo.\u201d<\/p>\n<p>Neste sentido, a Prefeitura de Muria\u00e9, Fundarte e o Conselho Municipal do Patrim\u00f4nio Cultural criaram o <b>PR\u00caMIO DE INCENTIVO AO PATRIM\u00d4NIO CULTURAL, <\/b>uma maneira de valorizar e distinguir as pessoas que fazem a diferen\u00e7a na preserva\u00e7\u00e3o de nossa hist\u00f3ria.<\/p>\n<p>&nbsp;<\/p>\n<p>Programa\u00e7\u00e3o:<\/p>\n<p><b>06 de setembro.<\/b><\/p>\n<p>EXPOSI\u00c7\u00c3O DE SELOS \u201cPATRIM\u00d4NIO MATERIAL E IMATERIAL NOS SELOS BRASILEIROS\u201d<\/p>\n<p>Organiza\u00e7\u00e3o: Ant\u00f4nio Eugenio Costa Almeida<\/p>\n<p>Local: Memorial Municipal &#8211; Pra\u00e7a Coronel Pacheco de Medeiros<\/p>\n<p>Hor\u00e1rio: Abertura S\u00e1bado, 06 de setembro, \u00e0s 08:00h.<\/p>\n<p>A Exposi\u00e7\u00e3o fica em cartaz at\u00e9 o dia 12 de setembro das 08h \u00e0s 11h e das 13h \u00e0s 17h \u2013 entrada franca<\/p>\n<p><b>\u00a0<\/b><\/p>\n<p><b>09 de setembro<\/b><\/p>\n<p><b>ENTREGA DE PR\u00caMIOS DE INCENTIVO \u00c0 PRESERVA\u00c7\u00c3O DO PATRIM\u00d4NIO CULTURAL DE MURIA\u00c9.<\/b><\/p>\n<p align=\"center\"><b>Categoria I:\u00a0PATRIM\u00d4NIO\u00a0MATERIAL &#8211; BEM TOMBADO<\/b><\/p>\n<p align=\"center\"><b>Avenida Eud\u00f3xia Canedo<\/b><\/p>\n<p align=\"center\">Convidado para receber o\u00a0pr\u00eamio:<\/p>\n<p align=\"center\"><b>Sra. Eud\u00f3xia Augusta Can\u00eado Montesano<\/b><\/p>\n<p align=\"center\">\n<p align=\"center\">\n<p align=\"center\"><b>Categoria II:\u00a0PATRIM\u00d4NIO\u00a0MATERIAL &#8211; BEM INVENTARIADO<\/b><\/p>\n<p align=\"center\"><b>Col\u00e9gio Santa Marcelina<\/b><\/p>\n<p align=\"center\">Convidado para receber o\u00a0pr\u00eamio:<\/p>\n<p align=\"center\"><b>Ir. Carmen Maria Carneiro<\/b><\/p>\n<p align=\"center\">(Diretoria Administrativa e Pedag\u00f3gica)<\/p>\n<p align=\"center\">\n<p align=\"center\">\n<p align=\"center\">\n<p align=\"center\"><b>Categoria III:\u00a0PATRIM\u00d4NIO\u00a0IMATERIAL<\/b><\/p>\n<p align=\"center\"><b>Celebra\u00e7\u00e3o da Semana Santa em Muria\u00e9<\/b><\/p>\n<p align=\"center\">Convidado para receber o\u00a0pr\u00eamio:<\/p>\n<p align=\"center\"><b>Padre C\u00edcero Machado<\/b><\/p>\n<p align=\"center\">\n<p align=\"center\">\n<p align=\"center\"><b>Grupo Folcl\u00f3rico Santa Terezinha<\/b><\/p>\n<p align=\"center\">Convidado para receber o\u00a0pr\u00eamio:<\/p>\n<p align=\"center\"><b>Sra. Shirley Melo<\/b><\/p>\n<p align=\"center\">\n<p align=\"center\">\n<p align=\"center\"><b>Categoria IV: RESPONSABILIDADE SOCIAL<\/b><\/p>\n<p align=\"center\"><b>Hospital S\u00e3o Paulo<\/b><\/p>\n<p align=\"center\">Convidado para receber o\u00a0pr\u00eamio:<\/p>\n<p align=\"center\"><b>Sr. Messias Soares Vardiero<\/b><\/p>\n<p align=\"center\">\u00a0(Provedor)<\/p>\n<p align=\"center\">\n<p align=\"center\">\n<p align=\"center\">\n<p align=\"center\"><b>Categoria V: A\u00c7\u00d5ES EDUCATIVAS<\/b><\/p>\n<p align=\"center\"><b>Escola Pinguinho de Gente<\/b><\/p>\n<p align=\"center\">Convidado para receber o\u00a0pr\u00eamio:<\/p>\n<p align=\"center\">\u00a0<b>Sra. Maria L\u00facia de Castro Mayrink<\/b><\/p>\n<p><b>\u00a0<\/b><\/p>\n<p><b>Palestra do Professor MARCOS OLENDER \u2013 Professor da UFJF e Vice-Diretor de Patrim\u00f4nio do Departamento de Minas Gerais do Instituto de Arquitetos do Brasil.<\/b><\/p>\n<p><b>Local: Memorial Municipal &#8211; Pra\u00e7a Coronel Pacheco de Medeiros<\/b><\/p>\n<p><b>Hor\u00e1rio: 20h<\/b><\/p>\n<p>&nbsp;<\/p>\n<p><b>10 e 11 de setembro<\/b><\/p>\n<p>EXIBI\u00c7\u00c3O DO DOCUMENT\u00c1RIO &#8220;70 ANOS DE R\u00c1DIO&#8221;<\/p>\n<p>Local: Cinemateca Paulo Porto-Centro Cultural Grande Hotel Muriahe \u2013 Pra\u00e7a<\/p>\n<p>Jo\u00e3o Pinheiro \u2013 entrada franca<\/p>\n<p>Hor\u00e1rios: dia 10\/09 &#8211; 8h30 e 14h30<\/p>\n<p>11\/09 &#8211; 8h30<\/p>\n<p>&nbsp;<\/p>\n<p>13 de setembro<\/p>\n<p>APRESENTA\u00c7\u00c3O DO GRUPO FOLCL\u00d3RICO SANTA TEREZINHA<\/p>\n<p>Local: Coreto da Pra\u00e7a Jo\u00e3o Pinheiro<\/p>\n<p>Hor\u00e1rio: 10 horas da manh\u00e3.<\/p>\n","protected":false},"excerpt":{"rendered":"<p>Semana do Patrim\u00f4nio: Cultural de Muria\u00e9 \u2013 06 a 13 de setembro de 2014 \u201cA preserva\u00e7\u00e3o do nosso patrim\u00f4nio cultural promove a valoriza\u00e7\u00e3o e a consagra\u00e7\u00e3o daquilo que \u00e9 comum a determinado grupo social no tempo e no espa\u00e7o, possui significa\u00e7\u00f5es relevantes por ser parte da constru\u00e7\u00e3o hist\u00f3rica de um povo.\u201d Neste sentido, a Prefeitura [&hellip;]<\/p>\n","protected":false},"author":4,"featured_media":4948,"comment_status":"open","ping_status":"closed","sticky":false,"template":"","format":"standard","meta":{"_joinchat":[],"footnotes":""},"categories":[1],"tags":[],"class_list":["post-4947","post","type-post","status-publish","format-standard","has-post-thumbnail","hentry","category-sem-categoria"],"_links":{"self":[{"href":"http:\/\/folhadosudeste.com\/site\/index.php?rest_route=\/wp\/v2\/posts\/4947","targetHints":{"allow":["GET"]}}],"collection":[{"href":"http:\/\/folhadosudeste.com\/site\/index.php?rest_route=\/wp\/v2\/posts"}],"about":[{"href":"http:\/\/folhadosudeste.com\/site\/index.php?rest_route=\/wp\/v2\/types\/post"}],"author":[{"embeddable":true,"href":"http:\/\/folhadosudeste.com\/site\/index.php?rest_route=\/wp\/v2\/users\/4"}],"replies":[{"embeddable":true,"href":"http:\/\/folhadosudeste.com\/site\/index.php?rest_route=%2Fwp%2Fv2%2Fcomments&post=4947"}],"version-history":[{"count":2,"href":"http:\/\/folhadosudeste.com\/site\/index.php?rest_route=\/wp\/v2\/posts\/4947\/revisions"}],"predecessor-version":[{"id":4950,"href":"http:\/\/folhadosudeste.com\/site\/index.php?rest_route=\/wp\/v2\/posts\/4947\/revisions\/4950"}],"wp:featuredmedia":[{"embeddable":true,"href":"http:\/\/folhadosudeste.com\/site\/index.php?rest_route=\/wp\/v2\/media\/4948"}],"wp:attachment":[{"href":"http:\/\/folhadosudeste.com\/site\/index.php?rest_route=%2Fwp%2Fv2%2Fmedia&parent=4947"}],"wp:term":[{"taxonomy":"category","embeddable":true,"href":"http:\/\/folhadosudeste.com\/site\/index.php?rest_route=%2Fwp%2Fv2%2Fcategories&post=4947"},{"taxonomy":"post_tag","embeddable":true,"href":"http:\/\/folhadosudeste.com\/site\/index.php?rest_route=%2Fwp%2Fv2%2Ftags&post=4947"}],"curies":[{"name":"wp","href":"https:\/\/api.w.org\/{rel}","templated":true}]}}