{"id":49652,"date":"2018-02-06T18:54:06","date_gmt":"2018-02-06T18:54:06","guid":{"rendered":"http:\/\/folhadosudeste.com\/site\/?p=49652"},"modified":"2018-02-06T18:54:06","modified_gmt":"2018-02-06T18:54:06","slug":"palestra-leva-motivacao-para-apenados-que-atuam-na-prefeitura","status":"publish","type":"post","link":"http:\/\/folhadosudeste.com\/site\/?p=49652","title":{"rendered":"Palestra leva motiva\u00e7\u00e3o para apenados que atuam na Prefeitura"},"content":{"rendered":"<p align=\"center\"><a href=\"http:\/\/folhadosudeste.com\/site\/wp-content\/uploads\/2018\/02\/IMG_8745.jpg\"><img loading=\"lazy\" decoding=\"async\" class=\"aligncenter wp-image-49653 size-large\" src=\"http:\/\/folhadosudeste.com\/site\/wp-content\/uploads\/2018\/02\/IMG_8745-1024x678.jpg\" alt=\"\" width=\"620\" height=\"411\" srcset=\"http:\/\/folhadosudeste.com\/site\/wp-content\/uploads\/2018\/02\/IMG_8745-1024x678.jpg 1024w, http:\/\/folhadosudeste.com\/site\/wp-content\/uploads\/2018\/02\/IMG_8745-300x199.jpg 300w, http:\/\/folhadosudeste.com\/site\/wp-content\/uploads\/2018\/02\/IMG_8745-768x508.jpg 768w, http:\/\/folhadosudeste.com\/site\/wp-content\/uploads\/2018\/02\/IMG_8745.jpg 1500w\" sizes=\"auto, (max-width: 620px) 100vw, 620px\" \/><\/a><\/p>\n<p class=\"m_-5556038288905182911gmail-MsoNoSpacing\" style=\"text-align: justify;\" align=\"center\"><i>Conte\u00fado foi ministrado por professor e escritor reconhecido nacionalmente para incentivar trabalho dos presos e motiv\u00e1-los a buscar novas oportunidades<\/i><\/p>\n<p class=\"m_-5556038288905182911gmail-MsoNoSpacing\" style=\"text-align: justify;\" align=\"center\"><i>C<\/i>erca de 50 presos do regime semiaberto, que cumprem penas alternativas prestando servi\u00e7os na Prefeitura, participaram de uma palestra motivacional ministrada de forma gratuita pelo professor e escritor Fl\u00e1vio T\u00f3fani, conhecido como Tio Fl\u00e1vio. O evento aconteceu na manh\u00e3 desta segunda-feira (5), no Teatro Zaccaria Marques, e teve objetivo de incentivar o trabalho dos apenados e motiv\u00e1-los a buscar novas oportunidades ap\u00f3s cumprirem suas penas.<\/p>\n<p class=\"m_-5556038288905182911gmail-MsoNoSpacing\" style=\"text-align: justify;\">&nbsp;<\/p>\n<p class=\"m_-5556038288905182911gmail-MsoNoSpacing\" style=\"text-align: justify;\">A palestra aconteceu por iniciativa da Promotoria de Justi\u00e7a, com apoio da Prefeitura, que convidou o palestrante, o qual esteve na cidade no final de semana participando de eventos, para falar aos apenados. \u201cEm palestras como essas, levo a mensagem para eles entenderem que a mudan\u00e7a est\u00e1 neles pr\u00f3prios, na vontade de ampliar suas possibilidades e buscar caminhos diferentes, por mais dif\u00edcil que seja. Procuro mostrar que, al\u00e9m das pr\u00f3prias v\u00edtimas dos crimes, sofre a pr\u00f3pria fam\u00edlia do reeducando. \u00c9 essa dor que eu venho trazer para eles, para lembr\u00e1-los do quanto a fam\u00edlia chora pela aus\u00eancia deles em casa\u201d, conta Tio Fl\u00e1vio, que percorre o pa\u00eds fazendo palestras no sistema prisional e tamb\u00e9m em outras institui\u00e7\u00f5es.<\/p>\n<p class=\"m_-5556038288905182911gmail-MsoNoSpacing\" style=\"text-align: justify;\">&nbsp;<\/p>\n<p class=\"m_-5556038288905182911gmail-MsoNoSpacing\" style=\"text-align: justify;\">Esses apenados atuam na Prefeitura atrav\u00e9s de conv\u00eanio firmado entre a Administra\u00e7\u00e3o, o Minist\u00e9rio P\u00fablico e o Poder Judici\u00e1rio, permitindo que cumpram penas alternativas prestando servi\u00e7os aos muriaeenses. \u201cMomentos como esse s\u00e3o importantes para os reeducandos refletirem sobre a oportunidade de mudan\u00e7a\u201d, diz. \u201cA parceria entre poder p\u00fablico, MP e Judici\u00e1rio \u00e9 importante para que essas pessoas cumpram suas penas de forma correta, al\u00e9m de gerar benef\u00edcio para a popula\u00e7\u00e3o, atrav\u00e9s da presta\u00e7\u00e3o de servi\u00e7os como limpeza de locais p\u00fablicos\u201d, completa.<\/p>\n","protected":false},"excerpt":{"rendered":"<p>Conte\u00fado foi ministrado por professor e escritor reconhecido nacionalmente para incentivar trabalho dos presos e motiv\u00e1-los a buscar novas oportunidades Cerca de 50 presos do regime semiaberto, que cumprem penas alternativas prestando servi\u00e7os na Prefeitura, participaram de uma palestra motivacional ministrada de forma gratuita pelo professor e escritor Fl\u00e1vio T\u00f3fani, conhecido como Tio Fl\u00e1vio. O [&hellip;]<\/p>\n","protected":false},"author":6,"featured_media":49653,"comment_status":"open","ping_status":"closed","sticky":false,"template":"","format":"standard","meta":{"_joinchat":[],"footnotes":""},"categories":[1],"tags":[],"class_list":["post-49652","post","type-post","status-publish","format-standard","has-post-thumbnail","hentry","category-sem-categoria"],"_links":{"self":[{"href":"http:\/\/folhadosudeste.com\/site\/index.php?rest_route=\/wp\/v2\/posts\/49652","targetHints":{"allow":["GET"]}}],"collection":[{"href":"http:\/\/folhadosudeste.com\/site\/index.php?rest_route=\/wp\/v2\/posts"}],"about":[{"href":"http:\/\/folhadosudeste.com\/site\/index.php?rest_route=\/wp\/v2\/types\/post"}],"author":[{"embeddable":true,"href":"http:\/\/folhadosudeste.com\/site\/index.php?rest_route=\/wp\/v2\/users\/6"}],"replies":[{"embeddable":true,"href":"http:\/\/folhadosudeste.com\/site\/index.php?rest_route=%2Fwp%2Fv2%2Fcomments&post=49652"}],"version-history":[{"count":1,"href":"http:\/\/folhadosudeste.com\/site\/index.php?rest_route=\/wp\/v2\/posts\/49652\/revisions"}],"predecessor-version":[{"id":49654,"href":"http:\/\/folhadosudeste.com\/site\/index.php?rest_route=\/wp\/v2\/posts\/49652\/revisions\/49654"}],"wp:featuredmedia":[{"embeddable":true,"href":"http:\/\/folhadosudeste.com\/site\/index.php?rest_route=\/wp\/v2\/media\/49653"}],"wp:attachment":[{"href":"http:\/\/folhadosudeste.com\/site\/index.php?rest_route=%2Fwp%2Fv2%2Fmedia&parent=49652"}],"wp:term":[{"taxonomy":"category","embeddable":true,"href":"http:\/\/folhadosudeste.com\/site\/index.php?rest_route=%2Fwp%2Fv2%2Fcategories&post=49652"},{"taxonomy":"post_tag","embeddable":true,"href":"http:\/\/folhadosudeste.com\/site\/index.php?rest_route=%2Fwp%2Fv2%2Ftags&post=49652"}],"curies":[{"name":"wp","href":"https:\/\/api.w.org\/{rel}","templated":true}]}}