{"id":49660,"date":"2018-02-06T19:10:11","date_gmt":"2018-02-06T19:10:11","guid":{"rendered":"http:\/\/folhadosudeste.com\/site\/?p=49660"},"modified":"2018-02-06T19:11:39","modified_gmt":"2018-02-06T19:11:39","slug":"idosos-do-centro-de-convivencia-ganham-festa-de-carnaval","status":"publish","type":"post","link":"http:\/\/folhadosudeste.com\/site\/?p=49660","title":{"rendered":"Idosos do Centro de Conviv\u00eancia ganham festa de carnaval"},"content":{"rendered":"<p><a href=\"http:\/\/folhadosudeste.com\/site\/wp-content\/uploads\/2018\/02\/IMG_8668.jpg\"><img loading=\"lazy\" decoding=\"async\" class=\"aligncenter wp-image-49661 size-large\" src=\"http:\/\/folhadosudeste.com\/site\/wp-content\/uploads\/2018\/02\/IMG_8668-1024x712.jpg\" alt=\"\" width=\"620\" height=\"431\" srcset=\"http:\/\/folhadosudeste.com\/site\/wp-content\/uploads\/2018\/02\/IMG_8668-1024x712.jpg 1024w, http:\/\/folhadosudeste.com\/site\/wp-content\/uploads\/2018\/02\/IMG_8668-300x209.jpg 300w, http:\/\/folhadosudeste.com\/site\/wp-content\/uploads\/2018\/02\/IMG_8668-768x534.jpg 768w, http:\/\/folhadosudeste.com\/site\/wp-content\/uploads\/2018\/02\/IMG_8668.jpg 1500w\" sizes=\"auto, (max-width: 620px) 100vw, 620px\" \/><\/a><\/p>\n<p class=\"m_-7055301506230325099gmail-MsoNoSpacing\" style=\"text-align: justify;\"><i>No evento, foram eleitos Rei e Rainha da folia de 2018; institui\u00e7\u00e3o mantida pela Prefeitura oferece a\u00e7\u00f5es gratuitas para centenas de idosos<\/i><\/p>\n<p class=\"m_-7055301506230325099gmail-MsoNoSpacing\" style=\"text-align: justify;\">A folia tomou conta do Centro de Conviv\u00eancia para Idosos (CCI). Na tarde da \u00faltima sexta-feira (2), os integrantes da institui\u00e7\u00e3o, que \u00e9 mantida pela Prefeitura, dan\u00e7aram ao som das tradicionais marchinhas e m\u00fasicas carnavalescas. Na ocasi\u00e3o, tamb\u00e9m foram eleitos o Rei e a Rainha do Carnaval 2018 do Centro. O evento fez parte da programa\u00e7\u00e3o do \u201cEsquenta Muria\u00e9 2018\u201d, o pr\u00e9-carnaval da cidade, que aconteceu entre os dias 2 e 4 deste m\u00eas, oferecendo lazer e divers\u00e3o aos muriaeenses.<\/p>\n<p class=\"m_-7055301506230325099gmail-MsoNoSpacing\" style=\"text-align: justify;\">Al\u00e9m da m\u00fasica e da dan\u00e7a, um dos momentos que atraiu a aten\u00e7\u00e3o do p\u00fablico foi o desfile e a elei\u00e7\u00e3o do Rei e da Rainha do Carnaval 2018 da institui\u00e7\u00e3o. Vestidos a car\u00e1ter, os candidatos animaram ainda mais a festa. Ap\u00f3s vota\u00e7\u00e3o dos jurados, Alverina Albino, de 81 anos, e Jos\u00e9 Jorge do Prado, de 64 anos, foram escolhidos como representantes da \u201cFesta do Momo\u201d do CCI.<\/p>\n<p class=\"m_-7055301506230325099gmail-MsoNoSpacing\" style=\"text-align: justify;\">\u201cJ\u00e1 me vesti de baiana v\u00e1rias vezes no carnaval, mas essa \u00e9 a primeira vez que ganho um concurso. Estou muito feliz por ter sido eleita a Rainha do Carnaval de 2018 do Centro de Conviv\u00eancia para Idosos\u201d, comemora Alverina. \u201cFoi muito bom ter sido eleito Rei do Carnaval aqui do Centro. N\u00e3o esperava por isso. Gosto muito de carnaval e de dan\u00e7ar, e estou muito feliz com esse resultado\u201d, conta Jos\u00e9 Jorge.<\/p>\n<p>&nbsp;<\/p>\n<p class=\"m_-7055301506230325099gmail-MsoNoSpacing\" style=\"text-align: justify;\"><b>Centro de Conviv\u00eancia proporciona qualidade de vida para idosos muriaeenses<\/b><\/p>\n<p>&nbsp;<\/p>\n<p class=\"m_-7055301506230325099gmail-MsoNoSpacing\" style=\"text-align: justify;\">O Centro de Conviv\u00eancia para Idosos funciona de segunda a sexta-feira, de 12h \u00e0s 17h. Disponibiliza atendimento psicol\u00f3gico, assist\u00eancia social, oficina de pintura, atividade f\u00edsica e aulas de dan\u00e7a, capoeira e de alfabetiza\u00e7\u00e3o, para proporcionar lazer e qualidade de vida aos idosos frequentadores. Aos domingos, acontece o tradicional baile. Atualmente, possui cerca de 800 cadastrados.<\/p>\n<p class=\"m_-7055301506230325099gmail-MsoNoSpacing\" style=\"text-align: justify;\">&nbsp;<\/p>\n<p class=\"m_-7055301506230325099gmail-MsoNoSpacing\" style=\"text-align: justify;\">\u201cComemorar o carnaval no Centro de Conviv\u00eancia para Idosos \u00e9 uma tradi\u00e7\u00e3o, e eles gostam muito de participar. Por isso, preparamos essa festa com muito carinho, para que as pessoas da melhor idade possam ter momentos de resgate \u00e0s tradi\u00e7\u00f5es culturais e de divers\u00e3o, ainda mais nessa \u00e9poca de folia\u201d, afirma o prefeito Grego.<\/p>\n<p class=\"m_-7055301506230325099gmail-MsoNoSpacing\" style=\"text-align: justify;\"><b>&nbsp;<\/b><\/p>\n<p class=\"m_-7055301506230325099gmail-MsoNoSpacing\" style=\"text-align: justify;\"><b>Servi\u00e7o:<\/b><\/p>\n<p class=\"m_-7055301506230325099gmail-MsoNoSpacing\" style=\"text-align: justify;\"><b>Centro de C<a name=\"m_-7055301506230325099__GoBack\"><\/a>onviv\u00eancia para Idosos:<\/b><\/p>\n<p class=\"m_-7055301506230325099gmail-MsoNoSpacing\" style=\"text-align: justify;\">Local: Pra\u00e7a Jo\u00e3o Pinheiro, Centro<\/p>\n<p class=\"m_-7055301506230325099gmail-MsoNoSpacing\" style=\"text-align: justify;\">Dias de funcionamento: de segunda a sexta-feira<\/p>\n<p class=\"m_-7055301506230325099gmail-MsoNoSpacing\" style=\"text-align: justify;\">Hor\u00e1rio de funcionamento: de 12h \u00e0s 17h<\/p>\n<p class=\"m_-7055301506230325099gmail-MsoNoSpacing\" style=\"text-align: justify;\">Telefone: 3729-1263<\/p>\n<p class=\"m_-7055301506230325099gmail-MsoNoSpacing\" style=\"text-align: justify;\">Quem pode participar: idosos a partir de 60 anos<\/p>\n<p class=\"m_-7055301506230325099gmail-MsoNoSpacing\" style=\"text-align: justify;\">Documentos para fazer o cadastro: Carteira de Identidade, CPF, Cart\u00e3o do SUS e comprovante de resid\u00eancia<\/p>\n<p class=\"m_-7055301506230325099gmail-MsoNoSpacing\" style=\"text-align: justify;\">Os servi\u00e7os oferecidos s\u00e3o gratuitos<\/p>\n","protected":false},"excerpt":{"rendered":"<p>No evento, foram eleitos Rei e Rainha da folia de 2018; institui\u00e7\u00e3o mantida pela Prefeitura oferece a\u00e7\u00f5es gratuitas para centenas de idosos A folia tomou conta do Centro de Conviv\u00eancia para Idosos (CCI). Na tarde da \u00faltima sexta-feira (2), os integrantes da institui\u00e7\u00e3o, que \u00e9 mantida pela Prefeitura, dan\u00e7aram ao som das tradicionais marchinhas e [&hellip;]<\/p>\n","protected":false},"author":6,"featured_media":49661,"comment_status":"open","ping_status":"closed","sticky":false,"template":"","format":"standard","meta":{"_joinchat":[],"footnotes":""},"categories":[1],"tags":[],"class_list":["post-49660","post","type-post","status-publish","format-standard","has-post-thumbnail","hentry","category-sem-categoria"],"_links":{"self":[{"href":"http:\/\/folhadosudeste.com\/site\/index.php?rest_route=\/wp\/v2\/posts\/49660","targetHints":{"allow":["GET"]}}],"collection":[{"href":"http:\/\/folhadosudeste.com\/site\/index.php?rest_route=\/wp\/v2\/posts"}],"about":[{"href":"http:\/\/folhadosudeste.com\/site\/index.php?rest_route=\/wp\/v2\/types\/post"}],"author":[{"embeddable":true,"href":"http:\/\/folhadosudeste.com\/site\/index.php?rest_route=\/wp\/v2\/users\/6"}],"replies":[{"embeddable":true,"href":"http:\/\/folhadosudeste.com\/site\/index.php?rest_route=%2Fwp%2Fv2%2Fcomments&post=49660"}],"version-history":[{"count":2,"href":"http:\/\/folhadosudeste.com\/site\/index.php?rest_route=\/wp\/v2\/posts\/49660\/revisions"}],"predecessor-version":[{"id":49663,"href":"http:\/\/folhadosudeste.com\/site\/index.php?rest_route=\/wp\/v2\/posts\/49660\/revisions\/49663"}],"wp:featuredmedia":[{"embeddable":true,"href":"http:\/\/folhadosudeste.com\/site\/index.php?rest_route=\/wp\/v2\/media\/49661"}],"wp:attachment":[{"href":"http:\/\/folhadosudeste.com\/site\/index.php?rest_route=%2Fwp%2Fv2%2Fmedia&parent=49660"}],"wp:term":[{"taxonomy":"category","embeddable":true,"href":"http:\/\/folhadosudeste.com\/site\/index.php?rest_route=%2Fwp%2Fv2%2Fcategories&post=49660"},{"taxonomy":"post_tag","embeddable":true,"href":"http:\/\/folhadosudeste.com\/site\/index.php?rest_route=%2Fwp%2Fv2%2Ftags&post=49660"}],"curies":[{"name":"wp","href":"https:\/\/api.w.org\/{rel}","templated":true}]}}