{"id":49743,"date":"2018-02-09T12:45:27","date_gmt":"2018-02-09T12:45:27","guid":{"rendered":"http:\/\/folhadosudeste.com\/site\/?p=49743"},"modified":"2018-02-09T12:45:27","modified_gmt":"2018-02-09T12:45:27","slug":"esquenta-muriae-atrai-milhares-de-pessoas-e-encanta-folioes","status":"publish","type":"post","link":"http:\/\/folhadosudeste.com\/site\/?p=49743","title":{"rendered":"&#8216;ESQUENTA, MURIA\u00c9&#8217; ATRAI MILHARES DE PESSOAS E ENCANTA FOLI\u00d5ES"},"content":{"rendered":"<p style=\"text-align: justify;\"><a href=\"http:\/\/folhadosudeste.com\/site\/wp-content\/uploads\/2018\/02\/ESQUENTA-MURIA\u00c9.jpg\"><img loading=\"lazy\" decoding=\"async\" class=\"aligncenter size-full wp-image-49744\" src=\"http:\/\/folhadosudeste.com\/site\/wp-content\/uploads\/2018\/02\/ESQUENTA-MURIA\u00c9.jpg\" alt=\"\" width=\"620\" height=\"230\" srcset=\"http:\/\/folhadosudeste.com\/site\/wp-content\/uploads\/2018\/02\/ESQUENTA-MURIA\u00c9.jpg 620w, http:\/\/folhadosudeste.com\/site\/wp-content\/uploads\/2018\/02\/ESQUENTA-MURIA\u00c9-300x111.jpg 300w\" sizes=\"auto, (max-width: 620px) 100vw, 620px\" \/><\/a><\/p>\n<p style=\"text-align: justify;\"><strong><em>Desfiles, shows e blocos animaram a cidade em pr\u00e9-carnaval realizado pela Prefeitura; festa ocorreu com tranquilidade e n\u00e3o teve casos de viol\u00eancia<\/em><\/strong><\/p>\n<p style=\"text-align: justify;\">&nbsp;&nbsp;&nbsp;&nbsp;&nbsp;&nbsp;&nbsp;&nbsp;&nbsp;&nbsp;&nbsp; Pelo segundo ano seguido, o pr\u00e9-carnaval \u201cEsquenta, Muria\u00e9\u201d agitou a Pra\u00e7a Jo\u00e3o Pinheiro. A festa foi promovida pela Prefeitura, por meio da Fundarte, e aconteceu de 2 a 4 de fevereiro, com programa\u00e7\u00e3o diversificada que levou alegria, cultura e lazer para os muriaeenses de todas as idades. A seguran\u00e7a para os foli\u00f5es tamb\u00e9m esteve garantida, sem qualquer registro de viol\u00eancia durante os tr\u00eas dias de evento.<\/p>\n<p style=\"text-align: justify;\">&nbsp;&nbsp;&nbsp;&nbsp;&nbsp;&nbsp;&nbsp;&nbsp;&nbsp;&nbsp;&nbsp; As cinco escolas de samba &#8211; Canarinhos do Samba (Planalto), Marambloco (Padre Tiago), Papagaio (Aeroporto), Unidos do Santa Terezinha e Unidos do S\u00e3o Joaquim &#8211; se mostraram ainda mais luxuosas e organizadas que no ano passado. Cada uma contou com centenas de participantes e, com enredos em homenagem a tradi\u00e7\u00f5es brasileiras e muriaeenses, encantou as milhares de pessoas que acompanharam os desfiles. &#8220;Todas as agremia\u00e7\u00f5es est\u00e3o de parab\u00e9ns pelo empenho, anima\u00e7\u00e3o e beleza que mostraram na passarela. O &#8216;Esquenta&#8217; se consolida como um dos principais pr\u00e9-carnavais da regi\u00e3o, e tenho certeza de que no pr\u00f3ximo ano a festa ser\u00e1 ainda melhor&#8221;, exalta o prefeito Grego. Al\u00e9m dos desfiles, o evento tamb\u00e9m teve shows no encerramento de todas as noites e atividades especiais para idosos e crian\u00e7as ao som da banda Sociedade Musical Uni\u00e3o dos Artistas.<\/p>\n<p style=\"text-align: justify;\">&nbsp;&nbsp;&nbsp;&nbsp;&nbsp;&nbsp;&nbsp;&nbsp;&nbsp;&nbsp;&nbsp; Paralelamente \u00e0 festa oficial da Prefeitura, blocos organizados por bares da cidade levaram o samba para diferentes pontos de Muria\u00e9. No Centro, o Bloco da Mangua\u00e7a saiu da Arma\u00e7\u00e3o e tomou conta da Pra\u00e7a Coronel Pacheco de Medeiros, com participa\u00e7\u00e3o da Imperatriz Leopoldinense; na Barra, o destaque foi o Vira-Lata, que desfilou at\u00e9 o Parque de Exposi\u00e7\u00f5es; j\u00e1 no S\u00e3o Francisco, a folia ficou por conta do Bloco B-Binha, que animou as ruas do bairro. Todos foram promovidos por meio de edital de chamamento p\u00fablico lan\u00e7ado pela Fundarte.<\/p>\n<p style=\"text-align: justify;\"><strong><em>Investimentos garantem seguran\u00e7a para foli\u00f5es<\/em><\/strong><\/p>\n<p style=\"text-align: justify;\">&nbsp;&nbsp;&nbsp;&nbsp;&nbsp;&nbsp;&nbsp;&nbsp;&nbsp;&nbsp;&nbsp; De acordo com a Pol\u00edcia Militar, n\u00e3o foi registrada qualquer ocorr\u00eancia relacionada a viol\u00eancia durante o pr\u00e9-carnaval. O resultado positivo foi fruto dos investimentos feitos pela Prefeitura para garantir seguran\u00e7a aos participantes da festa. Al\u00e9m do apoio efetivo do Corpo de Bombeiros e das pol\u00edcias Civil e Militar, as a\u00e7\u00f5es inclu\u00edram melhoria da ilumina\u00e7\u00e3o na regi\u00e3o da pra\u00e7a, aux\u00edlio das c\u00e2meras de videomonitoramento para inibir a criminalidade e contrata\u00e7\u00e3o de equipes especializadas para prote\u00e7\u00e3o ao patrim\u00f4nio p\u00fablico.<\/p>\n<p>[ngg_images source=&#8221;galleries&#8221; container_ids=&#8221;1253&#8243; display_type=&#8221;photocrati-nextgen_basic_thumbnails&#8221; override_thumbnail_settings=&#8221;0&#8243; thumbnail_width=&#8221;100&#8243; thumbnail_height=&#8221;75&#8243; thumbnail_crop=&#8221;1&#8243; images_per_page=&#8221;0&#8243; number_of_columns=&#8221;0&#8243; ajax_pagination=&#8221;0&#8243; show_all_in_lightbox=&#8221;0&#8243; use_imagebrowser_effect=&#8221;0&#8243; show_slideshow_link=&#8221;1&#8243; slideshow_link_text=&#8221;[Show as slideshow]&#8221; order_by=&#8221;sortorder&#8221; order_direction=&#8221;ASC&#8221; returns=&#8221;included&#8221; maximum_entity_count=&#8221;500&#8243;]<\/p>\n","protected":false},"excerpt":{"rendered":"<p>Desfiles, shows e blocos animaram a cidade em pr\u00e9-carnaval realizado pela Prefeitura; festa ocorreu com tranquilidade e n\u00e3o teve casos de viol\u00eancia &nbsp;&nbsp;&nbsp;&nbsp;&nbsp;&nbsp;&nbsp;&nbsp;&nbsp;&nbsp;&nbsp; Pelo segundo ano seguido, o pr\u00e9-carnaval \u201cEsquenta, Muria\u00e9\u201d agitou a Pra\u00e7a Jo\u00e3o Pinheiro. A festa foi promovida pela Prefeitura, por meio da Fundarte, e aconteceu de 2 a 4 de fevereiro, com [&hellip;]<\/p>\n","protected":false},"author":2,"featured_media":49744,"comment_status":"open","ping_status":"closed","sticky":false,"template":"","format":"standard","meta":{"_joinchat":[],"footnotes":""},"categories":[1],"tags":[],"class_list":["post-49743","post","type-post","status-publish","format-standard","has-post-thumbnail","hentry","category-sem-categoria"],"_links":{"self":[{"href":"http:\/\/folhadosudeste.com\/site\/index.php?rest_route=\/wp\/v2\/posts\/49743","targetHints":{"allow":["GET"]}}],"collection":[{"href":"http:\/\/folhadosudeste.com\/site\/index.php?rest_route=\/wp\/v2\/posts"}],"about":[{"href":"http:\/\/folhadosudeste.com\/site\/index.php?rest_route=\/wp\/v2\/types\/post"}],"author":[{"embeddable":true,"href":"http:\/\/folhadosudeste.com\/site\/index.php?rest_route=\/wp\/v2\/users\/2"}],"replies":[{"embeddable":true,"href":"http:\/\/folhadosudeste.com\/site\/index.php?rest_route=%2Fwp%2Fv2%2Fcomments&post=49743"}],"version-history":[{"count":1,"href":"http:\/\/folhadosudeste.com\/site\/index.php?rest_route=\/wp\/v2\/posts\/49743\/revisions"}],"predecessor-version":[{"id":49763,"href":"http:\/\/folhadosudeste.com\/site\/index.php?rest_route=\/wp\/v2\/posts\/49743\/revisions\/49763"}],"wp:featuredmedia":[{"embeddable":true,"href":"http:\/\/folhadosudeste.com\/site\/index.php?rest_route=\/wp\/v2\/media\/49744"}],"wp:attachment":[{"href":"http:\/\/folhadosudeste.com\/site\/index.php?rest_route=%2Fwp%2Fv2%2Fmedia&parent=49743"}],"wp:term":[{"taxonomy":"category","embeddable":true,"href":"http:\/\/folhadosudeste.com\/site\/index.php?rest_route=%2Fwp%2Fv2%2Fcategories&post=49743"},{"taxonomy":"post_tag","embeddable":true,"href":"http:\/\/folhadosudeste.com\/site\/index.php?rest_route=%2Fwp%2Fv2%2Ftags&post=49743"}],"curies":[{"name":"wp","href":"https:\/\/api.w.org\/{rel}","templated":true}]}}