{"id":49764,"date":"2018-02-09T12:46:30","date_gmt":"2018-02-09T12:46:30","guid":{"rendered":"http:\/\/folhadosudeste.com\/site\/?p=49764"},"modified":"2018-02-09T12:46:30","modified_gmt":"2018-02-09T12:46:30","slug":"associacao-do-bairro-da-barra","status":"publish","type":"post","link":"http:\/\/folhadosudeste.com\/site\/?p=49764","title":{"rendered":"ASSOCIA\u00c7\u00c3O DO BAIRRO DA BARRA"},"content":{"rendered":"<p style=\"text-align: justify;\"><a href=\"http:\/\/folhadosudeste.com\/site\/wp-content\/uploads\/2018\/02\/SR-ANTONIO.jpeg\"><img loading=\"lazy\" decoding=\"async\" class=\"aligncenter size-full wp-image-49765\" src=\"http:\/\/folhadosudeste.com\/site\/wp-content\/uploads\/2018\/02\/SR-ANTONIO.jpeg\" alt=\"\" width=\"620\" height=\"769\" srcset=\"http:\/\/folhadosudeste.com\/site\/wp-content\/uploads\/2018\/02\/SR-ANTONIO.jpeg 620w, http:\/\/folhadosudeste.com\/site\/wp-content\/uploads\/2018\/02\/SR-ANTONIO-242x300.jpeg 242w\" sizes=\"auto, (max-width: 620px) 100vw, 620px\" \/><\/a><\/p>\n<p style=\"text-align: justify;\">Sendo presidente interino, Ant\u00f4nio de Lima, no dia 7 de fevereiro deste ano, deu a posse \u00e0 nova presidenta, Sra. Nilda Dantes, para o Bi\u00eanio 2018\/2020, conforme o n\u00famero da Ata da Associa\u00e7\u00e3o no CGC\/MF, sobre n\u00famero 21276.340\/001.10, Lei N\u00famero 1.994\/96. Consta tamb\u00e9m que o Livro da Ata desta Associa\u00e7\u00e3o junto com a Receita Federal, registrada por mim, em pessoa, C\u00f3digo do Comprovante: 4DB.5.2994.EE9 B.AAFO.<\/p>\n<p style=\"text-align: justify;\">Ant\u00f4nio de Lima, Presidente Interino, de 1\u00ba de janeiro de 2016 a 6 de fevereiro de 2018. Muria\u00e9 MG.<\/p>\n","protected":false},"excerpt":{"rendered":"<p>Sendo presidente interino, Ant\u00f4nio de Lima, no dia 7 de fevereiro deste ano, deu a posse \u00e0 nova presidenta, Sra. Nilda Dantes, para o Bi\u00eanio 2018\/2020, conforme o n\u00famero da Ata da Associa\u00e7\u00e3o no CGC\/MF, sobre n\u00famero 21276.340\/001.10, Lei N\u00famero 1.994\/96. Consta tamb\u00e9m que o Livro da Ata desta Associa\u00e7\u00e3o junto com a Receita Federal, [&hellip;]<\/p>\n","protected":false},"author":2,"featured_media":49765,"comment_status":"open","ping_status":"closed","sticky":false,"template":"","format":"standard","meta":{"_joinchat":[],"footnotes":""},"categories":[1],"tags":[],"class_list":["post-49764","post","type-post","status-publish","format-standard","has-post-thumbnail","hentry","category-sem-categoria"],"_links":{"self":[{"href":"http:\/\/folhadosudeste.com\/site\/index.php?rest_route=\/wp\/v2\/posts\/49764","targetHints":{"allow":["GET"]}}],"collection":[{"href":"http:\/\/folhadosudeste.com\/site\/index.php?rest_route=\/wp\/v2\/posts"}],"about":[{"href":"http:\/\/folhadosudeste.com\/site\/index.php?rest_route=\/wp\/v2\/types\/post"}],"author":[{"embeddable":true,"href":"http:\/\/folhadosudeste.com\/site\/index.php?rest_route=\/wp\/v2\/users\/2"}],"replies":[{"embeddable":true,"href":"http:\/\/folhadosudeste.com\/site\/index.php?rest_route=%2Fwp%2Fv2%2Fcomments&post=49764"}],"version-history":[{"count":1,"href":"http:\/\/folhadosudeste.com\/site\/index.php?rest_route=\/wp\/v2\/posts\/49764\/revisions"}],"predecessor-version":[{"id":49766,"href":"http:\/\/folhadosudeste.com\/site\/index.php?rest_route=\/wp\/v2\/posts\/49764\/revisions\/49766"}],"wp:featuredmedia":[{"embeddable":true,"href":"http:\/\/folhadosudeste.com\/site\/index.php?rest_route=\/wp\/v2\/media\/49765"}],"wp:attachment":[{"href":"http:\/\/folhadosudeste.com\/site\/index.php?rest_route=%2Fwp%2Fv2%2Fmedia&parent=49764"}],"wp:term":[{"taxonomy":"category","embeddable":true,"href":"http:\/\/folhadosudeste.com\/site\/index.php?rest_route=%2Fwp%2Fv2%2Fcategories&post=49764"},{"taxonomy":"post_tag","embeddable":true,"href":"http:\/\/folhadosudeste.com\/site\/index.php?rest_route=%2Fwp%2Fv2%2Ftags&post=49764"}],"curies":[{"name":"wp","href":"https:\/\/api.w.org\/{rel}","templated":true}]}}