{"id":4989,"date":"2014-09-12T18:34:52","date_gmt":"2014-09-12T18:34:52","guid":{"rendered":"http:\/\/folhadosudeste.com\/site\/?p=4989"},"modified":"2014-09-12T18:34:52","modified_gmt":"2014-09-12T18:34:52","slug":"antonio-augusto-canedo-mais-uma-vez-e-homenageado-no-dia-do-muriaeense","status":"publish","type":"post","link":"http:\/\/folhadosudeste.com\/site\/?p=4989","title":{"rendered":"Ant\u00f4nio Augusto Can\u00eado mais uma vez \u00e9 homenageado no Dia do Muriaeense"},"content":{"rendered":"<p><a href=\"http:\/\/folhadosudeste.com\/site\/wp-content\/uploads\/2014\/09\/DSC_0157.jpg\"><img loading=\"lazy\" decoding=\"async\" class=\"aligncenter size-full wp-image-5015\" alt=\"DSC_0157\" src=\"http:\/\/folhadosudeste.com\/site\/wp-content\/uploads\/2014\/09\/DSC_0157.jpg\" width=\"800\" height=\"533\" srcset=\"http:\/\/folhadosudeste.com\/site\/wp-content\/uploads\/2014\/09\/DSC_0157.jpg 800w, http:\/\/folhadosudeste.com\/site\/wp-content\/uploads\/2014\/09\/DSC_0157-300x199.jpg 300w\" sizes=\"auto, (max-width: 800px) 100vw, 800px\" \/><\/a> <a href=\"http:\/\/folhadosudeste.com\/site\/wp-content\/uploads\/2014\/09\/DSC_0038.jpg\"><img loading=\"lazy\" decoding=\"async\" class=\"aligncenter size-full wp-image-5016\" alt=\"DSC_0038\" src=\"http:\/\/folhadosudeste.com\/site\/wp-content\/uploads\/2014\/09\/DSC_0038.jpg\" width=\"800\" height=\"533\" srcset=\"http:\/\/folhadosudeste.com\/site\/wp-content\/uploads\/2014\/09\/DSC_0038.jpg 800w, http:\/\/folhadosudeste.com\/site\/wp-content\/uploads\/2014\/09\/DSC_0038-300x199.jpg 300w\" sizes=\"auto, (max-width: 800px) 100vw, 800px\" \/><\/a><\/p>\n<p><b>Ant\u00f4nio Augusto Can\u00eado mais uma vez \u00e9 homenageado no Dia do Muriaeense<\/b><\/p>\n<p>A abertura oficial das festividades de comemora\u00e7\u00e3o referentes ao Dia do Muriaeense, no \u00faltimo s\u00e1bado (6), aconteceu mais uma vez na Escola Municipal Doutor Ant\u00f4nio Can\u00eado, que leva o nome do patrono que instituiu a data oficial para os muriaeenses festejarem. Na ocasi\u00e3o, estiveram presentes o prefeito Aloysio Aquino e a secret\u00e1ria municipal de Educa\u00e7\u00e3o, Maria Cristina Navarro, os quais relembraram os tempos em que estudavam naquela institui\u00e7\u00e3o. Tamb\u00e9m participaram da solenidade&#8230;\u00a0Saiba mais no Jornal Folha do Sudeste edi\u00e7\u00e3o 627, nas bancas a partir desse final de semana.[dopwgg id=&#8221;416&#8243;]<\/p>\n","protected":false},"excerpt":{"rendered":"<p>Ant\u00f4nio Augusto Can\u00eado mais uma vez \u00e9 homenageado no Dia do Muriaeense A abertura oficial das festividades de comemora\u00e7\u00e3o referentes ao Dia do Muriaeense, no \u00faltimo s\u00e1bado (6), aconteceu mais uma vez na Escola Municipal Doutor Ant\u00f4nio Can\u00eado, que leva o nome do patrono que instituiu a data oficial para os muriaeenses festejarem. Na ocasi\u00e3o, [&hellip;]<\/p>\n","protected":false},"author":4,"featured_media":5016,"comment_status":"open","ping_status":"closed","sticky":false,"template":"","format":"standard","meta":{"_joinchat":[],"footnotes":""},"categories":[1],"tags":[],"class_list":["post-4989","post","type-post","status-publish","format-standard","has-post-thumbnail","hentry","category-sem-categoria"],"_links":{"self":[{"href":"http:\/\/folhadosudeste.com\/site\/index.php?rest_route=\/wp\/v2\/posts\/4989","targetHints":{"allow":["GET"]}}],"collection":[{"href":"http:\/\/folhadosudeste.com\/site\/index.php?rest_route=\/wp\/v2\/posts"}],"about":[{"href":"http:\/\/folhadosudeste.com\/site\/index.php?rest_route=\/wp\/v2\/types\/post"}],"author":[{"embeddable":true,"href":"http:\/\/folhadosudeste.com\/site\/index.php?rest_route=\/wp\/v2\/users\/4"}],"replies":[{"embeddable":true,"href":"http:\/\/folhadosudeste.com\/site\/index.php?rest_route=%2Fwp%2Fv2%2Fcomments&post=4989"}],"version-history":[{"count":2,"href":"http:\/\/folhadosudeste.com\/site\/index.php?rest_route=\/wp\/v2\/posts\/4989\/revisions"}],"predecessor-version":[{"id":5017,"href":"http:\/\/folhadosudeste.com\/site\/index.php?rest_route=\/wp\/v2\/posts\/4989\/revisions\/5017"}],"wp:featuredmedia":[{"embeddable":true,"href":"http:\/\/folhadosudeste.com\/site\/index.php?rest_route=\/wp\/v2\/media\/5016"}],"wp:attachment":[{"href":"http:\/\/folhadosudeste.com\/site\/index.php?rest_route=%2Fwp%2Fv2%2Fmedia&parent=4989"}],"wp:term":[{"taxonomy":"category","embeddable":true,"href":"http:\/\/folhadosudeste.com\/site\/index.php?rest_route=%2Fwp%2Fv2%2Fcategories&post=4989"},{"taxonomy":"post_tag","embeddable":true,"href":"http:\/\/folhadosudeste.com\/site\/index.php?rest_route=%2Fwp%2Fv2%2Ftags&post=4989"}],"curies":[{"name":"wp","href":"https:\/\/api.w.org\/{rel}","templated":true}]}}