{"id":4993,"date":"2014-09-12T18:24:32","date_gmt":"2014-09-12T18:24:32","guid":{"rendered":"http:\/\/folhadosudeste.com\/site\/?p=4993"},"modified":"2014-09-12T18:24:32","modified_gmt":"2014-09-12T18:24:32","slug":"tenente-coronel-nazario-comemora-aniversario-no-serra-do-sol","status":"publish","type":"post","link":"http:\/\/folhadosudeste.com\/site\/?p=4993","title":{"rendered":"Tenente Coronel Naz\u00e1rio comemora anivers\u00e1rio no Serra do Sol"},"content":{"rendered":"<p style=\"text-align: justify;\"><a href=\"http:\/\/folhadosudeste.com\/site\/wp-content\/uploads\/2014\/09\/DSC_0114.jpg\"><img loading=\"lazy\" decoding=\"async\" class=\"aligncenter size-full wp-image-5010\" alt=\"DSC_0114\" src=\"http:\/\/folhadosudeste.com\/site\/wp-content\/uploads\/2014\/09\/DSC_0114.jpg\" width=\"800\" height=\"533\" srcset=\"http:\/\/folhadosudeste.com\/site\/wp-content\/uploads\/2014\/09\/DSC_0114.jpg 800w, http:\/\/folhadosudeste.com\/site\/wp-content\/uploads\/2014\/09\/DSC_0114-300x199.jpg 300w\" sizes=\"auto, (max-width: 800px) 100vw, 800px\" \/><\/a><\/p>\n<p style=\"text-align: justify;\"><b>Tenente Coronel Naz\u00e1rio comemora anivers\u00e1rio no Serra do Sol<\/b><\/p>\n<p style=\"text-align: justify;\">O Tenente Coronel Naz\u00e1rio mostrou mais uma vez o quanto \u00e9 querido na cidade de Muria\u00e9. Assim como ano passado, ele celebrou seu anivers\u00e1rio (11 de setembro) na \u00faltima quarta (10), em alto estilo, com um almo\u00e7o no Restaurante e Churrascaria Serra do Sol, com a presen\u00e7a de seus amigos, familiares e companheiros que aprenderam a admirar a pessoa e profissional que representa. O 47\u00ba Batalh\u00e3o de Pol\u00edcia Militar (47\u00ba BPM &#8211; Muria\u00e9), para o qual presta servi\u00e7os, repassou um cart\u00e3o comemorativo com os seguintes dizeres:&#8230; Saiba mais no Jornal Folha do Sudeste edi\u00e7\u00e3o 627, nas bancas a partir desse final de semana.[dopwgg id=&#8221;420&#8243;]<\/p>\n","protected":false},"excerpt":{"rendered":"<p>Tenente Coronel Naz\u00e1rio comemora anivers\u00e1rio no Serra do Sol O Tenente Coronel Naz\u00e1rio mostrou mais uma vez o quanto \u00e9 querido na cidade de Muria\u00e9. Assim como ano passado, ele celebrou seu anivers\u00e1rio (11 de setembro) na \u00faltima quarta (10), em alto estilo, com um almo\u00e7o no Restaurante e Churrascaria Serra do Sol, com a [&hellip;]<\/p>\n","protected":false},"author":4,"featured_media":5010,"comment_status":"open","ping_status":"closed","sticky":false,"template":"","format":"standard","meta":{"_joinchat":[],"footnotes":""},"categories":[1],"tags":[],"class_list":["post-4993","post","type-post","status-publish","format-standard","has-post-thumbnail","hentry","category-sem-categoria"],"_links":{"self":[{"href":"http:\/\/folhadosudeste.com\/site\/index.php?rest_route=\/wp\/v2\/posts\/4993","targetHints":{"allow":["GET"]}}],"collection":[{"href":"http:\/\/folhadosudeste.com\/site\/index.php?rest_route=\/wp\/v2\/posts"}],"about":[{"href":"http:\/\/folhadosudeste.com\/site\/index.php?rest_route=\/wp\/v2\/types\/post"}],"author":[{"embeddable":true,"href":"http:\/\/folhadosudeste.com\/site\/index.php?rest_route=\/wp\/v2\/users\/4"}],"replies":[{"embeddable":true,"href":"http:\/\/folhadosudeste.com\/site\/index.php?rest_route=%2Fwp%2Fv2%2Fcomments&post=4993"}],"version-history":[{"count":2,"href":"http:\/\/folhadosudeste.com\/site\/index.php?rest_route=\/wp\/v2\/posts\/4993\/revisions"}],"predecessor-version":[{"id":5011,"href":"http:\/\/folhadosudeste.com\/site\/index.php?rest_route=\/wp\/v2\/posts\/4993\/revisions\/5011"}],"wp:featuredmedia":[{"embeddable":true,"href":"http:\/\/folhadosudeste.com\/site\/index.php?rest_route=\/wp\/v2\/media\/5010"}],"wp:attachment":[{"href":"http:\/\/folhadosudeste.com\/site\/index.php?rest_route=%2Fwp%2Fv2%2Fmedia&parent=4993"}],"wp:term":[{"taxonomy":"category","embeddable":true,"href":"http:\/\/folhadosudeste.com\/site\/index.php?rest_route=%2Fwp%2Fv2%2Fcategories&post=4993"},{"taxonomy":"post_tag","embeddable":true,"href":"http:\/\/folhadosudeste.com\/site\/index.php?rest_route=%2Fwp%2Fv2%2Ftags&post=4993"}],"curies":[{"name":"wp","href":"https:\/\/api.w.org\/{rel}","templated":true}]}}