{"id":4997,"date":"2014-09-12T18:12:45","date_gmt":"2014-09-12T18:12:45","guid":{"rendered":"http:\/\/folhadosudeste.com\/site\/?p=4997"},"modified":"2014-09-12T18:12:45","modified_gmt":"2014-09-12T18:12:45","slug":"muriae-tem-semana-festiva-com-varias-comemoracoes","status":"publish","type":"post","link":"http:\/\/folhadosudeste.com\/site\/?p=4997","title":{"rendered":"Muria\u00e9 tem semana festiva com v\u00e1rias comemora\u00e7\u00f5es"},"content":{"rendered":"<p><a href=\"http:\/\/folhadosudeste.com\/site\/wp-content\/uploads\/2014\/09\/DSC_00191.jpg\"><img loading=\"lazy\" decoding=\"async\" class=\"aligncenter size-full wp-image-5005\" alt=\"DSC_0019\" src=\"http:\/\/folhadosudeste.com\/site\/wp-content\/uploads\/2014\/09\/DSC_00191.jpg\" width=\"800\" height=\"533\" srcset=\"http:\/\/folhadosudeste.com\/site\/wp-content\/uploads\/2014\/09\/DSC_00191.jpg 800w, http:\/\/folhadosudeste.com\/site\/wp-content\/uploads\/2014\/09\/DSC_00191-300x199.jpg 300w\" sizes=\"auto, (max-width: 800px) 100vw, 800px\" \/><\/a><\/p>\n<p><b>Muria\u00e9 tem semana festiva com v\u00e1rias comemora\u00e7\u00f5es<\/b><\/p>\n<p>&nbsp;<\/p>\n<p>O munic\u00edpio de Muria\u00e9 esteve em festa na \u00faltima semana, ocasi\u00e3o em que recebeu milhares de visitantes para as comemora\u00e7\u00f5es da cidade. Grande p\u00fablico prestigiou, entre os dias 4 e 7 de setembro, a 59\u00aa edi\u00e7\u00e3o da Exposi\u00e7\u00e3o Agropecu\u00e1ria, Comercial e Industrial, que teve entrada franca, parque de divers\u00f5es, barraquinhas, pavilh\u00f5es de exposi\u00e7\u00f5es e os shows de Pequeno John, Humberto &amp; Ronaldo, Molejo e Os Mulekes, al\u00e9m de bandas locais e shows gospel \/ religiosos.<\/p>\n<p>No dia 6, foram realizadas as tradicionais homenagens da C\u00e2mara, com entrega de t\u00edtulos a personalidades de destaque em nossa cidade, cuja solenidade foi realizada no Anfiteatro Santa Marcelina. Mas a programa\u00e7\u00e3o foi oficialmente aberta com a tradicional homenagem ao Dia do Muriaeense, data institu\u00edda pelo ex-prefeito Dr. Ant\u00f4nio Augusto Can\u00eado, cujo nome mais uma vez foi eternizado, com as homenagens p\u00f3stumas prestadas a seus familiares.<\/p>\n<p>Na ocasi\u00e3o, cuja solenidade aconteceu na&#8230;\u00a0Saiba mais no Jornal Folha do Sudeste edi\u00e7\u00e3o 627, nas bancas a partir desse final de semana.[dopwgg id=&#8221;417&#8243;]<\/p>\n","protected":false},"excerpt":{"rendered":"<p>Muria\u00e9 tem semana festiva com v\u00e1rias comemora\u00e7\u00f5es &nbsp; O munic\u00edpio de Muria\u00e9 esteve em festa na \u00faltima semana, ocasi\u00e3o em que recebeu milhares de visitantes para as comemora\u00e7\u00f5es da cidade. Grande p\u00fablico prestigiou, entre os dias 4 e 7 de setembro, a 59\u00aa edi\u00e7\u00e3o da Exposi\u00e7\u00e3o Agropecu\u00e1ria, Comercial e Industrial, que teve entrada franca, parque [&hellip;]<\/p>\n","protected":false},"author":4,"featured_media":5005,"comment_status":"open","ping_status":"closed","sticky":false,"template":"","format":"standard","meta":{"_joinchat":[],"footnotes":""},"categories":[1],"tags":[],"class_list":["post-4997","post","type-post","status-publish","format-standard","has-post-thumbnail","hentry","category-sem-categoria"],"_links":{"self":[{"href":"http:\/\/folhadosudeste.com\/site\/index.php?rest_route=\/wp\/v2\/posts\/4997","targetHints":{"allow":["GET"]}}],"collection":[{"href":"http:\/\/folhadosudeste.com\/site\/index.php?rest_route=\/wp\/v2\/posts"}],"about":[{"href":"http:\/\/folhadosudeste.com\/site\/index.php?rest_route=\/wp\/v2\/types\/post"}],"author":[{"embeddable":true,"href":"http:\/\/folhadosudeste.com\/site\/index.php?rest_route=\/wp\/v2\/users\/4"}],"replies":[{"embeddable":true,"href":"http:\/\/folhadosudeste.com\/site\/index.php?rest_route=%2Fwp%2Fv2%2Fcomments&post=4997"}],"version-history":[{"count":2,"href":"http:\/\/folhadosudeste.com\/site\/index.php?rest_route=\/wp\/v2\/posts\/4997\/revisions"}],"predecessor-version":[{"id":5006,"href":"http:\/\/folhadosudeste.com\/site\/index.php?rest_route=\/wp\/v2\/posts\/4997\/revisions\/5006"}],"wp:featuredmedia":[{"embeddable":true,"href":"http:\/\/folhadosudeste.com\/site\/index.php?rest_route=\/wp\/v2\/media\/5005"}],"wp:attachment":[{"href":"http:\/\/folhadosudeste.com\/site\/index.php?rest_route=%2Fwp%2Fv2%2Fmedia&parent=4997"}],"wp:term":[{"taxonomy":"category","embeddable":true,"href":"http:\/\/folhadosudeste.com\/site\/index.php?rest_route=%2Fwp%2Fv2%2Fcategories&post=4997"},{"taxonomy":"post_tag","embeddable":true,"href":"http:\/\/folhadosudeste.com\/site\/index.php?rest_route=%2Fwp%2Fv2%2Ftags&post=4997"}],"curies":[{"name":"wp","href":"https:\/\/api.w.org\/{rel}","templated":true}]}}