{"id":49979,"date":"2018-02-14T13:42:01","date_gmt":"2018-02-14T13:42:01","guid":{"rendered":"http:\/\/folhadosudeste.com\/site\/?p=49979"},"modified":"2018-02-16T11:30:44","modified_gmt":"2018-02-16T11:30:44","slug":"miradouro-promove-um-dos-melhores-carnavais-da-regiao","status":"publish","type":"post","link":"http:\/\/folhadosudeste.com\/site\/?p=49979","title":{"rendered":"MIRADOURO RESGATA CULTURA POPULAR DO SAMBA COM CARNAVAL DE GRANDE QUALIDADE MUSICAL"},"content":{"rendered":"<p><a href=\"http:\/\/folhadosudeste.com\/site\/wp-content\/uploads\/2018\/02\/DSC04416.jpg\"><img loading=\"lazy\" decoding=\"async\" class=\"aligncenter wp-image-50078 size-large\" src=\"http:\/\/folhadosudeste.com\/site\/wp-content\/uploads\/2018\/02\/DSC04416-1024x681.jpg\" alt=\"\" width=\"620\" height=\"412\" srcset=\"http:\/\/folhadosudeste.com\/site\/wp-content\/uploads\/2018\/02\/DSC04416-1024x681.jpg 1024w, http:\/\/folhadosudeste.com\/site\/wp-content\/uploads\/2018\/02\/DSC04416-300x200.jpg 300w, http:\/\/folhadosudeste.com\/site\/wp-content\/uploads\/2018\/02\/DSC04416-768x511.jpg 768w, http:\/\/folhadosudeste.com\/site\/wp-content\/uploads\/2018\/02\/DSC04416.jpg 2000w\" sizes=\"auto, (max-width: 620px) 100vw, 620px\" \/><\/a><\/p>\n<p style=\"text-align: justify;\">Sob o lema de <em>\u201cUm Carnaval fam\u00edlia, para todos com o melhor da cultura popular brasileira: MUITO SAMBA!\u201d<\/em>, a Prefeitura de Miradouro promoveu uma festa diferenciada para a popula\u00e7\u00e3o local e visitantes, que curtiram os grandes shows de: Alessandra Crispim, Jana\u00edna Gentil, Thaylis Carneiro e Bruno Biz. Teve tamb\u00e9m participa\u00e7\u00e3o especial dos blocos: Kankitiv\u00e9, S\u00f3 Frida, Bloco do Boi, Bicho do Amanh\u00e3, Num Tem B\u00e3o e Bicho do Sereno.<\/p>\n<p style=\"text-align: justify;\">De acordo com Renato Jos\u00e9 da Mata, secret\u00e1rio municipal de Cultura e Turismo de Miradouro, o prefeito Mirim e sua equipe administrativa, optou por escolher o samba como oferta de cultura proporcionando m\u00fasica de qualidade que n\u00e3o \u00e9 oferecida pela m\u00eddia. <em>\u201cO bloco Bicho do Sereno, por exemplo, \u00e9 uma iniciativa popular e estamos h\u00e1 seis anos homenageando algum cidad\u00e3o que contribuiu com a cultura local. Esse ano foi a vez do Sr. Carlos Bob, morador do bairro Cruzeiro. Temos uma associa\u00e7\u00e3o, a ONG Bicho do Sereno, que oferece atividades culturais para a crian\u00e7ada. Nesse desfile falamos de circo, pois foi atrav\u00e9s dele que Sr. Carlos Bob veio para Miradouro, conhecendo sua esposa, casando-se, constituindo fam\u00edlia e tornando-se miradourense. Assim, trouxemos a figura dele e demos sequ\u00eancia \u00e0 ideia de busar esse resgate cultural. Temos tamb\u00e9m o Bloco do Boi, que h\u00e1 65 anos arrasta a multid\u00e3o. Enfim, foi um Carnaval de qualidade e com muito sucesso\u201d,<\/em> avalia.<\/p>\n<p style=\"text-align: justify;\">O prefeito Mirim, agradece os foli\u00f5es, os visitantes, os organizadores dos blocos e todos aqueles que prestigiaram e fizeram um carnaval alegre de fam\u00edlia em Miraduoro.<\/p>\n<p>[ngg_images source=&#8221;galleries&#8221; container_ids=&#8221;1257&#8243; display_type=&#8221;photocrati-nextgen_basic_thumbnails&#8221; override_thumbnail_settings=&#8221;0&#8243; thumbnail_width=&#8221;100&#8243; thumbnail_height=&#8221;75&#8243; thumbnail_crop=&#8221;1&#8243; images_per_page=&#8221;0&#8243; number_of_columns=&#8221;0&#8243; ajax_pagination=&#8221;0&#8243; show_all_in_lightbox=&#8221;0&#8243; use_imagebrowser_effect=&#8221;0&#8243; show_slideshow_link=&#8221;1&#8243; slideshow_link_text=&#8221;[Show as slideshow]&#8221; order_by=&#8221;sortorder&#8221; order_direction=&#8221;ASC&#8221; returns=&#8221;included&#8221; maximum_entity_count=&#8221;500&#8243;]<\/p>\n","protected":false},"excerpt":{"rendered":"<p>Sob o lema de \u201cUm Carnaval fam\u00edlia, para todos com o melhor da cultura popular brasileira: MUITO SAMBA!\u201d, a Prefeitura de Miradouro promoveu uma festa diferenciada para a popula\u00e7\u00e3o local e visitantes, que curtiram os grandes shows de: Alessandra Crispim, Jana\u00edna Gentil, Thaylis Carneiro e Bruno Biz. Teve tamb\u00e9m participa\u00e7\u00e3o especial dos blocos: Kankitiv\u00e9, S\u00f3 [&hellip;]<\/p>\n","protected":false},"author":2,"featured_media":50078,"comment_status":"open","ping_status":"closed","sticky":false,"template":"","format":"standard","meta":{"_joinchat":[],"footnotes":""},"categories":[1],"tags":[],"class_list":["post-49979","post","type-post","status-publish","format-standard","has-post-thumbnail","hentry","category-sem-categoria"],"_links":{"self":[{"href":"http:\/\/folhadosudeste.com\/site\/index.php?rest_route=\/wp\/v2\/posts\/49979","targetHints":{"allow":["GET"]}}],"collection":[{"href":"http:\/\/folhadosudeste.com\/site\/index.php?rest_route=\/wp\/v2\/posts"}],"about":[{"href":"http:\/\/folhadosudeste.com\/site\/index.php?rest_route=\/wp\/v2\/types\/post"}],"author":[{"embeddable":true,"href":"http:\/\/folhadosudeste.com\/site\/index.php?rest_route=\/wp\/v2\/users\/2"}],"replies":[{"embeddable":true,"href":"http:\/\/folhadosudeste.com\/site\/index.php?rest_route=%2Fwp%2Fv2%2Fcomments&post=49979"}],"version-history":[{"count":3,"href":"http:\/\/folhadosudeste.com\/site\/index.php?rest_route=\/wp\/v2\/posts\/49979\/revisions"}],"predecessor-version":[{"id":50251,"href":"http:\/\/folhadosudeste.com\/site\/index.php?rest_route=\/wp\/v2\/posts\/49979\/revisions\/50251"}],"wp:featuredmedia":[{"embeddable":true,"href":"http:\/\/folhadosudeste.com\/site\/index.php?rest_route=\/wp\/v2\/media\/50078"}],"wp:attachment":[{"href":"http:\/\/folhadosudeste.com\/site\/index.php?rest_route=%2Fwp%2Fv2%2Fmedia&parent=49979"}],"wp:term":[{"taxonomy":"category","embeddable":true,"href":"http:\/\/folhadosudeste.com\/site\/index.php?rest_route=%2Fwp%2Fv2%2Fcategories&post=49979"},{"taxonomy":"post_tag","embeddable":true,"href":"http:\/\/folhadosudeste.com\/site\/index.php?rest_route=%2Fwp%2Fv2%2Ftags&post=49979"}],"curies":[{"name":"wp","href":"https:\/\/api.w.org\/{rel}","templated":true}]}}