{"id":49981,"date":"2018-02-14T13:55:57","date_gmt":"2018-02-14T13:55:57","guid":{"rendered":"http:\/\/folhadosudeste.com\/site\/?p=49981"},"modified":"2018-02-16T11:35:24","modified_gmt":"2018-02-16T11:35:24","slug":"carnavieiras-2018","status":"publish","type":"post","link":"http:\/\/folhadosudeste.com\/site\/?p=49981","title":{"rendered":"CARNAVIEIRAS 2018 MOVIMENTA O MUNIC\u00cdPIO E ATRAI GRANDE P\u00daBLICO DA REGI\u00c3O"},"content":{"rendered":"<p><a href=\"http:\/\/folhadosudeste.com\/site\/wp-content\/uploads\/2018\/02\/DSC_0393.jpg\"><img loading=\"lazy\" decoding=\"async\" class=\"aligncenter wp-image-50081 size-full\" src=\"http:\/\/folhadosudeste.com\/site\/wp-content\/uploads\/2018\/02\/DSC_0393.jpg\" alt=\"\" width=\"1000\" height=\"667\" srcset=\"http:\/\/folhadosudeste.com\/site\/wp-content\/uploads\/2018\/02\/DSC_0393.jpg 1000w, http:\/\/folhadosudeste.com\/site\/wp-content\/uploads\/2018\/02\/DSC_0393-300x200.jpg 300w, http:\/\/folhadosudeste.com\/site\/wp-content\/uploads\/2018\/02\/DSC_0393-768x512.jpg 768w\" sizes=\"auto, (max-width: 1000px) 100vw, 1000px\" \/><\/a><\/p>\n<p style=\"text-align: justify;\">O Carnavieiras 2018 movimentou a cidade de Vieiras no \u00faltimo final de semana, com uma programa\u00e7\u00e3o especial que atraiu p\u00fablico de toda a regi\u00e3o. Os blocos foram o maior sucesso, como por exemplo: Bloco do Curral, Guerreiros da Babil\u00f4nia, Bloco dos Marretas e Bloco do Boi Bumb\u00e1. Mas o momento mais aguardado foi o julgamento e a premia\u00e7\u00e3o do tradicional Concurso Miss Piranha, cujos vencedores ganharam respectivamente R$ 150, R$ 100 e R$ 50 para os primeiros lugares. O julgamento foi \u00e9tico e transparente, j\u00e1 que os jurados convidados eram de outras cidades. J\u00e1 os shows ficaram por conta do Grupo Metais em Brasa, Jo\u00e3ozinho dos Teclados, Luara Alves &amp; Banda, DJ Flavinho Summer, Banda Xtreme Brasil, Banda Pegada Ousada, Banda Beijo Apimentado, D\u00e9bora Salgado &amp; Banda.<\/p>\n<p style=\"text-align: justify;\">Segundo o prefeito de Vieiras, Adriano dos Santos, a equipe da Administra\u00e7\u00e3o nem imaginava tamanha repercuss\u00e3o. <em>\u201cFoi um Carnaval de qualidade, que trouxe muitos visitantes para o munic\u00edpio e manteve nossa tradi\u00e7\u00e3o cultural. Ficamos muito felizes com os resultados, observando que as pessoas gostaram e se divertiram muito em um clima de muita anima\u00e7\u00e3o\u201d,<\/em> destaca.<\/p>\n<p style=\"text-align: justify;\">Claudinei Soares de Andrade, presidente da C\u00e2mara para o exerc\u00edcio deste ano, agradeceu ao prefeito Adriano pela parceria vitoriosa que tem gerado grandes frutos para Vieiras. <em>\u201cEle vem fazendo uma administra\u00e7\u00e3o maravilhosa, desenvolvendo grandes feitos em nosso munic\u00edpio. O Carnavieiras, por exemplo, foi um verdadeiro sucesso, muito divertido\u201d,<\/em> afirma.<\/p>\n<p style=\"text-align: justify;\">O vereador Pedro Paulo Rodrigues destacou que essa festa \u00e9 nota 10, sendo importante para levar alegria, divers\u00e3o e entretenimento ao p\u00fablico, al\u00e9m de proporcionar o giro da economia, com a presen\u00e7a dos visitantes. <em>\u201cO prefeito Adriano tem feito um bel\u00edssimo trabalho. Agradecemos a todos pela participa\u00e7\u00e3o, pois \u00e9 o p\u00fablico que faz a festa se tornar maravilhosa\u201d,<\/em> acrescenta.<\/p>\n<p style=\"text-align: justify;\">O vereador F\u00e1bio Maia Soares, em seu 2\u00b0 mandato, tamb\u00e9m agradeceu a todos que se fizeram presentes, em especial ao prefeito Adriano, o qual refor\u00e7a que vem administrando o munic\u00edpio com um trabalho s\u00e9rio. <em>\u201cEle colocou Vieiras na rota do desenvolvimento e vem honrando essa miss\u00e3o, pois a popula\u00e7\u00e3o merece muito. Agradecemos a toda equipe que fez a seguran\u00e7a e deu todo suporte para um Carnaval seguro, com uma festa em paz e sem confus\u00e3o\u201d,<\/em> completa.<\/p>\n<p>[ngg_images source=&#8221;galleries&#8221; container_ids=&#8221;1258&#8243; display_type=&#8221;photocrati-nextgen_basic_thumbnails&#8221; override_thumbnail_settings=&#8221;0&#8243; thumbnail_width=&#8221;100&#8243; thumbnail_height=&#8221;75&#8243; thumbnail_crop=&#8221;1&#8243; images_per_page=&#8221;0&#8243; number_of_columns=&#8221;0&#8243; ajax_pagination=&#8221;0&#8243; show_all_in_lightbox=&#8221;0&#8243; use_imagebrowser_effect=&#8221;0&#8243; show_slideshow_link=&#8221;1&#8243; slideshow_link_text=&#8221;[Show as slideshow]&#8221; order_by=&#8221;sortorder&#8221; order_direction=&#8221;ASC&#8221; returns=&#8221;included&#8221; maximum_entity_count=&#8221;500&#8243;]<\/p>\n","protected":false},"excerpt":{"rendered":"<p>O Carnavieiras 2018 movimentou a cidade de Vieiras no \u00faltimo final de semana, com uma programa\u00e7\u00e3o especial que atraiu p\u00fablico de toda a regi\u00e3o. Os blocos foram o maior sucesso, como por exemplo: Bloco do Curral, Guerreiros da Babil\u00f4nia, Bloco dos Marretas e Bloco do Boi Bumb\u00e1. Mas o momento mais aguardado foi o julgamento [&hellip;]<\/p>\n","protected":false},"author":2,"featured_media":50081,"comment_status":"open","ping_status":"closed","sticky":false,"template":"","format":"standard","meta":{"_joinchat":[],"footnotes":""},"categories":[1],"tags":[],"class_list":["post-49981","post","type-post","status-publish","format-standard","has-post-thumbnail","hentry","category-sem-categoria"],"_links":{"self":[{"href":"http:\/\/folhadosudeste.com\/site\/index.php?rest_route=\/wp\/v2\/posts\/49981","targetHints":{"allow":["GET"]}}],"collection":[{"href":"http:\/\/folhadosudeste.com\/site\/index.php?rest_route=\/wp\/v2\/posts"}],"about":[{"href":"http:\/\/folhadosudeste.com\/site\/index.php?rest_route=\/wp\/v2\/types\/post"}],"author":[{"embeddable":true,"href":"http:\/\/folhadosudeste.com\/site\/index.php?rest_route=\/wp\/v2\/users\/2"}],"replies":[{"embeddable":true,"href":"http:\/\/folhadosudeste.com\/site\/index.php?rest_route=%2Fwp%2Fv2%2Fcomments&post=49981"}],"version-history":[{"count":4,"href":"http:\/\/folhadosudeste.com\/site\/index.php?rest_route=\/wp\/v2\/posts\/49981\/revisions"}],"predecessor-version":[{"id":50254,"href":"http:\/\/folhadosudeste.com\/site\/index.php?rest_route=\/wp\/v2\/posts\/49981\/revisions\/50254"}],"wp:featuredmedia":[{"embeddable":true,"href":"http:\/\/folhadosudeste.com\/site\/index.php?rest_route=\/wp\/v2\/media\/50081"}],"wp:attachment":[{"href":"http:\/\/folhadosudeste.com\/site\/index.php?rest_route=%2Fwp%2Fv2%2Fmedia&parent=49981"}],"wp:term":[{"taxonomy":"category","embeddable":true,"href":"http:\/\/folhadosudeste.com\/site\/index.php?rest_route=%2Fwp%2Fv2%2Fcategories&post=49981"},{"taxonomy":"post_tag","embeddable":true,"href":"http:\/\/folhadosudeste.com\/site\/index.php?rest_route=%2Fwp%2Fv2%2Ftags&post=49981"}],"curies":[{"name":"wp","href":"https:\/\/api.w.org\/{rel}","templated":true}]}}