{"id":50031,"date":"2018-02-14T13:59:24","date_gmt":"2018-02-14T13:59:24","guid":{"rendered":"http:\/\/folhadosudeste.com\/site\/?p=50031"},"modified":"2018-02-19T13:52:12","modified_gmt":"2018-02-19T13:52:12","slug":"sao-francisco-do-gloria-agita-a-cidade-durante-os-5-dias-de-carnaval","status":"publish","type":"post","link":"http:\/\/folhadosudeste.com\/site\/?p=50031","title":{"rendered":"S\u00c3O FRANCISCO DO GL\u00d3RIA RETORNA TRADI\u00c7\u00c3O DO CARNAVAL E ATRAI GRANDE N\u00daMERO DE FOLI\u00d5ES"},"content":{"rendered":"<p><a href=\"http:\/\/folhadosudeste.com\/site\/wp-content\/uploads\/2018\/02\/prontinha.jpg\"><img loading=\"lazy\" decoding=\"async\" class=\"alignnone size-medium wp-image-50293\" src=\"http:\/\/folhadosudeste.com\/site\/wp-content\/uploads\/2018\/02\/prontinha-300x179.jpg\" alt=\"\" width=\"300\" height=\"179\" srcset=\"http:\/\/folhadosudeste.com\/site\/wp-content\/uploads\/2018\/02\/prontinha-300x179.jpg 300w, http:\/\/folhadosudeste.com\/site\/wp-content\/uploads\/2018\/02\/prontinha.jpg 620w\" sizes=\"auto, (max-width: 300px) 100vw, 300px\" \/><\/a><\/p>\n<p style=\"text-align: justify;\">O Carnaval 2018 de S\u00e3o Francisco do Gl\u00f3ria atraiu um grande n\u00famero de foli\u00f5es de toda a regi\u00e3o para prestigiar os 4 dias de festa. A programa\u00e7\u00e3o contou com: DJs, matin\u00ea com Grupo Mineiros do Pagode e apresenta\u00e7\u00e3o do cantor Geandro Freitas, apresenta\u00e7\u00f5es art\u00edsticas das bandas XTreme Brasil e Pakebra, al\u00e9m dos blocos carnavalescos.<br \/>\nSegundo Walace Ferreira Pedrosa, prefeito de S\u00e3o Francisco do Gl\u00f3ria, explica que ano passado como eles estavam iniciando a administra\u00e7\u00e3o, optaram por n\u00e3o fazer a festa, mas este ano acharam importante resgatar essa cultura. \u201cMe honra ainda mais porque, come\u00e7ou com meu pai, na \u00e9poca que ele foi prefeito, um carnaval para toda fam\u00edlia participar, brincar em 4 dias de festa, t\u00edpico do interior. \u00c9 muito gratificante. Tivemos a participa\u00e7\u00e3o dos blocos, sendo um infantil, e ano que vem estamos preparando para resgatar os mais antigos e tradicionais de S\u00e3o Francisco. Tudo ocorreu da melhor maneira poss\u00edvel, com muita seguran\u00e7a e agrade\u00e7o a todos que ajudaram de uma forma ou de outra para que o evento fosse realizado com sucesso. Tivemos tamb\u00e9m a felicidade de contar com muitas pessoas que n\u00e3o residem mais aqui, por\u00e9m participaram e engrandeceram ainda mais a festa\u201d, destaca.<br \/>\nPara Rayque de Oliveira Lanes, diretor de Cultura e Patrim\u00f4nio Cultural de S\u00e3o Francisco do Gl\u00f3ria, o carnaval sempre foi tradicional na cidade e sua equipe tenta resgatar justamente isso: uma festa de fam\u00edlia, de pessoas de bem, que v\u00e3o para S\u00e3o Francisco do Gl\u00f3ria pra somar, com blocos, atra\u00e7\u00f5es e valorizando tanto as pessoas da cidade quanto os visitantes, que s\u00e3o muito bem-vindos. \u201cFoi muito r\u00e1pido, mas, depois de 6 anos sem carnaval, estamos com 7 blocos: Mais Amor Por Favor, Amigos Mil, Bloco dos Casais e Amigos, Bloco Joelho Ralado, Bloco da Terceira Idade, Bloco do Pinheiro e Bloco Achando que t\u00e1 Bonito, sendo que este \u00faltimo fez uma premia\u00e7\u00e3o de melhor fantasia. Todos receberam pr\u00eamios por participa\u00e7\u00e3o, porque competem por igual e o que queremos \u00e9 incentivar a cultura. Ano que vem teremos desfile dos carros aleg\u00f3ricos, que vai ser sucesso. Estamos esperando a aprova\u00e7\u00e3o do Projeto Festival de Viola, teremos a Exposi\u00e7\u00e3o Agropecu\u00e1ria, a Exposi\u00e7\u00e3o de Carros de Boi em agosto. Em 2018, estamos com a agenda cheia de shows, com muita divers\u00e3o e apresenta\u00e7\u00f5es culturais\u201d, adianta.<\/p>\n<p>[ngg_images source=&#8221;galleries&#8221; container_ids=&#8221;1262&#8243; display_type=&#8221;photocrati-nextgen_basic_thumbnails&#8221; override_thumbnail_settings=&#8221;0&#8243; thumbnail_width=&#8221;100&#8243; thumbnail_height=&#8221;75&#8243; thumbnail_crop=&#8221;1&#8243; images_per_page=&#8221;0&#8243; number_of_columns=&#8221;0&#8243; ajax_pagination=&#8221;0&#8243; show_all_in_lightbox=&#8221;0&#8243; use_imagebrowser_effect=&#8221;0&#8243; show_slideshow_link=&#8221;1&#8243; slideshow_link_text=&#8221;[Show as slideshow]&#8221; order_by=&#8221;sortorder&#8221; order_direction=&#8221;ASC&#8221; returns=&#8221;included&#8221; maximum_entity_count=&#8221;500&#8243;]<\/p>\n","protected":false},"excerpt":{"rendered":"<p>O Carnaval 2018 de S\u00e3o Francisco do Gl\u00f3ria atraiu um grande n\u00famero de foli\u00f5es de toda a regi\u00e3o para prestigiar os 4 dias de festa. A programa\u00e7\u00e3o contou com: DJs, matin\u00ea com Grupo Mineiros do Pagode e apresenta\u00e7\u00e3o do cantor Geandro Freitas, apresenta\u00e7\u00f5es art\u00edsticas das bandas XTreme Brasil e Pakebra, al\u00e9m dos blocos carnavalescos. Segundo [&hellip;]<\/p>\n","protected":false},"author":2,"featured_media":50293,"comment_status":"open","ping_status":"closed","sticky":false,"template":"","format":"standard","meta":{"_joinchat":[],"footnotes":""},"categories":[1],"tags":[],"class_list":["post-50031","post","type-post","status-publish","format-standard","has-post-thumbnail","hentry","category-sem-categoria"],"_links":{"self":[{"href":"http:\/\/folhadosudeste.com\/site\/index.php?rest_route=\/wp\/v2\/posts\/50031","targetHints":{"allow":["GET"]}}],"collection":[{"href":"http:\/\/folhadosudeste.com\/site\/index.php?rest_route=\/wp\/v2\/posts"}],"about":[{"href":"http:\/\/folhadosudeste.com\/site\/index.php?rest_route=\/wp\/v2\/types\/post"}],"author":[{"embeddable":true,"href":"http:\/\/folhadosudeste.com\/site\/index.php?rest_route=\/wp\/v2\/users\/2"}],"replies":[{"embeddable":true,"href":"http:\/\/folhadosudeste.com\/site\/index.php?rest_route=%2Fwp%2Fv2%2Fcomments&post=50031"}],"version-history":[{"count":9,"href":"http:\/\/folhadosudeste.com\/site\/index.php?rest_route=\/wp\/v2\/posts\/50031\/revisions"}],"predecessor-version":[{"id":50294,"href":"http:\/\/folhadosudeste.com\/site\/index.php?rest_route=\/wp\/v2\/posts\/50031\/revisions\/50294"}],"wp:featuredmedia":[{"embeddable":true,"href":"http:\/\/folhadosudeste.com\/site\/index.php?rest_route=\/wp\/v2\/media\/50293"}],"wp:attachment":[{"href":"http:\/\/folhadosudeste.com\/site\/index.php?rest_route=%2Fwp%2Fv2%2Fmedia&parent=50031"}],"wp:term":[{"taxonomy":"category","embeddable":true,"href":"http:\/\/folhadosudeste.com\/site\/index.php?rest_route=%2Fwp%2Fv2%2Fcategories&post=50031"},{"taxonomy":"post_tag","embeddable":true,"href":"http:\/\/folhadosudeste.com\/site\/index.php?rest_route=%2Fwp%2Fv2%2Ftags&post=50031"}],"curies":[{"name":"wp","href":"https:\/\/api.w.org\/{rel}","templated":true}]}}