{"id":50051,"date":"2018-02-14T14:01:51","date_gmt":"2018-02-14T14:01:51","guid":{"rendered":"http:\/\/folhadosudeste.com\/site\/?p=50051"},"modified":"2018-02-16T11:32:01","modified_gmt":"2018-02-16T11:32:01","slug":"carnaval-mirai-2018","status":"publish","type":"post","link":"http:\/\/folhadosudeste.com\/site\/?p=50051","title":{"rendered":"PREFEITURA DE MIRA\u00cd REALIZA MAIS UM CARNAVAL DE SUCESSO"},"content":{"rendered":"<p><a href=\"http:\/\/folhadosudeste.com\/site\/wp-content\/uploads\/2018\/02\/DSC_0209.jpg\"><img loading=\"lazy\" decoding=\"async\" class=\"aligncenter wp-image-50087 size-full\" src=\"http:\/\/folhadosudeste.com\/site\/wp-content\/uploads\/2018\/02\/DSC_0209.jpg\" alt=\"\" width=\"1000\" height=\"662\" srcset=\"http:\/\/folhadosudeste.com\/site\/wp-content\/uploads\/2018\/02\/DSC_0209.jpg 1000w, http:\/\/folhadosudeste.com\/site\/wp-content\/uploads\/2018\/02\/DSC_0209-300x199.jpg 300w, http:\/\/folhadosudeste.com\/site\/wp-content\/uploads\/2018\/02\/DSC_0209-768x508.jpg 768w\" sizes=\"auto, (max-width: 1000px) 100vw, 1000px\" \/><\/a><\/p>\n<p style=\"text-align: justify;\">O Carnaval de Mira\u00ed mais uma vez foi um sucesso na regi\u00e3o, atraindo milhares de pessoas para uma programa\u00e7\u00e3o especial de 4 dias (10, 11, 12 e 13 de fevereiro) de muita festa, divers\u00e3o e anima\u00e7\u00e3o. Desfilaram pelas ruas da cidade com muita m\u00fasica e alegria dos blocos: Jacar\u00e9, Gamb\u00e1, Vira-Vira e Tucano. Nas noites, os shows ficaram por conta das bandas: LG, Salamandra e Tiago Borges El\u00e9trico, al\u00e9m de Cleiton Deejay todas as noites.<\/p>\n<p style=\"text-align: justify;\">O prefeito de Mira\u00ed, Luiz Fortuce, refor\u00e7ou a tradi\u00e7\u00e3o do Carnaval da cidade, que n\u00e3o poderia deixar de ser realizado. <em>\u201cMesmo com a crise e muitos munic\u00edpios deixando de realizar a festa, n\u00f3s nos empenhamos e conseguimos proporcionar essa alegria para a popula\u00e7\u00e3o e visitantes. \u00c9 um trabalho que fazemos com respeito para o povo. Felizmente ficou muito bom, tivemos v\u00e1rios blocos, bandas e DJs, refor\u00e7ando o melhor carnaval da regi\u00e3o. Pretendemos continuar mantendo este excelente n\u00edvel. Tivemos muitas pessoas de outras cidades, at\u00e9 mesmo distantes. E a presen\u00e7a do Deputado Estadual Isauro Calais, natural daqui, um grande amigo e que est\u00e1 sempre colaborando. Agrade\u00e7o a todos que nos prestigiaram, realizando um Carnaval com muita paz e alegria\u201d,<\/em> explica.<\/p>\n<p style=\"text-align: justify;\">O vice-prefeito Guto Cumani tamb\u00e9m demonstrou sua satisfa\u00e7\u00e3o ao dizer que tudo aconteceu conforme o planejado, mostrando que o Carnaval de Mira\u00ed \u00e9 uma festa tradicional e que muitas pessoas prestigiam. <em>\u201cInvestimos sempre no povo, proporcionando melhorias em todos os segmentos relativos \u00e0 sua qualidade de vida, mas a divers\u00e3o tamb\u00e9m \u00e9 fundamental, pois as pessoas trabalham o ano inteiro com dedica\u00e7\u00e3o e precisam de um momento como esse. Agradecemos a todos que vieram se divertir pacificamente e com alegria\u201d,<\/em> destaca.<\/p>\n<p style=\"text-align: justify;\">O deputado estadual Isauro Calais esteve presente e destacou o prazer de sentir-se mais uma vez em casa, participando da hist\u00f3ria de Mira\u00ed como faz h\u00e1 muitos anos. <em>\u201c\u00c9 uma grande satisfa\u00e7\u00e3o dar continuidade a essa parceria com a Prefeitura de Mira\u00ed, uma administra\u00e7\u00e3o de refer\u00eancia. Al\u00e9m disso, poucas cidades t\u00eam vereadores apoiando dessa forma, t\u00e3o efetivamente, dando sustenta\u00e7\u00e3o ao Poder Executivo. Fico feliz em poder trazer recursos para v\u00e1rias \u00e1reas de nosso querido munic\u00edpio, prestigiando sempre minha cidade natal, que tem sido muito bem administrada. Muitas cidades n\u00e3o realizaram o Carnaval este ano por falta de recursos, mas aqui sabemos que o Luiz, mesmo investindo na infra-estrutura da cidade e qualidade de vida do povo, economiza e demonstra que vale a pena zelar pelo dinheiro p\u00fablico\u201d,<\/em> acrescenta.<\/p>\n<p style=\"text-align: justify;\">O foli\u00e3o Ronaldo de Almeida Machado (Querosene), natural de S\u00e3o Paulo, mora em Mira\u00ed e todos os anos faz uma maquiagem especial e decora\u00e7\u00e3o do cabelo para o Carnaval, com ajuda do pai. <em>\u201cA festa fica muito animada e nos d\u00e1 a oportunidade de divertir muito\u201d,<\/em> revela.<\/p>\n<p style=\"text-align: justify;\">O presidente da C\u00e2mara de Vereadores de Mira\u00ed, Osvaldo Alves (Sap\u00e9), refor\u00e7ou o apoio da Casa Legislativa, trabalhando em prol da popula\u00e7\u00e3o com transpar\u00eancia, atitude e honestidade. <em>\u201cEstamos a\u00ed para completar o belo trabalho realizado pelo prefeito e vice-prefeito. Ficamos muito satisfeitos de trabalhar juntos, ainda mais com o apoio do Deputado Isauro Calais. Pudemos devolver um grande montante de recursos economizados para ser revertido em melhorias para o munic\u00edpio, ent\u00e3o, n\u00f3s, vereadores, estamos a\u00ed para fiscalizar, reivindicar, produzir bons projetos, construir boas amizades e articular boas ideias. Tudo em favor do povo que tanto amamos e da cidade que temos orgulho. Nessa minha hist\u00f3ria pol\u00edtica de seis mandatos, fico muito feliz em dar minha colabora\u00e7\u00e3o\u201d,<\/em> afirma.<\/p>\n<p style=\"text-align: justify;\">Paulo S\u00e9rgio Costa de Oliveira (Paulinho Construtor), presidente do Sindicato Rural de Mira\u00ed, tamb\u00e9m refor\u00e7ou o apoio e o trabalho em conjunto realizado no munic\u00edpio. <em>\u201cEstamos todos muito satisfeitos com os resultados de mais um Carnaval de sucesso em Mira\u00ed, o melhor da regi\u00e3o. Temos proporcionado um bom trabalho na agricultura rural, oferecendo tudo que o produtor precisa para que seja mais valorizado. Conseguimos inclusive um trator para oferecer servi\u00e7os quase gratuitamente. Essa \u00e9 uma parceria vitoriosa com Prefeitura e C\u00e2mara de Vereadores. Vale lembrar que em breve teremos nossa Exposi\u00e7\u00e3o\u201d,<\/em> completa.<\/p>\n<p style=\"text-align: justify;\">Marcos Paulo Albuini, secret\u00e1rio municipal de Cultura e Turismo de Mira\u00ed, enfatizou que a cidade n\u00e3o poderia ir na contram\u00e3o de uma tradi\u00e7\u00e3o que j\u00e1 dura d\u00e9cadas, pois nunca tinha deixado de fazer um Carnaval. <em>\u201cDevemos proporcionar ao p\u00fablico momentos de alegria, descontra\u00e7\u00e3o, e para eles tentarem esquecer os problemas e extravasar essa energia. N\u00e3o foi f\u00e1cil devido ao aperto financeiro, mas conseguimos deixar uma reserva, fazer um planejamento e consolidar um carnaval simples, mas com muita alegria para o povo, com os blocos tradicionais que movimentam o carnaval e atraindo um p\u00fablico maravilhoso. \u00c9 um orgulho ver a participa\u00e7\u00e3o popular, as pessoas que v\u00eam de cidades distantes, at\u00e9 mesmo de capitais e nossos vizinhos da regi\u00e3o, que somaram em um p\u00fablico recorde mais uma vez\u201d,<\/em> finaliza.<\/p>\n<p>[ngg_images source=&#8221;galleries&#8221; container_ids=&#8221;1261&#8243; exclusions=&#8221;18606&#8243; display_type=&#8221;photocrati-nextgen_basic_thumbnails&#8221; override_thumbnail_settings=&#8221;0&#8243; thumbnail_width=&#8221;100&#8243; thumbnail_height=&#8221;75&#8243; thumbnail_crop=&#8221;1&#8243; images_per_page=&#8221;0&#8243; number_of_columns=&#8221;0&#8243; ajax_pagination=&#8221;0&#8243; show_all_in_lightbox=&#8221;0&#8243; use_imagebrowser_effect=&#8221;0&#8243; show_slideshow_link=&#8221;1&#8243; slideshow_link_text=&#8221;[Show as slideshow]&#8221; order_by=&#8221;sortorder&#8221; order_direction=&#8221;ASC&#8221; returns=&#8221;included&#8221; maximum_entity_count=&#8221;500&#8243;]<\/p>\n<p>&nbsp;<\/p>\n","protected":false},"excerpt":{"rendered":"<p>O Carnaval de Mira\u00ed mais uma vez foi um sucesso na regi\u00e3o, atraindo milhares de pessoas para uma programa\u00e7\u00e3o especial de 4 dias (10, 11, 12 e 13 de fevereiro) de muita festa, divers\u00e3o e anima\u00e7\u00e3o. Desfilaram pelas ruas da cidade com muita m\u00fasica e alegria dos blocos: Jacar\u00e9, Gamb\u00e1, Vira-Vira e Tucano. Nas noites, [&hellip;]<\/p>\n","protected":false},"author":2,"featured_media":50087,"comment_status":"open","ping_status":"closed","sticky":false,"template":"","format":"standard","meta":{"_joinchat":[],"footnotes":""},"categories":[1],"tags":[],"class_list":["post-50051","post","type-post","status-publish","format-standard","has-post-thumbnail","hentry","category-sem-categoria"],"_links":{"self":[{"href":"http:\/\/folhadosudeste.com\/site\/index.php?rest_route=\/wp\/v2\/posts\/50051","targetHints":{"allow":["GET"]}}],"collection":[{"href":"http:\/\/folhadosudeste.com\/site\/index.php?rest_route=\/wp\/v2\/posts"}],"about":[{"href":"http:\/\/folhadosudeste.com\/site\/index.php?rest_route=\/wp\/v2\/types\/post"}],"author":[{"embeddable":true,"href":"http:\/\/folhadosudeste.com\/site\/index.php?rest_route=\/wp\/v2\/users\/2"}],"replies":[{"embeddable":true,"href":"http:\/\/folhadosudeste.com\/site\/index.php?rest_route=%2Fwp%2Fv2%2Fcomments&post=50051"}],"version-history":[{"count":6,"href":"http:\/\/folhadosudeste.com\/site\/index.php?rest_route=\/wp\/v2\/posts\/50051\/revisions"}],"predecessor-version":[{"id":50252,"href":"http:\/\/folhadosudeste.com\/site\/index.php?rest_route=\/wp\/v2\/posts\/50051\/revisions\/50252"}],"wp:featuredmedia":[{"embeddable":true,"href":"http:\/\/folhadosudeste.com\/site\/index.php?rest_route=\/wp\/v2\/media\/50087"}],"wp:attachment":[{"href":"http:\/\/folhadosudeste.com\/site\/index.php?rest_route=%2Fwp%2Fv2%2Fmedia&parent=50051"}],"wp:term":[{"taxonomy":"category","embeddable":true,"href":"http:\/\/folhadosudeste.com\/site\/index.php?rest_route=%2Fwp%2Fv2%2Fcategories&post=50051"},{"taxonomy":"post_tag","embeddable":true,"href":"http:\/\/folhadosudeste.com\/site\/index.php?rest_route=%2Fwp%2Fv2%2Ftags&post=50051"}],"curies":[{"name":"wp","href":"https:\/\/api.w.org\/{rel}","templated":true}]}}