{"id":5020,"date":"2014-09-12T19:01:43","date_gmt":"2014-09-12T19:01:43","guid":{"rendered":"http:\/\/folhadosudeste.com\/site\/?p=5020"},"modified":"2014-09-12T19:03:03","modified_gmt":"2014-09-12T19:03:03","slug":"escola-municipal-gilberto-jose-tanus-braz","status":"publish","type":"post","link":"http:\/\/folhadosudeste.com\/site\/?p=5020","title":{"rendered":"Escola Municipal Gilberto Jos\u00e9 Tanus Braz"},"content":{"rendered":"<p style=\"text-align: justify;\"><a href=\"http:\/\/folhadosudeste.com\/site\/wp-content\/uploads\/2014\/09\/DSC_0063.jpg\"><img loading=\"lazy\" decoding=\"async\" class=\"aligncenter size-full wp-image-5022\" alt=\"DSC_0063\" src=\"http:\/\/folhadosudeste.com\/site\/wp-content\/uploads\/2014\/09\/DSC_0063.jpg\" width=\"800\" height=\"533\" srcset=\"http:\/\/folhadosudeste.com\/site\/wp-content\/uploads\/2014\/09\/DSC_0063.jpg 800w, http:\/\/folhadosudeste.com\/site\/wp-content\/uploads\/2014\/09\/DSC_0063-300x199.jpg 300w\" sizes=\"auto, (max-width: 800px) 100vw, 800px\" \/><\/a> <a href=\"http:\/\/folhadosudeste.com\/site\/wp-content\/uploads\/2014\/09\/DSC_0053.jpg\"><img loading=\"lazy\" decoding=\"async\" class=\"aligncenter size-full wp-image-5023\" alt=\"DSC_0053\" src=\"http:\/\/folhadosudeste.com\/site\/wp-content\/uploads\/2014\/09\/DSC_0053.jpg\" width=\"800\" height=\"533\" srcset=\"http:\/\/folhadosudeste.com\/site\/wp-content\/uploads\/2014\/09\/DSC_0053.jpg 800w, http:\/\/folhadosudeste.com\/site\/wp-content\/uploads\/2014\/09\/DSC_0053-300x199.jpg 300w\" sizes=\"auto, (max-width: 800px) 100vw, 800px\" \/><\/a><\/p>\n<p style=\"text-align: justify;\"><b>Nome: Escola Municipal Gilberto Jos\u00e9 Tanus Braz<\/b><\/p>\n<p style=\"text-align: justify;\"><b>Dire\u00e7\u00e3o:<\/b> Vanderl\u00e9ia Aparecida de Castro Souza<\/p>\n<p style=\"text-align: justify;\">Selma Fonseca de Ara\u00fajo<\/p>\n<p style=\"text-align: justify;\">Adriana da Mota Henrique Ventura Gonzalez<\/p>\n<p style=\"text-align: justify;\"><b>Atende:<\/b> Educa\u00e7\u00e3o Infantil ao 9\u00ba ano, num total de 815 alunos<\/p>\n<p style=\"text-align: justify;\"><b>N\u00ba de professores e funcion\u00e1rios:<\/b> 65<\/p>\n<p style=\"text-align: justify;\"><b>N\u00ba de alunos na fanfarra:<\/b> 70<\/p>\n<p style=\"text-align: justify;\"><b>N\u00ba de balizas:<\/b> 22<\/p>\n<p style=\"text-align: justify;\">A Escola Municipal Gilberto Tanus Braz, localizada no Bairro Jo\u00e3o XXIII, foi inaugurada em novembro de 1998.<\/p>\n<p style=\"text-align: justify;\">Ela possui uma fanfarra que foi inaugurada em 2005, e atualmente \u00e9 formada por alunos e ex-alunos que t\u00eam como objetivo resgatar os \u00e1ureos tempos em que Muria\u00e9 viveu, quando os desfiles c\u00edvicos apresentavam bel\u00edssimas fanfarras das escolas estaduais e particulares.<\/p>\n<p style=\"text-align: justify;\">Este ano, a fanfarra est\u00e1 sendo ministrada por An\u00edsio Cardoso, que inovou trazendo m\u00fasicas que marcaram uma \u00e9poca e alguns convidados tocando fanfarras de sopro com objetivo de enriquecer ainda mais o desfile.<\/p>\n<p style=\"text-align: justify;\">\u00c0 frente da fanfarra temos um grupo de balizas, coordenadas pela professora de Educa\u00e7\u00e3o F\u00edsica Ivone, fazendo evolu\u00e7\u00f5es com bandeiras trazendo para a avenida toda beleza e graciosidade.<\/p>\n<p style=\"text-align: justify;\">Fechando o desfile, apresentamos o orgulho de nossa escola: os funcion\u00e1rios que transformam e protagonizam a hist\u00f3ria da Escola Municipal Gilberto Jos\u00e9 Tanus Braz, pelo dinamismo, perseveran\u00e7a, conquista e luta. A educa\u00e7\u00e3o \u00e9 uma das grandes ferramentas na forma\u00e7\u00e3o da personalidade dos nossos cidad\u00e3os, sendo de extrema import\u00e2ncia para o futuro das crian\u00e7as e jovens.[dopwgg id=&#8221;419&#8243;]<\/p>\n","protected":false},"excerpt":{"rendered":"<p>Nome: Escola Municipal Gilberto Jos\u00e9 Tanus Braz Dire\u00e7\u00e3o: Vanderl\u00e9ia Aparecida de Castro Souza Selma Fonseca de Ara\u00fajo Adriana da Mota Henrique Ventura Gonzalez Atende: Educa\u00e7\u00e3o Infantil ao 9\u00ba ano, num total de 815 alunos N\u00ba de professores e funcion\u00e1rios: 65 N\u00ba de alunos na fanfarra: 70 N\u00ba de balizas: 22 A Escola Municipal Gilberto Tanus [&hellip;]<\/p>\n","protected":false},"author":4,"featured_media":5023,"comment_status":"open","ping_status":"closed","sticky":false,"template":"","format":"standard","meta":{"_joinchat":[],"footnotes":""},"categories":[1],"tags":[],"class_list":["post-5020","post","type-post","status-publish","format-standard","has-post-thumbnail","hentry","category-sem-categoria"],"_links":{"self":[{"href":"http:\/\/folhadosudeste.com\/site\/index.php?rest_route=\/wp\/v2\/posts\/5020","targetHints":{"allow":["GET"]}}],"collection":[{"href":"http:\/\/folhadosudeste.com\/site\/index.php?rest_route=\/wp\/v2\/posts"}],"about":[{"href":"http:\/\/folhadosudeste.com\/site\/index.php?rest_route=\/wp\/v2\/types\/post"}],"author":[{"embeddable":true,"href":"http:\/\/folhadosudeste.com\/site\/index.php?rest_route=\/wp\/v2\/users\/4"}],"replies":[{"embeddable":true,"href":"http:\/\/folhadosudeste.com\/site\/index.php?rest_route=%2Fwp%2Fv2%2Fcomments&post=5020"}],"version-history":[{"count":2,"href":"http:\/\/folhadosudeste.com\/site\/index.php?rest_route=\/wp\/v2\/posts\/5020\/revisions"}],"predecessor-version":[{"id":5025,"href":"http:\/\/folhadosudeste.com\/site\/index.php?rest_route=\/wp\/v2\/posts\/5020\/revisions\/5025"}],"wp:featuredmedia":[{"embeddable":true,"href":"http:\/\/folhadosudeste.com\/site\/index.php?rest_route=\/wp\/v2\/media\/5023"}],"wp:attachment":[{"href":"http:\/\/folhadosudeste.com\/site\/index.php?rest_route=%2Fwp%2Fv2%2Fmedia&parent=5020"}],"wp:term":[{"taxonomy":"category","embeddable":true,"href":"http:\/\/folhadosudeste.com\/site\/index.php?rest_route=%2Fwp%2Fv2%2Fcategories&post=5020"},{"taxonomy":"post_tag","embeddable":true,"href":"http:\/\/folhadosudeste.com\/site\/index.php?rest_route=%2Fwp%2Fv2%2Ftags&post=5020"}],"curies":[{"name":"wp","href":"https:\/\/api.w.org\/{rel}","templated":true}]}}