{"id":50224,"date":"2018-02-15T11:30:00","date_gmt":"2018-02-15T11:30:00","guid":{"rendered":"http:\/\/folhadosudeste.com\/site\/?p=50224"},"modified":"2018-02-16T11:47:55","modified_gmt":"2018-02-16T11:47:55","slug":"horario-de-verao","status":"publish","type":"post","link":"http:\/\/folhadosudeste.com\/site\/?p=50224","title":{"rendered":"HOR\u00c1RIO DE VER\u00c3O ACABA NESTE FIM DE SEMANA"},"content":{"rendered":"<p>&nbsp;<\/p>\n<p>&nbsp;<\/p>\n<p><a href=\"http:\/\/folhadosudeste.com\/site\/wp-content\/uploads\/2018\/02\/asasda.jpg\"><img loading=\"lazy\" decoding=\"async\" class=\"aligncenter size-full wp-image-50229\" src=\"http:\/\/folhadosudeste.com\/site\/wp-content\/uploads\/2018\/02\/asasda.jpg\" alt=\"\" width=\"620\" height=\"367\" srcset=\"http:\/\/folhadosudeste.com\/site\/wp-content\/uploads\/2018\/02\/asasda.jpg 620w, http:\/\/folhadosudeste.com\/site\/wp-content\/uploads\/2018\/02\/asasda-300x178.jpg 300w\" sizes=\"auto, (max-width: 620px) 100vw, 620px\" \/><\/a><\/p>\n<p style=\"text-align: justify;\">&nbsp;<\/p>\n<p style=\"text-align: justify;\"><strong><em>Hor\u00e1rio especial iniciado em outubro chega ao fim \u00e0 meia-noite deste s\u00e1bado&nbsp;<\/em><\/strong><\/p>\n<p style=\"text-align: justify;\">Chega ao fim \u00e0 meia-noite deste s\u00e1bado (17) o&nbsp;hor\u00e1rio de ver\u00e3o&nbsp;iniciado em outubro passado. Com a volta do hor\u00e1rio normal, os rel\u00f3gios devem ser atrasados em uma hora.<\/p>\n<p style=\"text-align: justify;\">A pr\u00f3xima edi\u00e7\u00e3o do hor\u00e1rio de ver\u00e3o deve come\u00e7ar mais tarde do que o habitual. Isso porque, no fim de 2017, o presidente Michel Temer assinou um&nbsp;decreto que diminui a dura\u00e7\u00e3o do hor\u00e1rio especial, transferindo o come\u00e7o de outubro para novembro. A data de encerramento continuar\u00e1 no terceiro domingo de fevereiro de cada ano.<\/p>\n<p style=\"text-align: justify;\">A decis\u00e3o do presidente surgiu a partir de um pedido do ministro do Supremo Tribunal Federal (STF) Gilmar Mendes, que solicitou que o hor\u00e1rio de ver\u00e3o de 2018 tivesse in\u00edcio somente ap\u00f3s o segundo turno das elei\u00e7\u00f5es, em 4 de novembro \u2014 a vota\u00e7\u00e3o ser\u00e1 em 28 de outubro. Segundo o TSE, a mudan\u00e7a pedida pelo ministro visa evitar atrasos na apura\u00e7\u00e3o dos votos e na divulga\u00e7\u00e3o dos resultados do pleito.<\/p>\n<p style=\"text-align: justify;\">Um dos exemplos citados pelo tribunal foi o Acre, onde as urnas s\u00e3o fechadas tr\u00eas horas depois da contagem de votos j\u00e1 ter sido iniciada nas regi\u00f5es Sul, Sudeste e parte do Centro-Oeste. Atualmente, adotam o hor\u00e1rio de ver\u00e3o os Estados de S\u00e3o Paulo, Rio de Janeiro, Minas Gerais, Esp\u00edrito Santo, Rio Grande do Sul, Santa Catarina, Paran\u00e1, Goi\u00e1s, Mato Grosso, Mato Grosso do Sul e Distrito Federal.<\/p>\n<p style=\"text-align: justify;\"><strong>Fim da iniciativa foi analisado pelo governo<\/strong><\/p>\n<p style=\"text-align: justify;\">Antes da decis\u00e3o de encurtar a dura\u00e7\u00e3o do hor\u00e1rio de ver\u00e3o, o governo&nbsp;cogitou p\u00f4r fim ao per\u00edodo. A possibilidade foi levantada depois que um estudo do Minist\u00e9rio de Minas Energia apontou queda na efetividade da medida, j\u00e1 que o perfil do consumo de eletricidade n\u00e3o estava mais ligado diretamente ao hor\u00e1rio, mas, sim, \u00e0 temperatura.<\/p>\n<p style=\"text-align: justify;\">O levantamento apontou que a ado\u00e7\u00e3o da hora adiantada na \u00e9poca mais quente do ano n\u00e3o resulta mais em economia porque n\u00e3o h\u00e1 rela\u00e7\u00e3o direta com a redu\u00e7\u00e3o de consumo e a demanda. O governo passou a discutir o cancelamento do hor\u00e1rio de ver\u00e3o neste ano, mas a falta de tempo h\u00e1bil para consultar a popula\u00e7\u00e3o sobre o assunto adiou a decis\u00e3o.<\/p>\n<p style=\"text-align: justify;\">Os relat\u00f3rios do governo apontam que a temperatura \u00e9 o que mais influencia os h\u00e1bitos do consumidor, e n\u00e3o a incid\u00eancia da luz durante o dia. Segundo o ministro de Minas e Energia, Fernando Coelho Filho, o pico de demanda atualmente ocorre no in\u00edcio da tarde, entre 14h e 15h, quando a temperatura est\u00e1 mais alta.<\/p>\n<p style=\"text-align: justify;\">Em 2016, de acordo com dados do Minist\u00e9rio de Minas e Energia, o hor\u00e1rio de ver\u00e3o durou 126 dias e gerou uma economia de R$ 159,5 milh\u00f5es ao sistema. Mas o custo \u00e9 considerado irrelevante para o setor. O secret\u00e1rio executivo do Minist\u00e9rio de Minas e Energia, Paulo Pedrosa, disse que, para o governo, a aplica\u00e7\u00e3o da iniciativa se aproxima da neutralidade. Em contrapartida, ele afirma que, para a sociedade, a impress\u00e3o \u00e9 de que a altera\u00e7\u00e3o traz benef\u00edcios.<\/p>\n<p style=\"text-align: justify;\">Fonte: www.gauchazh.clicrbs.com.br.<\/p>\n<p>[ngg_images source=&#8221;galleries&#8221; container_ids=&#8221;1263&#8243; display_type=&#8221;photocrati-nextgen_basic_thumbnails&#8221; override_thumbnail_settings=&#8221;0&#8243; thumbnail_width=&#8221;100&#8243; thumbnail_height=&#8221;75&#8243; thumbnail_crop=&#8221;1&#8243; images_per_page=&#8221;0&#8243; number_of_columns=&#8221;0&#8243; ajax_pagination=&#8221;0&#8243; show_all_in_lightbox=&#8221;0&#8243; use_imagebrowser_effect=&#8221;0&#8243; show_slideshow_link=&#8221;1&#8243; slideshow_link_text=&#8221;[Show as slideshow]&#8221; order_by=&#8221;sortorder&#8221; order_direction=&#8221;ASC&#8221; returns=&#8221;included&#8221; maximum_entity_count=&#8221;500&#8243;]<\/p>\n","protected":false},"excerpt":{"rendered":"<p>&nbsp; &nbsp; &nbsp; Hor\u00e1rio especial iniciado em outubro chega ao fim \u00e0 meia-noite deste s\u00e1bado&nbsp; Chega ao fim \u00e0 meia-noite deste s\u00e1bado (17) o&nbsp;hor\u00e1rio de ver\u00e3o&nbsp;iniciado em outubro passado. Com a volta do hor\u00e1rio normal, os rel\u00f3gios devem ser atrasados em uma hora. A pr\u00f3xima edi\u00e7\u00e3o do hor\u00e1rio de ver\u00e3o deve come\u00e7ar mais tarde do [&hellip;]<\/p>\n","protected":false},"author":2,"featured_media":50229,"comment_status":"open","ping_status":"closed","sticky":false,"template":"","format":"standard","meta":{"_joinchat":[],"footnotes":""},"categories":[1],"tags":[],"class_list":["post-50224","post","type-post","status-publish","format-standard","has-post-thumbnail","hentry","category-sem-categoria"],"_links":{"self":[{"href":"http:\/\/folhadosudeste.com\/site\/index.php?rest_route=\/wp\/v2\/posts\/50224","targetHints":{"allow":["GET"]}}],"collection":[{"href":"http:\/\/folhadosudeste.com\/site\/index.php?rest_route=\/wp\/v2\/posts"}],"about":[{"href":"http:\/\/folhadosudeste.com\/site\/index.php?rest_route=\/wp\/v2\/types\/post"}],"author":[{"embeddable":true,"href":"http:\/\/folhadosudeste.com\/site\/index.php?rest_route=\/wp\/v2\/users\/2"}],"replies":[{"embeddable":true,"href":"http:\/\/folhadosudeste.com\/site\/index.php?rest_route=%2Fwp%2Fv2%2Fcomments&post=50224"}],"version-history":[{"count":3,"href":"http:\/\/folhadosudeste.com\/site\/index.php?rest_route=\/wp\/v2\/posts\/50224\/revisions"}],"predecessor-version":[{"id":50258,"href":"http:\/\/folhadosudeste.com\/site\/index.php?rest_route=\/wp\/v2\/posts\/50224\/revisions\/50258"}],"wp:featuredmedia":[{"embeddable":true,"href":"http:\/\/folhadosudeste.com\/site\/index.php?rest_route=\/wp\/v2\/media\/50229"}],"wp:attachment":[{"href":"http:\/\/folhadosudeste.com\/site\/index.php?rest_route=%2Fwp%2Fv2%2Fmedia&parent=50224"}],"wp:term":[{"taxonomy":"category","embeddable":true,"href":"http:\/\/folhadosudeste.com\/site\/index.php?rest_route=%2Fwp%2Fv2%2Fcategories&post=50224"},{"taxonomy":"post_tag","embeddable":true,"href":"http:\/\/folhadosudeste.com\/site\/index.php?rest_route=%2Fwp%2Fv2%2Ftags&post=50224"}],"curies":[{"name":"wp","href":"https:\/\/api.w.org\/{rel}","templated":true}]}}