{"id":50299,"date":"2018-02-19T17:08:09","date_gmt":"2018-02-19T17:08:09","guid":{"rendered":"http:\/\/folhadosudeste.com\/site\/?p=50299"},"modified":"2018-02-19T17:08:09","modified_gmt":"2018-02-19T17:08:09","slug":"alunos-muriaeenses-voltam-as-aulas-apos-ferias-escolares","status":"publish","type":"post","link":"http:\/\/folhadosudeste.com\/site\/?p=50299","title":{"rendered":"Alunos muriaeenses voltam \u00e0s aulas ap\u00f3s f\u00e9rias escolares"},"content":{"rendered":"<p><a href=\"http:\/\/folhadosudeste.com\/site\/wp-content\/uploads\/2018\/02\/IMG_8904.jpg\"><img loading=\"lazy\" decoding=\"async\" class=\"aligncenter wp-image-50300 size-large\" src=\"http:\/\/folhadosudeste.com\/site\/wp-content\/uploads\/2018\/02\/IMG_8904-1024x677.jpg\" alt=\"\" width=\"620\" height=\"410\" srcset=\"http:\/\/folhadosudeste.com\/site\/wp-content\/uploads\/2018\/02\/IMG_8904-1024x677.jpg 1024w, http:\/\/folhadosudeste.com\/site\/wp-content\/uploads\/2018\/02\/IMG_8904-300x198.jpg 300w, http:\/\/folhadosudeste.com\/site\/wp-content\/uploads\/2018\/02\/IMG_8904-768x507.jpg 768w, http:\/\/folhadosudeste.com\/site\/wp-content\/uploads\/2018\/02\/IMG_8904.jpg 1500w\" sizes=\"auto, (max-width: 620px) 100vw, 620px\" \/><\/a><\/p>\n<p class=\"m_-2532618148786015536gmail-MsoNoSpacing\" style=\"text-align: justify;\"><i>Rede municipal de ensino abrange 41 escolas e creches, oferecendo educa\u00e7\u00e3o de qualidade a mais de 10 mil estudantes<\/i><\/p>\n<p class=\"m_-2532618148786015536gmail-MsoNoSpacing\" style=\"text-align: justify;\">Cerca de 10.200 alunos da rede municipal de ensino voltaram \u00e0s salas de aula na manh\u00e3 desta segunda-feira (19), ap\u00f3s as f\u00e9rias escolares. Mantida pela Prefeitura, a rede municipal de ensino \u00e9 composta por 41 escolas e creches e abrange aproximadamente 850 profissionais, oferecendo educa\u00e7\u00e3o de qualidade aos estudantes de Muria\u00e9.<\/p>\n<p class=\"m_-2532618148786015536gmail-MsoNoSpacing\" style=\"text-align: justify;\">Al\u00e9m do retorno \u00e0s atividades did\u00e1ticas e pedag\u00f3gicas, o primeiro dia letivo de 2018 foi marcado tamb\u00e9m por a\u00e7\u00e3o do Nacional Atl\u00e9tico Clube (Nac). O time da cidade sorteou ingressos para alunos das escolas municipais Professora Esmeralda Viana, no bairro Inconfid\u00eancia, e Gilberto Jos\u00e9 Tanuz Braz, localizada no Jo\u00e3o XXIII (institui\u00e7\u00f5es que se destacaram nos Jogos Estudantis de Muria\u00e9), para a partida que acontece na noite desta segunda-feira, \u00e0s 20h15min, no Est\u00e1dio Soares de Azevedo, quando enfrenta o Democrata de Sete Lagoas.<\/p>\n<p class=\"m_-2532618148786015536gmail-MsoNoSpacing\" style=\"text-align: justify;\">O calend\u00e1rio escolar compreende 200 dias letivos e carga hor\u00e1ria de 800 horas em 2018. O ano letivo termina em 14 de dezembro e o recesso do m\u00eas de julho ser\u00e1 de 16 a 27. O prefeito Grego d\u00e1 as boas-vindas aos alunos. \u201cNessa segunda-feira come\u00e7ou mais uma importante etapa na vida escolar dos muriaeenses. Estamos empenhados em oferecer aos nossos estudantes ensino de qualidade, pois a educa\u00e7\u00e3o \u00e9 uma \u00e1rea muito importante, e em nossa gest\u00e3o ela est\u00e1 contando com mais investimentos e aten\u00e7\u00e3o especial\u201d, diz.<\/p>\n<p class=\"m_-2532618148786015536gmail-MsoNoSpacing\" style=\"text-align: justify;\"><b>Confira abaixo dados do Calend\u00e1rio Escolar 2018:<\/b><\/p>\n<p class=\"m_-2532618148786015536gmail-MsoNoSpacing\" style=\"text-align: justify;\">Recesso do m\u00eas de julho: 16 a 27<\/p>\n<p class=\"m_-2532618148786015536gmail-MsoNoSpacing\" style=\"text-align: justify;\">Tradicional Semana do Professor: 15 a 19 de outubro<\/p>\n<p class=\"m_-2532618148786015536gmail-MsoNoSpacing\" style=\"text-align: justify;\">S\u00e1bados letivos: 24 de mar\u00e7o, 28 de abril, 19 de maio, 2 de junho, 18 de agosto, 15 de setembro, 10 de novembro, 1\u00ba e 8 de dezembro<\/p>\n<p class=\"m_-2532618148786015536gmail-MsoNoSpacing\" style=\"text-align: justify;\">T\u00e9rmino do ano letivo: 14 de dezembro<\/p>\n<p class=\"m_-2532618148786015536gmail-MsoNoSpacing\" style=\"text-align: justify;\">T\u00e9rmino do ano escolar para os professores: 21 de dezembro<\/p>\n","protected":false},"excerpt":{"rendered":"<p>Rede municipal de ensino abrange 41 escolas e creches, oferecendo educa\u00e7\u00e3o de qualidade a mais de 10 mil estudantes Cerca de 10.200 alunos da rede municipal de ensino voltaram \u00e0s salas de aula na manh\u00e3 desta segunda-feira (19), ap\u00f3s as f\u00e9rias escolares. Mantida pela Prefeitura, a rede municipal de ensino \u00e9 composta por 41 escolas [&hellip;]<\/p>\n","protected":false},"author":6,"featured_media":50300,"comment_status":"open","ping_status":"closed","sticky":false,"template":"","format":"standard","meta":{"_joinchat":[],"footnotes":""},"categories":[1],"tags":[],"class_list":["post-50299","post","type-post","status-publish","format-standard","has-post-thumbnail","hentry","category-sem-categoria"],"_links":{"self":[{"href":"http:\/\/folhadosudeste.com\/site\/index.php?rest_route=\/wp\/v2\/posts\/50299","targetHints":{"allow":["GET"]}}],"collection":[{"href":"http:\/\/folhadosudeste.com\/site\/index.php?rest_route=\/wp\/v2\/posts"}],"about":[{"href":"http:\/\/folhadosudeste.com\/site\/index.php?rest_route=\/wp\/v2\/types\/post"}],"author":[{"embeddable":true,"href":"http:\/\/folhadosudeste.com\/site\/index.php?rest_route=\/wp\/v2\/users\/6"}],"replies":[{"embeddable":true,"href":"http:\/\/folhadosudeste.com\/site\/index.php?rest_route=%2Fwp%2Fv2%2Fcomments&post=50299"}],"version-history":[{"count":1,"href":"http:\/\/folhadosudeste.com\/site\/index.php?rest_route=\/wp\/v2\/posts\/50299\/revisions"}],"predecessor-version":[{"id":50301,"href":"http:\/\/folhadosudeste.com\/site\/index.php?rest_route=\/wp\/v2\/posts\/50299\/revisions\/50301"}],"wp:featuredmedia":[{"embeddable":true,"href":"http:\/\/folhadosudeste.com\/site\/index.php?rest_route=\/wp\/v2\/media\/50300"}],"wp:attachment":[{"href":"http:\/\/folhadosudeste.com\/site\/index.php?rest_route=%2Fwp%2Fv2%2Fmedia&parent=50299"}],"wp:term":[{"taxonomy":"category","embeddable":true,"href":"http:\/\/folhadosudeste.com\/site\/index.php?rest_route=%2Fwp%2Fv2%2Fcategories&post=50299"},{"taxonomy":"post_tag","embeddable":true,"href":"http:\/\/folhadosudeste.com\/site\/index.php?rest_route=%2Fwp%2Fv2%2Ftags&post=50299"}],"curies":[{"name":"wp","href":"https:\/\/api.w.org\/{rel}","templated":true}]}}