{"id":50307,"date":"2018-02-20T13:39:59","date_gmt":"2018-02-20T13:39:59","guid":{"rendered":"http:\/\/folhadosudeste.com\/site\/?p=50307"},"modified":"2018-02-20T13:41:36","modified_gmt":"2018-02-20T13:41:36","slug":"paroquia-de-itamuri-realiza-festa-em-homenagem-a-sao-sebastiao","status":"publish","type":"post","link":"http:\/\/folhadosudeste.com\/site\/?p=50307","title":{"rendered":"Par\u00f3quia de Itamuri realiza festa em homenagem a S\u00e3o Sebasti\u00e3o"},"content":{"rendered":"<p style=\"text-align: justify;\"><a href=\"http:\/\/folhadosudeste.com\/site\/wp-content\/uploads\/2018\/02\/prontinho.jpg\"><img loading=\"lazy\" decoding=\"async\" class=\"size-medium wp-image-50322 aligncenter\" src=\"http:\/\/folhadosudeste.com\/site\/wp-content\/uploads\/2018\/02\/prontinho-300x143.jpg\" alt=\"\" width=\"300\" height=\"143\" srcset=\"http:\/\/folhadosudeste.com\/site\/wp-content\/uploads\/2018\/02\/prontinho-300x143.jpg 300w, http:\/\/folhadosudeste.com\/site\/wp-content\/uploads\/2018\/02\/prontinho.jpg 620w\" sizes=\"auto, (max-width: 300px) 100vw, 300px\" \/><\/a><\/p>\n<p style=\"text-align: justify;\">Foi realizada, no distrito de Itamuri, uma festa em homenagem a S\u00e3o Sebasti\u00e3o, em que existe a tradi\u00e7\u00e3o de comemorar todos os anos. Na semana que englobou o dia 20 janeiro, data oficial comemorativa, foi realizada o tr\u00edduo ao santo e a Missa Festiva, consolidando o evento religioso. J\u00e1 os eventos sociais, eles deixaram para fazer em uma data que n\u00e3o tivessem muitas festas ao redor. Assim, no \u00faltimo domingo, a festa aconteceu com direito a almo\u00e7o, cavalgada e os leil\u00f5es, al\u00e9m de um show com muita boa m\u00fasica para encerrar as festividades e a Santa Missa do 1\u00ba Domingo da Quaresma.<\/p>\n<p style=\"text-align: justify;\">Pe. Cust\u00f3dio Jacinto de Souza \u00e9 p\u00e1roco da Par\u00f3quia Nossa Senhora da Gl\u00f3ria, distrito de Itamuri, sendo que, de 31 de mar\u00e7o de 2016 at\u00e9 outubro de 2017, foi administrador paroquial. Ele mostrou sua satisfa\u00e7\u00e3o com o grande n\u00famero de pessoas que estiveram presentes. <em>\u201cVieram pessoas de Muria\u00e9, Miradouro, Belis\u00e1rio, S\u00e3o Domingos, Santana de Cataguases, Vermelho e outras comunidades. Agrade\u00e7o em primeiro lugar a Deus por ter nos dado a oportunidade de realizar essa festa com sa\u00fade e ocorrendo tudo bem, as pessoas que vieram com alegria e aos que se empenharam na organiza\u00e7\u00e3o da festa, lutando, fazendo campanha, ajudando e doando\u201d,<\/em> acrescenta.<\/p>\n<p>[ngg_images source=&#8221;galleries&#8221; container_ids=&#8221;1267&#8243; display_type=&#8221;photocrati-nextgen_basic_thumbnails&#8221; override_thumbnail_settings=&#8221;0&#8243; thumbnail_width=&#8221;100&#8243; thumbnail_height=&#8221;75&#8243; thumbnail_crop=&#8221;1&#8243; images_per_page=&#8221;0&#8243; number_of_columns=&#8221;0&#8243; ajax_pagination=&#8221;0&#8243; show_all_in_lightbox=&#8221;0&#8243; use_imagebrowser_effect=&#8221;0&#8243; show_slideshow_link=&#8221;1&#8243; slideshow_link_text=&#8221;[Show as slideshow]&#8221; order_by=&#8221;sortorder&#8221; order_direction=&#8221;ASC&#8221; returns=&#8221;included&#8221; maximum_entity_count=&#8221;500&#8243;]<\/p>\n","protected":false},"excerpt":{"rendered":"<p>Foi realizada, no distrito de Itamuri, uma festa em homenagem a S\u00e3o Sebasti\u00e3o, em que existe a tradi\u00e7\u00e3o de comemorar todos os anos. Na semana que englobou o dia 20 janeiro, data oficial comemorativa, foi realizada o tr\u00edduo ao santo e a Missa Festiva, consolidando o evento religioso. J\u00e1 os eventos sociais, eles deixaram para [&hellip;]<\/p>\n","protected":false},"author":7,"featured_media":50322,"comment_status":"open","ping_status":"closed","sticky":false,"template":"","format":"standard","meta":{"_joinchat":[],"footnotes":""},"categories":[1],"tags":[],"class_list":["post-50307","post","type-post","status-publish","format-standard","has-post-thumbnail","hentry","category-sem-categoria"],"_links":{"self":[{"href":"http:\/\/folhadosudeste.com\/site\/index.php?rest_route=\/wp\/v2\/posts\/50307","targetHints":{"allow":["GET"]}}],"collection":[{"href":"http:\/\/folhadosudeste.com\/site\/index.php?rest_route=\/wp\/v2\/posts"}],"about":[{"href":"http:\/\/folhadosudeste.com\/site\/index.php?rest_route=\/wp\/v2\/types\/post"}],"author":[{"embeddable":true,"href":"http:\/\/folhadosudeste.com\/site\/index.php?rest_route=\/wp\/v2\/users\/7"}],"replies":[{"embeddable":true,"href":"http:\/\/folhadosudeste.com\/site\/index.php?rest_route=%2Fwp%2Fv2%2Fcomments&post=50307"}],"version-history":[{"count":2,"href":"http:\/\/folhadosudeste.com\/site\/index.php?rest_route=\/wp\/v2\/posts\/50307\/revisions"}],"predecessor-version":[{"id":50324,"href":"http:\/\/folhadosudeste.com\/site\/index.php?rest_route=\/wp\/v2\/posts\/50307\/revisions\/50324"}],"wp:featuredmedia":[{"embeddable":true,"href":"http:\/\/folhadosudeste.com\/site\/index.php?rest_route=\/wp\/v2\/media\/50322"}],"wp:attachment":[{"href":"http:\/\/folhadosudeste.com\/site\/index.php?rest_route=%2Fwp%2Fv2%2Fmedia&parent=50307"}],"wp:term":[{"taxonomy":"category","embeddable":true,"href":"http:\/\/folhadosudeste.com\/site\/index.php?rest_route=%2Fwp%2Fv2%2Fcategories&post=50307"},{"taxonomy":"post_tag","embeddable":true,"href":"http:\/\/folhadosudeste.com\/site\/index.php?rest_route=%2Fwp%2Fv2%2Ftags&post=50307"}],"curies":[{"name":"wp","href":"https:\/\/api.w.org\/{rel}","templated":true}]}}