{"id":50326,"date":"2018-02-20T14:00:11","date_gmt":"2018-02-20T14:00:11","guid":{"rendered":"http:\/\/folhadosudeste.com\/site\/?p=50326"},"modified":"2018-02-20T14:27:00","modified_gmt":"2018-02-20T14:27:00","slug":"boa-familia-recebe-primeira-edicao-do-prefeitura-no-seu-bairro-de-2018","status":"publish","type":"post","link":"http:\/\/folhadosudeste.com\/site\/?p=50326","title":{"rendered":"Boa Fam\u00edlia recebe primeira edi\u00e7\u00e3o do \u201cPrefeitura no seu Bairro\u201d de 2018"},"content":{"rendered":"<p class=\"m_5789697504009053015gmail-MsoNoSpacing\" style=\"text-align: justify;\">&nbsp;<\/p>\n<p class=\"m_5789697504009053015gmail-MsoNoSpacing\" style=\"text-align: justify;\">O distrito de Boa Fam\u00edlia ser\u00e1 o primeiro local a receber o \u201cPrefeitura no seu Bairro\u201d em 2018. Realizado pela Prefeitura, em parceria com institui\u00e7\u00f5es da cidade, o evento acontecer\u00e1 a partir das 13h do pr\u00f3ximo s\u00e1bado (24), na Pra\u00e7a Am\u00e9rico dos Santos (ao lado da Igreja Cat\u00f3lica). O objetivo \u00e9 levar aos muriaeenses servi\u00e7os p\u00fablicos gratuitos e aproximar os moradores da Administra\u00e7\u00e3o.<\/p>\n<p class=\"m_5789697504009053015gmail-MsoNoSpacing\" style=\"text-align: justify;\">O evento contar\u00e1 com apresenta\u00e7\u00f5es art\u00edsticas e culturais, atividades recreativas para as crian\u00e7as, oficina de culin\u00e1ria, exames de papanicolau, de vista e mamografia, aferi\u00e7\u00e3o de press\u00e3o arterial, medi\u00e7\u00e3o de glicose, al\u00e9m de inclus\u00e3o e atualiza\u00e7\u00e3o do Cadastro \u00danico para programas do Governo Federal \u2013 para esse servi\u00e7o, \u00e9 necess\u00e1rio apresentar Carteira de Identidade, CPF, T\u00edtulo de Eleitor, comprovante de resid\u00eancia, declara\u00e7\u00e3o escolar, Carteira de Trabalho (para maiores de 18 anos), Certid\u00e3o de Casamento, Carteira de Nascimento, Certid\u00e3o de \u00d3bito (em caso de falecimento de algu\u00e9m da fam\u00edlia) e conta de luz recente.<\/p>\n<p class=\"m_5789697504009053015gmail-MsoNoSpacing\" style=\"text-align: justify;\">&nbsp;Ao longo do ano, outros bairros e distritos v\u00e3o receber o evento e A\u00e7\u00f5es Comunit\u00e1rias, que tamb\u00e9m s\u00e3o um canal de aproxima\u00e7\u00e3o com o poder p\u00fablico. \u201cConvidamos todos os moradores de Boa Fam\u00edlia e regi\u00e3o para participar conosco desse evento, que ter\u00e1 muita divers\u00e3o e servi\u00e7os p\u00fablicos gratuitos. Queremos os muriaeenses mais perto de n\u00f3s, para que possamos ouvir seus anseios e, juntos, construirmos um novo caminho para Muria\u00e9\u201d, afirma o prefeito Grego.<\/p>\n<p>&nbsp;<\/p>\n<p class=\"m_6430087651476897074gmail-MsoNoSpacing\"><b>Documentos necess\u00e1rios para realiza\u00e7\u00e3o do Cadastro \u00danico:<\/b><\/p>\n<p class=\"m_6430087651476897074gmail-MsoNoSpacing\">&nbsp;&#8211; Carteira de Identidade<\/p>\n<p class=\"m_6430087651476897074gmail-MsoNoSpacing\">&nbsp;&#8211; CPF<\/p>\n<p class=\"m_6430087651476897074gmail-MsoNoSpacing\">&nbsp;&#8211; T\u00edtulo de Eleitor<\/p>\n<p class=\"m_6430087651476897074gmail-MsoNoSpacing\">&nbsp;&#8211; Comprovante de resid\u00eancia<\/p>\n<p class=\"m_6430087651476897074gmail-MsoNoSpacing\">&nbsp;&#8211; Declara\u00e7\u00e3o escolar<\/p>\n<p class=\"m_6430087651476897074gmail-MsoNoSpacing\">&nbsp;&#8211; Carteira de Trabalho (para maiores de 18 anos)<\/p>\n<p class=\"m_6430087651476897074gmail-MsoNoSpacing\">&nbsp;&#8211; Certid\u00e3o de Casamento<\/p>\n<p class=\"m_6430087651476897074gmail-MsoNoSpacing\">&nbsp;&#8211; Carteira de Nascimento<\/p>\n<p class=\"m_6430087651476897074gmail-MsoNoSpacing\">&nbsp;&#8211; Certid\u00e3o de \u00d3bito (em caso de falecimento de algu\u00e9m da fam\u00edlia)<\/p>\n<p class=\"m_6430087651476897074gmail-MsoNoSpacing\">&nbsp;&#8211; Conta de luz recente<\/p>\n<p>[ngg_images source=&#8221;galleries&#8221; container_ids=&#8221;1268&#8243; display_type=&#8221;photocrati-nextgen_basic_thumbnails&#8221; override_thumbnail_settings=&#8221;0&#8243; thumbnail_width=&#8221;100&#8243; thumbnail_height=&#8221;75&#8243; thumbnail_crop=&#8221;1&#8243; images_per_page=&#8221;0&#8243; number_of_columns=&#8221;0&#8243; ajax_pagination=&#8221;0&#8243; show_all_in_lightbox=&#8221;0&#8243; use_imagebrowser_effect=&#8221;0&#8243; show_slideshow_link=&#8221;1&#8243; slideshow_link_text=&#8221;[Show as slideshow]&#8221; order_by=&#8221;sortorder&#8221; order_direction=&#8221;ASC&#8221; returns=&#8221;included&#8221; maximum_entity_count=&#8221;500&#8243;]<\/p>\n","protected":false},"excerpt":{"rendered":"<p>&nbsp; O distrito de Boa Fam\u00edlia ser\u00e1 o primeiro local a receber o \u201cPrefeitura no seu Bairro\u201d em 2018. Realizado pela Prefeitura, em parceria com institui\u00e7\u00f5es da cidade, o evento acontecer\u00e1 a partir das 13h do pr\u00f3ximo s\u00e1bado (24), na Pra\u00e7a Am\u00e9rico dos Santos (ao lado da Igreja Cat\u00f3lica). O objetivo \u00e9 levar aos muriaeenses [&hellip;]<\/p>\n","protected":false},"author":7,"featured_media":50344,"comment_status":"open","ping_status":"closed","sticky":false,"template":"","format":"standard","meta":{"_joinchat":[],"footnotes":""},"categories":[1],"tags":[],"class_list":["post-50326","post","type-post","status-publish","format-standard","has-post-thumbnail","hentry","category-sem-categoria"],"_links":{"self":[{"href":"http:\/\/folhadosudeste.com\/site\/index.php?rest_route=\/wp\/v2\/posts\/50326","targetHints":{"allow":["GET"]}}],"collection":[{"href":"http:\/\/folhadosudeste.com\/site\/index.php?rest_route=\/wp\/v2\/posts"}],"about":[{"href":"http:\/\/folhadosudeste.com\/site\/index.php?rest_route=\/wp\/v2\/types\/post"}],"author":[{"embeddable":true,"href":"http:\/\/folhadosudeste.com\/site\/index.php?rest_route=\/wp\/v2\/users\/7"}],"replies":[{"embeddable":true,"href":"http:\/\/folhadosudeste.com\/site\/index.php?rest_route=%2Fwp%2Fv2%2Fcomments&post=50326"}],"version-history":[{"count":5,"href":"http:\/\/folhadosudeste.com\/site\/index.php?rest_route=\/wp\/v2\/posts\/50326\/revisions"}],"predecessor-version":[{"id":50346,"href":"http:\/\/folhadosudeste.com\/site\/index.php?rest_route=\/wp\/v2\/posts\/50326\/revisions\/50346"}],"wp:featuredmedia":[{"embeddable":true,"href":"http:\/\/folhadosudeste.com\/site\/index.php?rest_route=\/wp\/v2\/media\/50344"}],"wp:attachment":[{"href":"http:\/\/folhadosudeste.com\/site\/index.php?rest_route=%2Fwp%2Fv2%2Fmedia&parent=50326"}],"wp:term":[{"taxonomy":"category","embeddable":true,"href":"http:\/\/folhadosudeste.com\/site\/index.php?rest_route=%2Fwp%2Fv2%2Fcategories&post=50326"},{"taxonomy":"post_tag","embeddable":true,"href":"http:\/\/folhadosudeste.com\/site\/index.php?rest_route=%2Fwp%2Fv2%2Ftags&post=50326"}],"curies":[{"name":"wp","href":"https:\/\/api.w.org\/{rel}","templated":true}]}}