{"id":50340,"date":"2018-02-20T14:14:54","date_gmt":"2018-02-20T14:14:54","guid":{"rendered":"http:\/\/folhadosudeste.com\/site\/?p=50340"},"modified":"2018-02-20T14:15:22","modified_gmt":"2018-02-20T14:15:22","slug":"50340","status":"publish","type":"post","link":"http:\/\/folhadosudeste.com\/site\/?p=50340","title":{"rendered":"Prefeitura convoca estagi\u00e1rios para atua\u00e7\u00e3o na assist\u00eancia social"},"content":{"rendered":"<p><a href=\"http:\/\/folhadosudeste.com\/site\/wp-content\/uploads\/2018\/02\/Processo-seletivodadadad.jpg\"><img loading=\"lazy\" decoding=\"async\" class=\"size-medium wp-image-50341 aligncenter\" src=\"http:\/\/folhadosudeste.com\/site\/wp-content\/uploads\/2018\/02\/Processo-seletivodadadad-300x169.jpg\" alt=\"\" width=\"300\" height=\"169\" srcset=\"http:\/\/folhadosudeste.com\/site\/wp-content\/uploads\/2018\/02\/Processo-seletivodadadad-300x169.jpg 300w, http:\/\/folhadosudeste.com\/site\/wp-content\/uploads\/2018\/02\/Processo-seletivodadadad.jpg 620w\" sizes=\"auto, (max-width: 300px) 100vw, 300px\" \/><\/a><\/p>\n<p class=\"m_-4794835993814411673gmail-MsoNoSpacing\" style=\"text-align: justify;\"><b>Prefeitura convoca estagi\u00e1rios para atua\u00e7\u00e3o na assist\u00eancia social<\/b><\/p>\n<p class=\"m_-4794835993814411673gmail-MsoNoSpacing\" style=\"text-align: justify;\"><i>Estudantes devem assinar contrato at\u00e9 23 de fevereiro; eles v\u00e3o auxiliar trabalho em institui\u00e7\u00f5es que prestam servi\u00e7os sociais na cidade<\/i><\/p>\n<p class=\"m_-4794835993814411673gmail-MsoNoSpacing\" style=\"text-align: justify;\">A Prefeitura convoca os estagi\u00e1rios de Pedagogia, Psicologia e Servi\u00e7o Social, aprovados em processo seletivo em 15 de janeiro, para atua\u00e7\u00e3o nas institui\u00e7\u00f5es que prestam servi\u00e7os na assist\u00eancia social em Muria\u00e9. Os estudantes v\u00e3o auxiliar o trabalho prestado aos muriaeenses nesse setor em 2018, al\u00e9m de adquirir experi\u00eancia profissional.<\/p>\n<p class=\"m_-4794835993814411673gmail-MsoNoSpacing\" style=\"text-align: justify;\">Os candidatos devem comparecer na Secretaria Municipal de Desenvolvimento Social, localizada no primeiro andar do Centro Administrativo, de 7h30min \u00e0s 11h30min e de 13h30min \u00e0s 16h30min, at\u00e9 o dia 23 de fevereiro, para assinar contrato. A rela\u00e7\u00e3o dos estagi\u00e1rios aprovados pode ser conferida no site da Prefeitura (<a href=\"http:\/\/www.muriae.mg.gov.br\/\" target=\"_blank\" rel=\"noopener\" data-saferedirecturl=\"https:\/\/www.google.com\/url?hl=pt-BR&amp;q=http:\/\/www.muriae.mg.gov.br&amp;source=gmail&amp;ust=1519221654138000&amp;usg=AFQjCNHAzfrbe2PusSzWNJUaRaiUuGfCcQ\">www.muriae.mg.gov.br<\/a>, aba \u201cCidad\u00e3o\u201d, link \u201cEst\u00e1gios\u201d, op\u00e7\u00e3o \u201cSecretaria de Desenvolvimento Social\u201d).<\/p>\n<p class=\"m_-4794835993814411673gmail-MsoNoSpacing\" style=\"text-align: justify;\">Quarenta e tr\u00eas estudantes de diversas \u00e1reas come\u00e7aram a atuar na \u00faltima sexta-feira (16). J\u00e1 os novos convocados devem come\u00e7ar o est\u00e1gio dia 1\u00ba de mar\u00e7o. A jornada ser\u00e1 de seis horas di\u00e1rias, de manh\u00e3 ou \u00e0 tarde, conforme conveni\u00eancia da Administra\u00e7\u00e3o.<\/p>\n","protected":false},"excerpt":{"rendered":"<p>Prefeitura convoca estagi\u00e1rios para atua\u00e7\u00e3o na assist\u00eancia social Estudantes devem assinar contrato at\u00e9 23 de fevereiro; eles v\u00e3o auxiliar trabalho em institui\u00e7\u00f5es que prestam servi\u00e7os sociais na cidade A Prefeitura convoca os estagi\u00e1rios de Pedagogia, Psicologia e Servi\u00e7o Social, aprovados em processo seletivo em 15 de janeiro, para atua\u00e7\u00e3o nas institui\u00e7\u00f5es que prestam servi\u00e7os na [&hellip;]<\/p>\n","protected":false},"author":7,"featured_media":50341,"comment_status":"open","ping_status":"closed","sticky":false,"template":"","format":"standard","meta":{"_joinchat":[],"footnotes":""},"categories":[1],"tags":[],"class_list":["post-50340","post","type-post","status-publish","format-standard","has-post-thumbnail","hentry","category-sem-categoria"],"_links":{"self":[{"href":"http:\/\/folhadosudeste.com\/site\/index.php?rest_route=\/wp\/v2\/posts\/50340","targetHints":{"allow":["GET"]}}],"collection":[{"href":"http:\/\/folhadosudeste.com\/site\/index.php?rest_route=\/wp\/v2\/posts"}],"about":[{"href":"http:\/\/folhadosudeste.com\/site\/index.php?rest_route=\/wp\/v2\/types\/post"}],"author":[{"embeddable":true,"href":"http:\/\/folhadosudeste.com\/site\/index.php?rest_route=\/wp\/v2\/users\/7"}],"replies":[{"embeddable":true,"href":"http:\/\/folhadosudeste.com\/site\/index.php?rest_route=%2Fwp%2Fv2%2Fcomments&post=50340"}],"version-history":[{"count":2,"href":"http:\/\/folhadosudeste.com\/site\/index.php?rest_route=\/wp\/v2\/posts\/50340\/revisions"}],"predecessor-version":[{"id":50343,"href":"http:\/\/folhadosudeste.com\/site\/index.php?rest_route=\/wp\/v2\/posts\/50340\/revisions\/50343"}],"wp:featuredmedia":[{"embeddable":true,"href":"http:\/\/folhadosudeste.com\/site\/index.php?rest_route=\/wp\/v2\/media\/50341"}],"wp:attachment":[{"href":"http:\/\/folhadosudeste.com\/site\/index.php?rest_route=%2Fwp%2Fv2%2Fmedia&parent=50340"}],"wp:term":[{"taxonomy":"category","embeddable":true,"href":"http:\/\/folhadosudeste.com\/site\/index.php?rest_route=%2Fwp%2Fv2%2Fcategories&post=50340"},{"taxonomy":"post_tag","embeddable":true,"href":"http:\/\/folhadosudeste.com\/site\/index.php?rest_route=%2Fwp%2Fv2%2Ftags&post=50340"}],"curies":[{"name":"wp","href":"https:\/\/api.w.org\/{rel}","templated":true}]}}