{"id":50377,"date":"2018-02-21T11:56:16","date_gmt":"2018-02-21T11:56:16","guid":{"rendered":"http:\/\/folhadosudeste.com\/site\/?p=50377"},"modified":"2018-02-21T11:56:16","modified_gmt":"2018-02-21T11:56:16","slug":"camara-realiza-diversas-licitacoes-no-inicio-da-gestao-de-ademar-camerino","status":"publish","type":"post","link":"http:\/\/folhadosudeste.com\/site\/?p=50377","title":{"rendered":"C\u00e2mara realiza diversas licita\u00e7\u00f5es no in\u00edcio da gest\u00e3o de Ademar Camerino"},"content":{"rendered":"<p style=\"text-align: justify;\"><a href=\"http:\/\/folhadosudeste.com\/site\/wp-content\/uploads\/2018\/02\/pronto.jpg\"><img loading=\"lazy\" decoding=\"async\" class=\"size-medium wp-image-50388 aligncenter\" src=\"http:\/\/folhadosudeste.com\/site\/wp-content\/uploads\/2018\/02\/pronto-300x148.jpg\" alt=\"\" width=\"300\" height=\"148\" srcset=\"http:\/\/folhadosudeste.com\/site\/wp-content\/uploads\/2018\/02\/pronto-300x148.jpg 300w, http:\/\/folhadosudeste.com\/site\/wp-content\/uploads\/2018\/02\/pronto.jpg 620w\" sizes=\"auto, (max-width: 300px) 100vw, 300px\" \/><\/a><\/p>\n<p style=\"text-align: justify;\">A C\u00e2mara de Muria\u00e9 realizou nos \u00faltimos dias v\u00e1rias licita\u00e7\u00f5es para aquisi\u00e7\u00f5es de diversos produtos que ser\u00e3o utilizados durante o ano, como material de escrit\u00f3rio, tonner para impressoras, produtos de padaria e servi\u00e7os gr\u00e1ficos. De acordo com o presidente Ademar Camerino (PROS), um grande planejamento foi realizado pela equipe t\u00e9cnica do Legislativo a fim de se levantar a demanda do ano para que processos licitat\u00f3rios pudessem ser realizados em todas as \u00e1reas, em busca de economia aos cofres p\u00fablicos. \u201cCom total transpar\u00eancia e promovendo uma concorr\u00eancia sadia e justa entre os comerciantes, pretendemos democratizar o setor de comprar da C\u00e2mara, oferecendo oportunidades para aqueles que oferecerem os menores pre\u00e7os\u201d, afirmou o presidente, concluindo que dessa forma pretende implantar uma gest\u00e3o respons\u00e1vel e coerente com sua trajet\u00f3ria na C\u00e2mara de Muria\u00e9.<\/p>\n<p>No dia 20,a C\u00e2mara realiza sua primeira sess\u00e3o ordin\u00e1ria ap\u00f3s o Carnaval e a segunda de 2018.<\/p>\n<p>[ngg_images source=&#8221;galleries&#8221; container_ids=&#8221;1270&#8243; display_type=&#8221;photocrati-nextgen_basic_thumbnails&#8221; override_thumbnail_settings=&#8221;0&#8243; thumbnail_width=&#8221;100&#8243; thumbnail_height=&#8221;75&#8243; thumbnail_crop=&#8221;1&#8243; images_per_page=&#8221;0&#8243; number_of_columns=&#8221;0&#8243; ajax_pagination=&#8221;0&#8243; show_all_in_lightbox=&#8221;0&#8243; use_imagebrowser_effect=&#8221;0&#8243; show_slideshow_link=&#8221;1&#8243; slideshow_link_text=&#8221;[Show as slideshow]&#8221; order_by=&#8221;sortorder&#8221; order_direction=&#8221;ASC&#8221; returns=&#8221;included&#8221; maximum_entity_count=&#8221;500&#8243;]<\/p>\n","protected":false},"excerpt":{"rendered":"<p>A C\u00e2mara de Muria\u00e9 realizou nos \u00faltimos dias v\u00e1rias licita\u00e7\u00f5es para aquisi\u00e7\u00f5es de diversos produtos que ser\u00e3o utilizados durante o ano, como material de escrit\u00f3rio, tonner para impressoras, produtos de padaria e servi\u00e7os gr\u00e1ficos. De acordo com o presidente Ademar Camerino (PROS), um grande planejamento foi realizado pela equipe t\u00e9cnica do Legislativo a fim de [&hellip;]<\/p>\n","protected":false},"author":7,"featured_media":50388,"comment_status":"open","ping_status":"closed","sticky":false,"template":"","format":"standard","meta":{"_joinchat":[],"footnotes":""},"categories":[1],"tags":[],"class_list":["post-50377","post","type-post","status-publish","format-standard","has-post-thumbnail","hentry","category-sem-categoria"],"_links":{"self":[{"href":"http:\/\/folhadosudeste.com\/site\/index.php?rest_route=\/wp\/v2\/posts\/50377","targetHints":{"allow":["GET"]}}],"collection":[{"href":"http:\/\/folhadosudeste.com\/site\/index.php?rest_route=\/wp\/v2\/posts"}],"about":[{"href":"http:\/\/folhadosudeste.com\/site\/index.php?rest_route=\/wp\/v2\/types\/post"}],"author":[{"embeddable":true,"href":"http:\/\/folhadosudeste.com\/site\/index.php?rest_route=\/wp\/v2\/users\/7"}],"replies":[{"embeddable":true,"href":"http:\/\/folhadosudeste.com\/site\/index.php?rest_route=%2Fwp%2Fv2%2Fcomments&post=50377"}],"version-history":[{"count":1,"href":"http:\/\/folhadosudeste.com\/site\/index.php?rest_route=\/wp\/v2\/posts\/50377\/revisions"}],"predecessor-version":[{"id":50389,"href":"http:\/\/folhadosudeste.com\/site\/index.php?rest_route=\/wp\/v2\/posts\/50377\/revisions\/50389"}],"wp:featuredmedia":[{"embeddable":true,"href":"http:\/\/folhadosudeste.com\/site\/index.php?rest_route=\/wp\/v2\/media\/50388"}],"wp:attachment":[{"href":"http:\/\/folhadosudeste.com\/site\/index.php?rest_route=%2Fwp%2Fv2%2Fmedia&parent=50377"}],"wp:term":[{"taxonomy":"category","embeddable":true,"href":"http:\/\/folhadosudeste.com\/site\/index.php?rest_route=%2Fwp%2Fv2%2Fcategories&post=50377"},{"taxonomy":"post_tag","embeddable":true,"href":"http:\/\/folhadosudeste.com\/site\/index.php?rest_route=%2Fwp%2Fv2%2Ftags&post=50377"}],"curies":[{"name":"wp","href":"https:\/\/api.w.org\/{rel}","templated":true}]}}