{"id":5061,"date":"2014-09-16T14:11:46","date_gmt":"2014-09-16T14:11:46","guid":{"rendered":"http:\/\/folhadosudeste.com\/site\/?p=5061"},"modified":"2014-09-16T14:11:46","modified_gmt":"2014-09-16T14:11:46","slug":"folha-policial-2","status":"publish","type":"post","link":"http:\/\/folhadosudeste.com\/site\/?p=5061","title":{"rendered":"FOLHA POLICIAL"},"content":{"rendered":"<p style=\"text-align: justify;\" align=\"center\"><a href=\"http:\/\/folhadosudeste.com\/site\/wp-content\/uploads\/2014\/09\/viatura-pm11.jpg\"><img loading=\"lazy\" decoding=\"async\" class=\"aligncenter size-full wp-image-5049\" alt=\"viatura-pm1\" src=\"http:\/\/folhadosudeste.com\/site\/wp-content\/uploads\/2014\/09\/viatura-pm11.jpg\" width=\"620\" height=\"346\" srcset=\"http:\/\/folhadosudeste.com\/site\/wp-content\/uploads\/2014\/09\/viatura-pm11.jpg 620w, http:\/\/folhadosudeste.com\/site\/wp-content\/uploads\/2014\/09\/viatura-pm11-300x167.jpg 300w\" sizes=\"auto, (max-width: 620px) 100vw, 620px\" \/><\/a><\/p>\n<p style=\"text-align: justify;\" align=\"center\"><b><i>76\u00aa CIA PM \u2013 MURIA\u00c9-MG<\/i><\/b><\/p>\n<p style=\"text-align: justify;\"><b>PM CUMPRE MANDADO DE PRIS\u00c3O EM MURIA\u00c9<\/b><\/p>\n<p style=\"text-align: justify;\">Em 15\/09\/2014, por volta das 0940min, na Rua Rosa Moreira, no Bairro Santo Ant\u00f4nio, militares abordaram R.J.F., de 29 anos e em consulta ao sistema informatizado, foi constatado um mandado de pris\u00e3o em desfavor do mesmo. Diante dos fatos o autor foi encaminhado \u00e0 DPJ.<\/p>\n<p style=\"text-align: justify;\"><b>PM APREENDE MENOR POR PORTE DE ARMA DE FOGO EM MURIA\u00c9<\/b><\/p>\n<p style=\"text-align: justify;\">Em 15\/09\/2014, por volta das 11h20min, na Ladeira Santo Ant\u00f4nio, no Bairro Santo Ant\u00f4nio, militares depararam com E.S.M., de 13 anos, e durante busca pessoal foi encontrado na cintura do mesmo, uma arma similar a uma pistola de cor preta. O menor disse que est\u00e1 cheio de inimigos e estava com o objeto para causar medo em seus desafetos. Diante dos fatos, o menor foi apresentado na DPJ.<\/p>\n<p style=\"text-align: justify;\"><b>PM LOCALIZA VE\u00cdCULO FURTADO EM MURIA\u00c9<\/b><\/p>\n<p style=\"text-align: justify;\">Em 15\/09\/2014, por volta das 10h15min, na Rodovia BR 265, na ponte da entrada para o DISTRITO DE MACUCO, militares fizeram contato com H.R.R., de 21 anos, e este mostrou um chassi de motocicleta no fundo do rio, bem como um tanque de combust\u00edvel de motocicleta agarrado em um galho no meio do rio. O guincho credenciado retirou o ve\u00edculo, sendo constatado pelo n\u00ba do chassi que o referido ve\u00edculo tratava-se de uma HONDA TITAN 150 KS, de CATAGUASES. O chassi e o tanque foram recolhidos ao p\u00e1tio Detran.<\/p>\n<p style=\"text-align: justify;\"><b>PM PRENDE FORAGIDO DA JUSTI\u00c7A EM MURIA\u00c9<\/b><\/p>\n<p style=\"text-align: justify;\">Em 15\/09\/2014, por volta das 15h50min, na Avenida J.K., no Centro, militares abordaram C.P.S., de 33 anos, contra o qual consta um mandado de pris\u00e3o, sendo o autor preso e conduzido \u00e0 DPJ.<\/p>\n<p style=\"text-align: justify;\"><b>PM APREENDE MENOR POR ENVOLVIMENTO COM TR\u00c1FICO DE DROGAS EM MURIA\u00c9<\/b><\/p>\n<p style=\"text-align: justify;\">Em 15\/09\/2014, por volta das 19h25min, na Rua Cap. Jo\u00e3o Felisberto, no Bairro Barra ap\u00f3s informa\u00e7\u00e3o de que um indiv\u00edduo estava comercializando entorpecentes, militares depararam com E.S.F., de 17 anos, e, ao avistar a viatura, colocou algo rapidamente na boca, acelerando o passo. Durante a abordagem, o menor expeliu uma &#8220;amarra&#8221; de inv\u00f3lucros pl\u00e1sticos contendo 05 inv\u00f3lucros menores com tabletes de maconha. No bolso de sua blusa, foi localizado R$5,00 e 01 celular LG, cor preto, onde na tela do mesmo havia uma foto do referido adolescente junto com outro indiv\u00edduo, este j\u00e1 conhecido no meio policial pelo envolvimento com o tr\u00e1fico de drogas, sendo que ambos posavam na foto segurando, cada um, uma arma de fogo, revolver cal.38. Diante dos fatos, foi dada voz de apreens\u00e3o ao menor e conduzido \u00e0 DPJ.<\/p>\n<p style=\"text-align: justify;\">FONTE:47BPM<\/p>\n","protected":false},"excerpt":{"rendered":"<p>76\u00aa CIA PM \u2013 MURIA\u00c9-MG PM CUMPRE MANDADO DE PRIS\u00c3O EM MURIA\u00c9 Em 15\/09\/2014, por volta das 0940min, na Rua Rosa Moreira, no Bairro Santo Ant\u00f4nio, militares abordaram R.J.F., de 29 anos e em consulta ao sistema informatizado, foi constatado um mandado de pris\u00e3o em desfavor do mesmo. Diante dos fatos o autor foi encaminhado [&hellip;]<\/p>\n","protected":false},"author":4,"featured_media":5049,"comment_status":"open","ping_status":"closed","sticky":false,"template":"","format":"standard","meta":{"_joinchat":[],"footnotes":""},"categories":[1],"tags":[],"class_list":["post-5061","post","type-post","status-publish","format-standard","has-post-thumbnail","hentry","category-sem-categoria"],"_links":{"self":[{"href":"http:\/\/folhadosudeste.com\/site\/index.php?rest_route=\/wp\/v2\/posts\/5061","targetHints":{"allow":["GET"]}}],"collection":[{"href":"http:\/\/folhadosudeste.com\/site\/index.php?rest_route=\/wp\/v2\/posts"}],"about":[{"href":"http:\/\/folhadosudeste.com\/site\/index.php?rest_route=\/wp\/v2\/types\/post"}],"author":[{"embeddable":true,"href":"http:\/\/folhadosudeste.com\/site\/index.php?rest_route=\/wp\/v2\/users\/4"}],"replies":[{"embeddable":true,"href":"http:\/\/folhadosudeste.com\/site\/index.php?rest_route=%2Fwp%2Fv2%2Fcomments&post=5061"}],"version-history":[{"count":1,"href":"http:\/\/folhadosudeste.com\/site\/index.php?rest_route=\/wp\/v2\/posts\/5061\/revisions"}],"predecessor-version":[{"id":5062,"href":"http:\/\/folhadosudeste.com\/site\/index.php?rest_route=\/wp\/v2\/posts\/5061\/revisions\/5062"}],"wp:featuredmedia":[{"embeddable":true,"href":"http:\/\/folhadosudeste.com\/site\/index.php?rest_route=\/wp\/v2\/media\/5049"}],"wp:attachment":[{"href":"http:\/\/folhadosudeste.com\/site\/index.php?rest_route=%2Fwp%2Fv2%2Fmedia&parent=5061"}],"wp:term":[{"taxonomy":"category","embeddable":true,"href":"http:\/\/folhadosudeste.com\/site\/index.php?rest_route=%2Fwp%2Fv2%2Fcategories&post=5061"},{"taxonomy":"post_tag","embeddable":true,"href":"http:\/\/folhadosudeste.com\/site\/index.php?rest_route=%2Fwp%2Fv2%2Ftags&post=5061"}],"curies":[{"name":"wp","href":"https:\/\/api.w.org\/{rel}","templated":true}]}}