{"id":50624,"date":"2018-02-23T12:27:47","date_gmt":"2018-02-23T12:27:47","guid":{"rendered":"http:\/\/folhadosudeste.com\/site\/?p=50624"},"modified":"2018-02-23T12:27:47","modified_gmt":"2018-02-23T12:27:47","slug":"associacao-de-moradores-do-bairro-pe-tiago-e-fundada-e-tem-seu-novo-presidente","status":"publish","type":"post","link":"http:\/\/folhadosudeste.com\/site\/?p=50624","title":{"rendered":"ASSOCIA\u00c7\u00c3O DE MORADORES DO BAIRRO PE. TIAGO \u00c9 FUNDADA E TEM SEU NOVO PRESIDENTE"},"content":{"rendered":"<p style=\"text-align: justify;\"><a href=\"http:\/\/folhadosudeste.com\/site\/wp-content\/uploads\/2018\/02\/ASSOCIA\u00c7\u00c3O.jpg\"><img loading=\"lazy\" decoding=\"async\" class=\"aligncenter size-full wp-image-50625\" src=\"http:\/\/folhadosudeste.com\/site\/wp-content\/uploads\/2018\/02\/ASSOCIA\u00c7\u00c3O.jpg\" alt=\"\" width=\"620\" height=\"203\" srcset=\"http:\/\/folhadosudeste.com\/site\/wp-content\/uploads\/2018\/02\/ASSOCIA\u00c7\u00c3O.jpg 620w, http:\/\/folhadosudeste.com\/site\/wp-content\/uploads\/2018\/02\/ASSOCIA\u00c7\u00c3O-300x98.jpg 300w\" sizes=\"auto, (max-width: 620px) 100vw, 620px\" \/><\/a><\/p>\n<p style=\"text-align: justify;\">Em reuni\u00e3o realizada na noite do dia 15\/02, os moradores do Pe. Tiago oficializaram a funda\u00e7\u00e3o de sua Associa\u00e7\u00e3o dos Moradores, bem como organiza\u00e7\u00e3o e regulariza\u00e7\u00e3o do nome do bairro, que anteriormente era chamado de Marambaia. Tamb\u00e9m foi efetivada a elei\u00e7\u00e3o em chapa \u00fanica e de forma un\u00e2nime a primeira diretoria, com todos os membros necess\u00e1rios para a gest\u00e3o: 6 membros da diretoria (presidente e vice, 1\u00ba e 2\u00ba secret\u00e1rios, 1\u00ba e 2\u00ba tesoureiros), 3 membros efetivos do Conselho Fiscal e 3 Suplentes. Foi votado e aprovado o Estatuto Social, dentro dos termos legais e de acordo com o C\u00f3digo Civil brasileiro de 2015, ou seja, tudo juridicamente organizado. A organiza\u00e7\u00e3o se deu pelo mes\u00e1rio Wilson Lucindo, volunt\u00e1rio da Uacebem.<\/p>\n<p style=\"text-align: justify;\">Quem assumiu a presid\u00eancia foi Jos\u00e9 Arcedino Sobrinho, morador do bairro h\u00e1 18 anos, tendo como vice Juvenil da Recabom. \u201cChegamos \u00e0 conclus\u00e3o de que seria necess\u00e1rio convocarmos essa reuni\u00e3o e aceitei ser o primeiro presidente da nova diretoria do bairro. Agora tudo est\u00e1 formalizado. O objetivo, \u00e0 princ\u00edpio, foi de chapa \u00fanica para iniciar, unindo for\u00e7as para a nova diretoria. Assumi o cargo at\u00e9 2020, pois s\u00e3o dois anos de dura\u00e7\u00e3o. A partir da\u00ed teremos uma elei\u00e7\u00e3o com chapas, c\u00e9lulas, etc.\u201d, explica Arcedino.<\/p>\n","protected":false},"excerpt":{"rendered":"<p>Em reuni\u00e3o realizada na noite do dia 15\/02, os moradores do Pe. Tiago oficializaram a funda\u00e7\u00e3o de sua Associa\u00e7\u00e3o dos Moradores, bem como organiza\u00e7\u00e3o e regulariza\u00e7\u00e3o do nome do bairro, que anteriormente era chamado de Marambaia. Tamb\u00e9m foi efetivada a elei\u00e7\u00e3o em chapa \u00fanica e de forma un\u00e2nime a primeira diretoria, com todos os membros [&hellip;]<\/p>\n","protected":false},"author":2,"featured_media":50625,"comment_status":"open","ping_status":"closed","sticky":false,"template":"","format":"standard","meta":{"_joinchat":[],"footnotes":""},"categories":[1],"tags":[],"class_list":["post-50624","post","type-post","status-publish","format-standard","has-post-thumbnail","hentry","category-sem-categoria"],"_links":{"self":[{"href":"http:\/\/folhadosudeste.com\/site\/index.php?rest_route=\/wp\/v2\/posts\/50624","targetHints":{"allow":["GET"]}}],"collection":[{"href":"http:\/\/folhadosudeste.com\/site\/index.php?rest_route=\/wp\/v2\/posts"}],"about":[{"href":"http:\/\/folhadosudeste.com\/site\/index.php?rest_route=\/wp\/v2\/types\/post"}],"author":[{"embeddable":true,"href":"http:\/\/folhadosudeste.com\/site\/index.php?rest_route=\/wp\/v2\/users\/2"}],"replies":[{"embeddable":true,"href":"http:\/\/folhadosudeste.com\/site\/index.php?rest_route=%2Fwp%2Fv2%2Fcomments&post=50624"}],"version-history":[{"count":1,"href":"http:\/\/folhadosudeste.com\/site\/index.php?rest_route=\/wp\/v2\/posts\/50624\/revisions"}],"predecessor-version":[{"id":50626,"href":"http:\/\/folhadosudeste.com\/site\/index.php?rest_route=\/wp\/v2\/posts\/50624\/revisions\/50626"}],"wp:featuredmedia":[{"embeddable":true,"href":"http:\/\/folhadosudeste.com\/site\/index.php?rest_route=\/wp\/v2\/media\/50625"}],"wp:attachment":[{"href":"http:\/\/folhadosudeste.com\/site\/index.php?rest_route=%2Fwp%2Fv2%2Fmedia&parent=50624"}],"wp:term":[{"taxonomy":"category","embeddable":true,"href":"http:\/\/folhadosudeste.com\/site\/index.php?rest_route=%2Fwp%2Fv2%2Fcategories&post=50624"},{"taxonomy":"post_tag","embeddable":true,"href":"http:\/\/folhadosudeste.com\/site\/index.php?rest_route=%2Fwp%2Fv2%2Ftags&post=50624"}],"curies":[{"name":"wp","href":"https:\/\/api.w.org\/{rel}","templated":true}]}}