{"id":5064,"date":"2014-09-16T21:29:36","date_gmt":"2014-09-16T21:29:36","guid":{"rendered":"http:\/\/folhadosudeste.com\/site\/?p=5064"},"modified":"2014-09-16T21:29:36","modified_gmt":"2014-09-16T21:29:36","slug":"o-sonho-esta-perto-de-se-tornar-realidade-licitacao-para-obras-contra-enchentes-acontece-em-novembro","status":"publish","type":"post","link":"http:\/\/folhadosudeste.com\/site\/?p=5064","title":{"rendered":"O Sonho esta perto de se tornar realidade-Licita\u00e7\u00e3o para obras contra enchentes acontece em novembro"},"content":{"rendered":"<p style=\"text-align: justify;\"><a href=\"http:\/\/folhadosudeste.com\/site\/wp-content\/uploads\/2014\/09\/DSC02676.jpg\"><img loading=\"lazy\" decoding=\"async\" class=\"aligncenter size-full wp-image-5065\" alt=\"DSC02676\" src=\"http:\/\/folhadosudeste.com\/site\/wp-content\/uploads\/2014\/09\/DSC02676.jpg\" width=\"800\" height=\"533\" srcset=\"http:\/\/folhadosudeste.com\/site\/wp-content\/uploads\/2014\/09\/DSC02676.jpg 800w, http:\/\/folhadosudeste.com\/site\/wp-content\/uploads\/2014\/09\/DSC02676-300x199.jpg 300w\" sizes=\"auto, (max-width: 800px) 100vw, 800px\" \/><\/a> <a href=\"http:\/\/folhadosudeste.com\/site\/wp-content\/uploads\/2014\/09\/DSC02677.jpg\"><img loading=\"lazy\" decoding=\"async\" class=\"aligncenter size-full wp-image-5066\" alt=\"DSC02677\" src=\"http:\/\/folhadosudeste.com\/site\/wp-content\/uploads\/2014\/09\/DSC02677.jpg\" width=\"800\" height=\"533\" srcset=\"http:\/\/folhadosudeste.com\/site\/wp-content\/uploads\/2014\/09\/DSC02677.jpg 800w, http:\/\/folhadosudeste.com\/site\/wp-content\/uploads\/2014\/09\/DSC02677-300x199.jpg 300w\" sizes=\"auto, (max-width: 800px) 100vw, 800px\" \/><\/a> <a href=\"http:\/\/folhadosudeste.com\/site\/wp-content\/uploads\/2014\/09\/DSC02689.jpg\"><img loading=\"lazy\" decoding=\"async\" class=\"aligncenter size-full wp-image-5067\" alt=\"DSC02689\" src=\"http:\/\/folhadosudeste.com\/site\/wp-content\/uploads\/2014\/09\/DSC02689.jpg\" width=\"800\" height=\"533\" srcset=\"http:\/\/folhadosudeste.com\/site\/wp-content\/uploads\/2014\/09\/DSC02689.jpg 800w, http:\/\/folhadosudeste.com\/site\/wp-content\/uploads\/2014\/09\/DSC02689-300x199.jpg 300w\" sizes=\"auto, (max-width: 800px) 100vw, 800px\" \/><\/a> <a href=\"http:\/\/folhadosudeste.com\/site\/wp-content\/uploads\/2014\/09\/DSC02690.jpg\"><img loading=\"lazy\" decoding=\"async\" class=\"aligncenter size-full wp-image-5068\" alt=\"DSC02690\" src=\"http:\/\/folhadosudeste.com\/site\/wp-content\/uploads\/2014\/09\/DSC02690.jpg\" width=\"800\" height=\"533\" srcset=\"http:\/\/folhadosudeste.com\/site\/wp-content\/uploads\/2014\/09\/DSC02690.jpg 800w, http:\/\/folhadosudeste.com\/site\/wp-content\/uploads\/2014\/09\/DSC02690-300x199.jpg 300w\" sizes=\"auto, (max-width: 800px) 100vw, 800px\" \/><\/a><\/p>\n<p style=\"text-align: justify;\"><strong>Licita\u00e7\u00e3o para obras contra enchentes acontece em novembro<\/strong><\/p>\n<p>As obras para evitar novas cheias do rio Muria\u00e9 e do rio Preto ser\u00e3o licitadas no pr\u00f3ximo dia 3 de novembro. O extrato do edital de convoca\u00e7\u00e3o para a licita\u00e7\u00e3o foi publicado na p\u00e1gina 160 da edi\u00e7\u00e3o de n\u00famero 178 do Di\u00e1rio Oficial da Uni\u00e3o &#8211; Se\u00e7\u00e3o 3, desta ter\u00e7a-feira (16). O an\u00fancio foi feito pelo prefeito Aloysio Aquino, h\u00e1 poucos instantes, no Centro Administrativo.<\/p>\n<p>\u201c\u00c9 a obra mais importante da hist\u00f3ria de Muria\u00e9. Muitos duvidaram de que ela seria realizada, mas n\u00f3s nunca desistimos ou sequer desanimamos. Viajamos v\u00e1rias vezes para Belo Horizonte em busca de novidades e para darmos andamento ao processo, at\u00e9 recebermos, agora, a not\u00edcia de que a licita\u00e7\u00e3o foi agendada\u201d, comemora Aloysio Aquino.<\/p>\n<p>Na pr\u00e1tica, a realiza\u00e7\u00e3o da concorr\u00eancia p\u00fablica garante a execu\u00e7\u00e3o das obras, que ter\u00e3o or\u00e7amento total de R$300 milh\u00f5es. Vale lembrar que, al\u00e9m do benef\u00edcio direto em rela\u00e7\u00e3o ao fim do problema das enchentes, o munic\u00edpio ainda ter\u00e1 aumento de arrecada\u00e7\u00e3o com a realiza\u00e7\u00e3o das obras, al\u00e9m da gera\u00e7\u00e3o de v\u00e1rios empregos diretos para os muriaeenses.<\/p>\n<p>&#8220;Esta \u00e9 uma obra do PAC e est\u00e1 inclu\u00edda no Plano Plurianual da Uni\u00e3o. Portanto, o repasse das verbas pelo tesouro nacional \u00e9 obrigat\u00f3rio. \u00c9 um processo que n\u00e3o sofre interrup\u00e7\u00e3o sequer no per\u00edodo eleitoral e, nem poder\u00e1 ser paralisado em caso de troca de governantes&#8221;, destaca Aloysio.<\/p>\n<p>Ap\u00f3s a realiza\u00e7\u00e3o da licita\u00e7\u00e3o, as empresas ter\u00e3o o prazo de cinco dias para apresentarem seus recursos, e a homologa\u00e7\u00e3o da concorr\u00eancia p\u00fablica pelo Governo Estadual acontecer\u00e1 em at\u00e9 15 dias ap\u00f3s o resultado final. \u201cA expectativa \u00e9 que as obras tenham in\u00edcio ainda neste ano\u201d, afirma o prefeito.<\/p>\n<p>Enquanto isso n\u00e3o acontece, a equipe que cuida do processo de desapropria\u00e7\u00e3o das \u00e1reas que ser\u00e3o afetadas pelas obras j\u00e1 deu in\u00edcio \u00e0s suas atividades. V\u00e1rios moradores de resid\u00eancias localizadas em bairros como Barra, Jos\u00e9 Cirilo e Napole\u00e3o j\u00e1 v\u00eam sendo procurados para a medi\u00e7\u00e3o dos im\u00f3veis e o in\u00edcio das negocia\u00e7\u00f5es.<\/p>\n<p><strong>O projeto<\/strong><br \/>\nMuria\u00e9 foi o primeiro munic\u00edpio mineiro a entregar o seu plano de mitiga\u00e7\u00e3o de cheias na Secretaria de Estado de Desenvolvimento Regional e Pol\u00edtica Urbana (Sedru). &#8220;O projeto, que cont\u00e9m oito volumes e contempla a constru\u00e7\u00e3o de uma barragem no rio Preto, de muros laterais e da avenida sanit\u00e1ria ao longo da margem do rio Muria\u00e9, a amplia\u00e7\u00e3o da calha fluvial, a cria\u00e7\u00e3o de \u00e1reas de espraiamento das \u00e1guas, a remo\u00e7\u00e3o inteligente de pedras e obst\u00e1culos existentes no leito e o refor\u00e7o e a constru\u00e7\u00e3o de pontes&#8221;, informa o vice-prefeito Jo\u00e3o Ciribelli.<\/p>\n<p style=\"text-align: justify;\">Fonte: Prefeitura de Muria\u00e9<\/p>\n","protected":false},"excerpt":{"rendered":"<p>Licita\u00e7\u00e3o para obras contra enchentes acontece em novembro As obras para evitar novas cheias do rio Muria\u00e9 e do rio Preto ser\u00e3o licitadas no pr\u00f3ximo dia 3 de novembro. O extrato do edital de convoca\u00e7\u00e3o para a licita\u00e7\u00e3o foi publicado na p\u00e1gina 160 da edi\u00e7\u00e3o de n\u00famero 178 do Di\u00e1rio Oficial da Uni\u00e3o &#8211; Se\u00e7\u00e3o [&hellip;]<\/p>\n","protected":false},"author":4,"featured_media":5067,"comment_status":"open","ping_status":"closed","sticky":false,"template":"","format":"standard","meta":{"_joinchat":[],"footnotes":""},"categories":[1],"tags":[],"class_list":["post-5064","post","type-post","status-publish","format-standard","has-post-thumbnail","hentry","category-sem-categoria"],"_links":{"self":[{"href":"http:\/\/folhadosudeste.com\/site\/index.php?rest_route=\/wp\/v2\/posts\/5064","targetHints":{"allow":["GET"]}}],"collection":[{"href":"http:\/\/folhadosudeste.com\/site\/index.php?rest_route=\/wp\/v2\/posts"}],"about":[{"href":"http:\/\/folhadosudeste.com\/site\/index.php?rest_route=\/wp\/v2\/types\/post"}],"author":[{"embeddable":true,"href":"http:\/\/folhadosudeste.com\/site\/index.php?rest_route=\/wp\/v2\/users\/4"}],"replies":[{"embeddable":true,"href":"http:\/\/folhadosudeste.com\/site\/index.php?rest_route=%2Fwp%2Fv2%2Fcomments&post=5064"}],"version-history":[{"count":1,"href":"http:\/\/folhadosudeste.com\/site\/index.php?rest_route=\/wp\/v2\/posts\/5064\/revisions"}],"predecessor-version":[{"id":5069,"href":"http:\/\/folhadosudeste.com\/site\/index.php?rest_route=\/wp\/v2\/posts\/5064\/revisions\/5069"}],"wp:featuredmedia":[{"embeddable":true,"href":"http:\/\/folhadosudeste.com\/site\/index.php?rest_route=\/wp\/v2\/media\/5067"}],"wp:attachment":[{"href":"http:\/\/folhadosudeste.com\/site\/index.php?rest_route=%2Fwp%2Fv2%2Fmedia&parent=5064"}],"wp:term":[{"taxonomy":"category","embeddable":true,"href":"http:\/\/folhadosudeste.com\/site\/index.php?rest_route=%2Fwp%2Fv2%2Fcategories&post=5064"},{"taxonomy":"post_tag","embeddable":true,"href":"http:\/\/folhadosudeste.com\/site\/index.php?rest_route=%2Fwp%2Fv2%2Ftags&post=5064"}],"curies":[{"name":"wp","href":"https:\/\/api.w.org\/{rel}","templated":true}]}}