{"id":50642,"date":"2018-02-23T12:32:32","date_gmt":"2018-02-23T12:32:32","guid":{"rendered":"http:\/\/folhadosudeste.com\/site\/?p=50642"},"modified":"2018-02-23T12:32:32","modified_gmt":"2018-02-23T12:32:32","slug":"deputado-isauro-calais-prestigia-o-carnaval-de-mirai","status":"publish","type":"post","link":"http:\/\/folhadosudeste.com\/site\/?p=50642","title":{"rendered":"DEPUTADO ISAURO CALAIS PRESTIGIA O CARNAVAL DE MIRA\u00cd"},"content":{"rendered":"<p style=\"text-align: justify;\"><a href=\"http:\/\/folhadosudeste.com\/site\/wp-content\/uploads\/2018\/02\/ISAURO.jpg\"><img loading=\"lazy\" decoding=\"async\" class=\"aligncenter size-full wp-image-50643\" src=\"http:\/\/folhadosudeste.com\/site\/wp-content\/uploads\/2018\/02\/ISAURO.jpg\" alt=\"\" width=\"620\" height=\"191\" srcset=\"http:\/\/folhadosudeste.com\/site\/wp-content\/uploads\/2018\/02\/ISAURO.jpg 620w, http:\/\/folhadosudeste.com\/site\/wp-content\/uploads\/2018\/02\/ISAURO-300x92.jpg 300w\" sizes=\"auto, (max-width: 620px) 100vw, 620px\" \/><\/a><\/p>\n<p style=\"text-align: justify;\">O deputado estadual Isauro Calais esteve presente no Carnaval de Mira\u00ed e destacou o prazer de sentir-se mais uma vez em casa, participando da hist\u00f3ria da cidade como faz h\u00e1 muitos anos. \u201c\u00c9 uma grande satisfa\u00e7\u00e3o dar continuidade a essa parceria da Prefeitura Municipal com o apoio da C\u00e2mara dos Vereadores, uma administra\u00e7\u00e3o de refer\u00eancia. Fico feliz em poder trazer recursos para v\u00e1rias \u00e1reas de nosso querido munic\u00edpio, prestigiando sempre minha cidade natal, que tem sido muito bem administrada.\u201d, acrescenta.&nbsp; O deputado estadual Isauro Calais esteve presente no Carnaval de Mira\u00ed e destacou o prazer de sentir-se mais uma vez em casa, participando da hist\u00f3ria da cidade como faz h\u00e1 muitos anos. \u201c\u00c9 uma grande satisfa\u00e7\u00e3o dar continuidade a essa parceria da Prefeitura Municipal com o apoio da C\u00e2mara dos Vereadores, uma administra\u00e7\u00e3o de refer\u00eancia. Fico feliz em poder trazer recursos para v\u00e1rias \u00e1reas de nosso querido munic\u00edpio, prestigiando sempre minha cidade natal, que tem sido muito bem administrada.\u201d, acrescenta.&nbsp; Parabenizo o meu amigo Luiz Fortuce, o vice Guto Cumani, o presidente da C\u00e2mara Oswaldo (Sap\u00e9) e toda equipe administrativa e os organizadores desta grande festa popular que \u00e9 tradicional na cidade e regi\u00e3o.<\/p>\n<p>[ngg_images source=&#8221;galleries&#8221; container_ids=&#8221;1275&#8243; display_type=&#8221;photocrati-nextgen_basic_thumbnails&#8221; override_thumbnail_settings=&#8221;0&#8243; thumbnail_width=&#8221;100&#8243; thumbnail_height=&#8221;75&#8243; thumbnail_crop=&#8221;1&#8243; images_per_page=&#8221;0&#8243; number_of_columns=&#8221;0&#8243; ajax_pagination=&#8221;0&#8243; show_all_in_lightbox=&#8221;0&#8243; use_imagebrowser_effect=&#8221;0&#8243; show_slideshow_link=&#8221;1&#8243; slideshow_link_text=&#8221;[Show as slideshow]&#8221; order_by=&#8221;sortorder&#8221; order_direction=&#8221;ASC&#8221; returns=&#8221;included&#8221; maximum_entity_count=&#8221;500&#8243;]<\/p>\n","protected":false},"excerpt":{"rendered":"<p>O deputado estadual Isauro Calais esteve presente no Carnaval de Mira\u00ed e destacou o prazer de sentir-se mais uma vez em casa, participando da hist\u00f3ria da cidade como faz h\u00e1 muitos anos. \u201c\u00c9 uma grande satisfa\u00e7\u00e3o dar continuidade a essa parceria da Prefeitura Municipal com o apoio da C\u00e2mara dos Vereadores, uma administra\u00e7\u00e3o de refer\u00eancia. [&hellip;]<\/p>\n","protected":false},"author":2,"featured_media":50643,"comment_status":"open","ping_status":"closed","sticky":false,"template":"","format":"standard","meta":{"_joinchat":[],"footnotes":""},"categories":[1],"tags":[],"class_list":["post-50642","post","type-post","status-publish","format-standard","has-post-thumbnail","hentry","category-sem-categoria"],"_links":{"self":[{"href":"http:\/\/folhadosudeste.com\/site\/index.php?rest_route=\/wp\/v2\/posts\/50642","targetHints":{"allow":["GET"]}}],"collection":[{"href":"http:\/\/folhadosudeste.com\/site\/index.php?rest_route=\/wp\/v2\/posts"}],"about":[{"href":"http:\/\/folhadosudeste.com\/site\/index.php?rest_route=\/wp\/v2\/types\/post"}],"author":[{"embeddable":true,"href":"http:\/\/folhadosudeste.com\/site\/index.php?rest_route=\/wp\/v2\/users\/2"}],"replies":[{"embeddable":true,"href":"http:\/\/folhadosudeste.com\/site\/index.php?rest_route=%2Fwp%2Fv2%2Fcomments&post=50642"}],"version-history":[{"count":1,"href":"http:\/\/folhadosudeste.com\/site\/index.php?rest_route=\/wp\/v2\/posts\/50642\/revisions"}],"predecessor-version":[{"id":50652,"href":"http:\/\/folhadosudeste.com\/site\/index.php?rest_route=\/wp\/v2\/posts\/50642\/revisions\/50652"}],"wp:featuredmedia":[{"embeddable":true,"href":"http:\/\/folhadosudeste.com\/site\/index.php?rest_route=\/wp\/v2\/media\/50643"}],"wp:attachment":[{"href":"http:\/\/folhadosudeste.com\/site\/index.php?rest_route=%2Fwp%2Fv2%2Fmedia&parent=50642"}],"wp:term":[{"taxonomy":"category","embeddable":true,"href":"http:\/\/folhadosudeste.com\/site\/index.php?rest_route=%2Fwp%2Fv2%2Fcategories&post=50642"},{"taxonomy":"post_tag","embeddable":true,"href":"http:\/\/folhadosudeste.com\/site\/index.php?rest_route=%2Fwp%2Fv2%2Ftags&post=50642"}],"curies":[{"name":"wp","href":"https:\/\/api.w.org\/{rel}","templated":true}]}}