{"id":50802,"date":"2018-03-07T13:58:27","date_gmt":"2018-03-07T13:58:27","guid":{"rendered":"http:\/\/folhadosudeste.com\/site\/?p=50802"},"modified":"2018-03-08T13:15:56","modified_gmt":"2018-03-08T13:15:56","slug":"pe-cicero-lanca-em-muriae-seu-segundo-livro-quaresma-e-pascoa-da-coletanea-uma-boa-noticia","status":"publish","type":"post","link":"http:\/\/folhadosudeste.com\/site\/?p=50802","title":{"rendered":"Pe. C\u00edcero lan\u00e7a em Muria\u00e9 seu segundo livro: \u2018Quaresma e P\u00e1scoa\u2019, da colet\u00e2nea Uma Boa Not\u00edcia"},"content":{"rendered":"<p style=\"text-align: justify;\">Pe. C\u00edcero Machado Ribeiro, muito querido pelos muriaeenses, pelo per\u00edodo em que foi p\u00e1roco da Matriz S\u00e3o Paulo, at\u00e9 o ano passado, e agora titular da Par\u00f3quia na cidade de Vila Velha Esp\u00edrito Santo, visitou novamente nossa cidade no domingo 4 de mar\u00e7o, ocasi\u00e3o em que presidiu a celebra\u00e7\u00e3o das 17h30 na Matriz e, logo ap\u00f3s, no Sal\u00e3o Paroquial, realizou o lan\u00e7amento de seu segundo livro \u2018Quaresma e P\u00e1scoa\u2019, da colet\u00e2nea \u2018Uma Boa Not\u00edcia \u2013 Subs\u00eddios para prega\u00e7\u00e3o, ora\u00e7\u00f5es e reflex\u00f5es do cotidiano\u2019. Na ocasi\u00e3o, ele autografou os livros dos fi\u00e9is que o recepcionaram e tirou fotos com ele para uma carinhosa recorda\u00e7\u00e3o.&nbsp; Ele agradeceu a todos que o acompanharam e destacou que, no m\u00eas de junho, pretende lan\u00e7ar o terceiro volume, com textos referentes ao per\u00edodo que vai at\u00e9 o m\u00eas de novembro, dando sequ\u00eancia a este, cujo per\u00edodo abrange at\u00e9 o m\u00eas de maio. <em>\u201cO primeiro volume teve 40 homilias, este tem 80 e o pr\u00f3ximo ter\u00e1 200. O livro est\u00e1 dispon\u00edvel na secretaria da Matriz S\u00e3o Paulo, na Loja Divina Providencia e nas secretarias das comunidades. Fiquei muito feliz com essa nova oportunidade de visitar Muria\u00e9, pois tenho um carinho muito grande por todos aqui. Quando cheguei bateu aquela saudade\u201d,<\/em> emociona-se.<\/p>\n<p style=\"text-align: justify;\">Sobre os textos, ele d\u00e1 continuidade aos escritos e lembra que eles s\u00e3o extremamente vinculados ao semestre sab\u00e1tico por ele realizado no per\u00edodo de julho a dezembro de 2016. <em>\u201cEst\u00e3o permeados pelo sil\u00eancio e as ora\u00e7\u00f5es daquele tempo. Hoje, passados 20 meses e debru\u00e7ado sobre todos aqueles escritos, agora editados em livro, contemplando este tempo lit\u00fargico, percebo que o que Deus faz, fica eternizado no seu amor como ele mesmo \u00e9 eterno e como o seu amor de ontem e de hoje s\u00e3o o mesmo e igualmente eternos. Desta forma, aquela espiritualidade do sil\u00eancio, da prega\u00e7\u00e3o e das reflex\u00f5es para o cotidiano da vida me trazem de volta uma \u2018caneta\u2019 nas m\u00e3os para continuar a contar o tanto da vida de Jesus que tenho vivido em todos os meus 26 anos de Vida Religiosa junto aos Mission\u00e1rios do Sagrado Cora\u00e7\u00e3o. Sinto o passeio da Vida de Cristo pelas minhas m\u00e3os, pela minha mente, pela minha alma e pelo meu cora\u00e7\u00e3o\u201d,<\/em> afirma nos escritos deste volume.<\/p>\n<p>[ngg_images source=&#8221;galleries&#8221; container_ids=&#8221;1288&#8243; display_type=&#8221;photocrati-nextgen_basic_thumbnails&#8221; override_thumbnail_settings=&#8221;0&#8243; thumbnail_width=&#8221;100&#8243; thumbnail_height=&#8221;75&#8243; thumbnail_crop=&#8221;1&#8243; images_per_page=&#8221;0&#8243; number_of_columns=&#8221;0&#8243; ajax_pagination=&#8221;0&#8243; show_all_in_lightbox=&#8221;0&#8243; use_imagebrowser_effect=&#8221;0&#8243; show_slideshow_link=&#8221;1&#8243; slideshow_link_text=&#8221;[Show as slideshow]&#8221; order_by=&#8221;sortorder&#8221; order_direction=&#8221;ASC&#8221; returns=&#8221;included&#8221; maximum_entity_count=&#8221;500&#8243;]<\/p>\n","protected":false},"excerpt":{"rendered":"<p>Pe. C\u00edcero Machado Ribeiro, muito querido pelos muriaeenses, pelo per\u00edodo em que foi p\u00e1roco da Matriz S\u00e3o Paulo, at\u00e9 o ano passado, e agora titular da Par\u00f3quia na cidade de Vila Velha Esp\u00edrito Santo, visitou novamente nossa cidade no domingo 4 de mar\u00e7o, ocasi\u00e3o em que presidiu a celebra\u00e7\u00e3o das 17h30 na Matriz e, logo [&hellip;]<\/p>\n","protected":false},"author":7,"featured_media":50820,"comment_status":"open","ping_status":"closed","sticky":false,"template":"","format":"standard","meta":{"_joinchat":[],"footnotes":""},"categories":[1],"tags":[],"class_list":["post-50802","post","type-post","status-publish","format-standard","has-post-thumbnail","hentry","category-sem-categoria"],"_links":{"self":[{"href":"http:\/\/folhadosudeste.com\/site\/index.php?rest_route=\/wp\/v2\/posts\/50802","targetHints":{"allow":["GET"]}}],"collection":[{"href":"http:\/\/folhadosudeste.com\/site\/index.php?rest_route=\/wp\/v2\/posts"}],"about":[{"href":"http:\/\/folhadosudeste.com\/site\/index.php?rest_route=\/wp\/v2\/types\/post"}],"author":[{"embeddable":true,"href":"http:\/\/folhadosudeste.com\/site\/index.php?rest_route=\/wp\/v2\/users\/7"}],"replies":[{"embeddable":true,"href":"http:\/\/folhadosudeste.com\/site\/index.php?rest_route=%2Fwp%2Fv2%2Fcomments&post=50802"}],"version-history":[{"count":6,"href":"http:\/\/folhadosudeste.com\/site\/index.php?rest_route=\/wp\/v2\/posts\/50802\/revisions"}],"predecessor-version":[{"id":51048,"href":"http:\/\/folhadosudeste.com\/site\/index.php?rest_route=\/wp\/v2\/posts\/50802\/revisions\/51048"}],"wp:featuredmedia":[{"embeddable":true,"href":"http:\/\/folhadosudeste.com\/site\/index.php?rest_route=\/wp\/v2\/media\/50820"}],"wp:attachment":[{"href":"http:\/\/folhadosudeste.com\/site\/index.php?rest_route=%2Fwp%2Fv2%2Fmedia&parent=50802"}],"wp:term":[{"taxonomy":"category","embeddable":true,"href":"http:\/\/folhadosudeste.com\/site\/index.php?rest_route=%2Fwp%2Fv2%2Fcategories&post=50802"},{"taxonomy":"post_tag","embeddable":true,"href":"http:\/\/folhadosudeste.com\/site\/index.php?rest_route=%2Fwp%2Fv2%2Ftags&post=50802"}],"curies":[{"name":"wp","href":"https:\/\/api.w.org\/{rel}","templated":true}]}}