{"id":51147,"date":"2018-03-09T12:14:02","date_gmt":"2018-03-09T12:14:02","guid":{"rendered":"http:\/\/folhadosudeste.com\/site\/?p=51147"},"modified":"2018-03-09T12:14:02","modified_gmt":"2018-03-09T12:14:02","slug":"sindicato-dos-servidores-publicos-de-muriae-e-regiao-aprova-em-assembleia-reajuste-de-2-07","status":"publish","type":"post","link":"http:\/\/folhadosudeste.com\/site\/?p=51147","title":{"rendered":"SINDICATO DOS SERVIDORES P\u00daBLICOS DE MURIA\u00c9 E REGI\u00c3O APROVA EM ASSEMBL\u00c9IA REAJUSTE DE 2.07%"},"content":{"rendered":"<p style=\"text-align: justify;\"><a href=\"http:\/\/folhadosudeste.com\/site\/wp-content\/uploads\/2018\/03\/SSP.jpg\"><img loading=\"lazy\" decoding=\"async\" class=\"aligncenter size-full wp-image-51148\" src=\"http:\/\/folhadosudeste.com\/site\/wp-content\/uploads\/2018\/03\/SSP.jpg\" alt=\"\" width=\"620\" height=\"178\" srcset=\"http:\/\/folhadosudeste.com\/site\/wp-content\/uploads\/2018\/03\/SSP.jpg 620w, http:\/\/folhadosudeste.com\/site\/wp-content\/uploads\/2018\/03\/SSP-300x86.jpg 300w\" sizes=\"auto, (max-width: 620px) 100vw, 620px\" \/><\/a><\/p>\n<p style=\"text-align: justify;\">O Sindicato dos Servidores P\u00fablicos de Muria\u00e9 e Regi\u00e3o \u2013 que tem como presidente Ronaldo Jos\u00e9 Gon\u00e7alves Alvarenga \u2013 realizou na segunda-feira (5), em sua sede, uma Assembl\u00e9ia, em primeira e segunda convoca\u00e7\u00e3o, para aprecia\u00e7\u00e3o da contraproposta apresentada pela Administra\u00e7\u00e3o sobre a negocia\u00e7\u00e3o salarial 2018. A aprova\u00e7\u00e3o se deu por maioria absoluta, sendo relativo ao aumento de 2.07%. \u201cTem 17 anos no Sindicato que eu n\u00e3o perdi nenhum reajuste. Perda salarial ningu\u00e9m vai ter em Muria\u00e9. Mesmo assim eu n\u00e3o estou satisfeito, eu quero mais. Vou insistir com o prefeito para arrumar aquela cl\u00e1usula da reivindica\u00e7\u00e3o da pauta de negocia\u00e7\u00e3o, dos n\u00edveis Elementar, Fundamental e M\u00e9dio. Eu quero que arrume essa tabela de sal\u00e1rio deles. Estamos juntos e o povo unido jamais ser\u00e1 vencido\u201d, refor\u00e7a Ronaldo. Sobre a manifesta\u00e7\u00e3o dos professores a respeito das F\u00e9rias-Pr\u00eamio, ele foi claro e objetivo: <em>\u201cAlgu\u00e9m vai ter que pagar, porque isso \u00e9 garantido. Ningu\u00e9m vai perder, \u00e9 direito. Mesmo que seja parcelado\u201d,<\/em> garante.<\/p>\n<p style=\"text-align: justify;\"><strong>NOTA DA PREFEITURA DE MURIA\u00c9: <\/strong><strong>SOBRE PAGAMENTO DE RESCIS\u00d5ES CONTRATUAIS DE SERVIDORES MUNICIPAIS<\/strong><\/p>\n<p style=\"text-align: justify;\">A Prefeitura de Muria\u00e9 esclarece que o pagamento das rescis\u00f5es contratuais de servidores da rede municipal de ensino que se aposentaram a partir de agosto de 2017 estava planejado para ser efetuado em parcela \u00fanica em fevereiro do corrente ano, de forma atrelada ao repasse do Imposto sobre Propriedade de Ve\u00edculos Automotores (IPVA). Por\u00e9m, o recurso continua, em grande parte, retido pelo Governo do Estado de Minas Gerais, o que frustrou o planejamento inicial.<\/p>\n<p style=\"text-align: justify;\">Dessa forma, os pagamentos dos passivos trabalhistas foram reprogramados para serem realizados em parcelas mensais, a partir desta sexta-feira (09\/03), conforme tabela abaixo. O planejamento valer\u00e1 tamb\u00e9m para os servidores municipais de outras Secretarias<strong>&nbsp;<\/strong>que se aposentaram em 2017 a partir do m\u00eas de agosto.<\/p>\n<p style=\"text-align: justify;\">Cabe destacar que o munic\u00edpio possui cronograma de compromissos financeiros que necessita fundamentalmente de repasses obrigat\u00f3rios, estaduais e federais. Quando n\u00e3o s\u00e3o transferidos a tempo \u2013 como, pela primeira vez na hist\u00f3ria, aconteceu com o IPVA este ano \u2013 o or\u00e7amento municipal sofre preju\u00edzo em sua execu\u00e7\u00e3o.<\/p>\n<p style=\"text-align: justify;\">Ressaltamos ainda que a Prefeitura de Muria\u00e9 realiza um trabalho planejado de pagamentos futuros, como o 13\u00ba sal\u00e1rio dos servidores, compromissos com fornecedores e rescis\u00f5es contratuais, al\u00e9m do cumprimento dos \u00edndices previstos na Constitui\u00e7\u00e3o referentes aos investimentos em sa\u00fade, educa\u00e7\u00e3o e limites dos gastos pessoais \u2013 obriga\u00e7\u00f5es que est\u00e3o sendo cumpridas rigorosamente em dia desde 2017. Importante lembrar que a Administra\u00e7\u00e3o n\u00e3o recebeu da gest\u00e3o anterior esse mesmo planejamento, a qual n\u00e3o havia provisionado o passivo trabalhista que est\u00e1 sendo assumindo neste momento na Lei de Or\u00e7amento Anual (LOA).<\/p>\n<p style=\"text-align: justify;\">Assim, em reconhecimento aos anos de trabalho dedicados ao munic\u00edpio, e apesar das dificuldades mencionadas, a Administra\u00e7\u00e3o Municipal cumpre seu compromisso de realizar o pagamento das rescis\u00f5es contratuais dos servidores j\u00e1 a partir deste m\u00eas de mar\u00e7o.<\/p>\n<p style=\"text-align: justify;\"><strong>Abaixo segue a tabela&nbsp;<\/strong><strong>de pagamento das rescis\u00f5es:<\/strong><\/p>\n<p style=\"text-align: justify;\">At\u00e9 R$ 5 mil: parcela \u00fanica<\/p>\n<p style=\"text-align: justify;\">De R$ 5.000,01 at\u00e9 R$ 20 mil: 3 parcelas<\/p>\n<p style=\"text-align: justify;\">De R$ 20.000,01 at\u00e9 R$ 30 mil: 4 parcelas<\/p>\n<p style=\"text-align: justify;\">De R$ 30.000,01 at\u00e9 R$ 40 mil: 5 parcelas<\/p>\n<p style=\"text-align: justify;\">De R$ 40.000,01 at\u00e9 R$ 50 mil: 6 parcelas<\/p>\n<p style=\"text-align: justify;\">De R$ 50.000,01 at\u00e9 R$ 60 mil: 7 parcelas<\/p>\n<p style=\"text-align: justify;\">Acima de R$ 60 mil: 8 parcelas<\/p>\n<p>[ngg_images source=&#8221;galleries&#8221; container_ids=&#8221;1292&#8243; display_type=&#8221;photocrati-nextgen_basic_thumbnails&#8221; override_thumbnail_settings=&#8221;0&#8243; thumbnail_width=&#8221;100&#8243; thumbnail_height=&#8221;75&#8243; thumbnail_crop=&#8221;1&#8243; images_per_page=&#8221;0&#8243; number_of_columns=&#8221;0&#8243; ajax_pagination=&#8221;0&#8243; show_all_in_lightbox=&#8221;0&#8243; use_imagebrowser_effect=&#8221;0&#8243; show_slideshow_link=&#8221;1&#8243; slideshow_link_text=&#8221;[Show as slideshow]&#8221; order_by=&#8221;sortorder&#8221; order_direction=&#8221;ASC&#8221; returns=&#8221;included&#8221; maximum_entity_count=&#8221;500&#8243;]<\/p>\n<p>&nbsp;<\/p>\n","protected":false},"excerpt":{"rendered":"<p>O Sindicato dos Servidores P\u00fablicos de Muria\u00e9 e Regi\u00e3o \u2013 que tem como presidente Ronaldo Jos\u00e9 Gon\u00e7alves Alvarenga \u2013 realizou na segunda-feira (5), em sua sede, uma Assembl\u00e9ia, em primeira e segunda convoca\u00e7\u00e3o, para aprecia\u00e7\u00e3o da contraproposta apresentada pela Administra\u00e7\u00e3o sobre a negocia\u00e7\u00e3o salarial 2018. A aprova\u00e7\u00e3o se deu por maioria absoluta, sendo relativo ao [&hellip;]<\/p>\n","protected":false},"author":2,"featured_media":51148,"comment_status":"open","ping_status":"closed","sticky":false,"template":"","format":"standard","meta":{"_joinchat":[],"footnotes":""},"categories":[1],"tags":[],"class_list":["post-51147","post","type-post","status-publish","format-standard","has-post-thumbnail","hentry","category-sem-categoria"],"_links":{"self":[{"href":"http:\/\/folhadosudeste.com\/site\/index.php?rest_route=\/wp\/v2\/posts\/51147","targetHints":{"allow":["GET"]}}],"collection":[{"href":"http:\/\/folhadosudeste.com\/site\/index.php?rest_route=\/wp\/v2\/posts"}],"about":[{"href":"http:\/\/folhadosudeste.com\/site\/index.php?rest_route=\/wp\/v2\/types\/post"}],"author":[{"embeddable":true,"href":"http:\/\/folhadosudeste.com\/site\/index.php?rest_route=\/wp\/v2\/users\/2"}],"replies":[{"embeddable":true,"href":"http:\/\/folhadosudeste.com\/site\/index.php?rest_route=%2Fwp%2Fv2%2Fcomments&post=51147"}],"version-history":[{"count":1,"href":"http:\/\/folhadosudeste.com\/site\/index.php?rest_route=\/wp\/v2\/posts\/51147\/revisions"}],"predecessor-version":[{"id":51155,"href":"http:\/\/folhadosudeste.com\/site\/index.php?rest_route=\/wp\/v2\/posts\/51147\/revisions\/51155"}],"wp:featuredmedia":[{"embeddable":true,"href":"http:\/\/folhadosudeste.com\/site\/index.php?rest_route=\/wp\/v2\/media\/51148"}],"wp:attachment":[{"href":"http:\/\/folhadosudeste.com\/site\/index.php?rest_route=%2Fwp%2Fv2%2Fmedia&parent=51147"}],"wp:term":[{"taxonomy":"category","embeddable":true,"href":"http:\/\/folhadosudeste.com\/site\/index.php?rest_route=%2Fwp%2Fv2%2Fcategories&post=51147"},{"taxonomy":"post_tag","embeddable":true,"href":"http:\/\/folhadosudeste.com\/site\/index.php?rest_route=%2Fwp%2Fv2%2Ftags&post=51147"}],"curies":[{"name":"wp","href":"https:\/\/api.w.org\/{rel}","templated":true}]}}