{"id":51212,"date":"2018-03-13T12:47:18","date_gmt":"2018-03-13T12:47:18","guid":{"rendered":"http:\/\/folhadosudeste.com\/site\/?p=51212"},"modified":"2018-03-13T12:47:18","modified_gmt":"2018-03-13T12:47:18","slug":"sala-de-vacinacao-para-recem-nascidos-e-inaugurada-no-hospital-sao-paulo","status":"publish","type":"post","link":"http:\/\/folhadosudeste.com\/site\/?p=51212","title":{"rendered":"Sala de vacina\u00e7\u00e3o para rec\u00e9m-nascidos \u00e9 inaugurada no Hospital S\u00e3o Paulo"},"content":{"rendered":"<p style=\"text-align: justify;\">Foi inaugurada na manh\u00e3 de segunda-feira (12) a nova sala de vacinas para rec\u00e9m-nascidos no Hospital S\u00e3o Paulo. A nova estrutura atender\u00e1 a beb\u00eas nascidos na institui\u00e7\u00e3o e busca n\u00e3o apenas oferecer maior conforto e qualidade aos pacientes, como tamb\u00e9m reduzir os \u00edndices m\u00ednimos dos riscos de contamina\u00e7\u00e3o de doen\u00e7as entre o nascimento e a ida a um centro de vacina\u00e7\u00e3o, uma vez que os beb\u00eas j\u00e1 sair\u00e3o do Hospital S\u00e3o Paulo com as vacinas que s\u00e3o preconizadas pelo Minist\u00e9rio da Sa\u00fade.<\/p>\n<p style=\"text-align: justify;\"><em>\u201cA vacina da hepatite B e da BCG, quando aplicadas nas primeiras 12 horas, t\u00eam uma efic\u00e1cia muito maior. Antes as crian\u00e7as sa\u00edam do hospital e eram vacinadas dias depois. Agora elas j\u00e1 saem imunizadas, contra essas doen\u00e7as. \u00c9 uma parceria entre a prefeitura e o Hospital. A prefeitura vai disponibilizar uma enfermeira para realizar a aplica\u00e7\u00e3o de segunda a s\u00e1bado e nos domingos a cada 15 dias haver\u00e1 uma enfermeira de plant\u00e3o para tal\u201d<\/em>, esclareceu o Secret\u00e1rio de Sa\u00fade Paulo C\u00e9sar de Oliveira.<\/p>\n<p style=\"text-align: justify;\">O prefeito Grego tamb\u00e9m esteve presente na cerim\u00f4nia de inaugura\u00e7\u00e3o. <em>\u201cSa\u00fade, educa\u00e7\u00e3o e seguran\u00e7a p\u00fablica s\u00e3o prioridades na nossa administra\u00e7\u00e3o. S\u00e3o muitas as necessidades na \u00e1rea de agricultura, meio ambiente, \u00e1rea social, etc., mas essas \u00e1reas s\u00e3o um clamor da popula\u00e7\u00e3o como um todo. Estamos investindo pesado nesses setores, e a prova disso \u00e9 a inaugura\u00e7\u00e3o da sala de vacina\u00e7\u00e3o, que proporciona que os rec\u00e9m-nascidos j\u00e1 saiam do Hospital S\u00e3o Paulo com as vacinas que s\u00e3o preconizadas pelo Minist\u00e9rio da Sa\u00fade\u201d<\/em>, explicou o governante.<\/p>\n<p style=\"text-align: justify;\">O provedor do Hospital S\u00e3o Paulo Messias Soares Vardiero celebrou a nova estrutura do instituto. <em>\u201cMais um dia de alegria para n\u00f3s, pois conseguimos montar uma sala de atendimento aos rec\u00e9m-nascidos, que sair\u00e3o daqui j\u00e1 vacinados contra BCG e outras doen\u00e7as. Gostar\u00edamos de agradecer a parceria realizada com o Dr. Paulo C\u00e9sar, com a Prefeitura Municipal de Muria\u00e9 e com a equipe administrativa do HSP, o que permitiu que esse espa\u00e7o fosse destinado ao atendimento das crian\u00e7as. Espero que futuramente o teste do pezinho possa ser realizado por aqui tamb\u00e9m de modo a oferecer maior praticidade aos pais\u201d<\/em>, disse.<\/p>\n<p>[ngg_images source=&#8221;galleries&#8221; container_ids=&#8221;1294&#8243; display_type=&#8221;photocrati-nextgen_basic_thumbnails&#8221; override_thumbnail_settings=&#8221;0&#8243; thumbnail_width=&#8221;100&#8243; thumbnail_height=&#8221;75&#8243; thumbnail_crop=&#8221;1&#8243; images_per_page=&#8221;0&#8243; number_of_columns=&#8221;0&#8243; ajax_pagination=&#8221;0&#8243; show_all_in_lightbox=&#8221;0&#8243; use_imagebrowser_effect=&#8221;0&#8243; show_slideshow_link=&#8221;1&#8243; slideshow_link_text=&#8221;[Show as slideshow]&#8221; order_by=&#8221;sortorder&#8221; order_direction=&#8221;ASC&#8221; returns=&#8221;included&#8221; maximum_entity_count=&#8221;500&#8243;]<\/p>\n","protected":false},"excerpt":{"rendered":"<p>Foi inaugurada na manh\u00e3 de segunda-feira (12) a nova sala de vacinas para rec\u00e9m-nascidos no Hospital S\u00e3o Paulo. A nova estrutura atender\u00e1 a beb\u00eas nascidos na institui\u00e7\u00e3o e busca n\u00e3o apenas oferecer maior conforto e qualidade aos pacientes, como tamb\u00e9m reduzir os \u00edndices m\u00ednimos dos riscos de contamina\u00e7\u00e3o de doen\u00e7as entre o nascimento e a [&hellip;]<\/p>\n","protected":false},"author":7,"featured_media":51241,"comment_status":"open","ping_status":"closed","sticky":false,"template":"","format":"standard","meta":{"_joinchat":[],"footnotes":""},"categories":[1],"tags":[],"class_list":["post-51212","post","type-post","status-publish","format-standard","has-post-thumbnail","hentry","category-sem-categoria"],"_links":{"self":[{"href":"http:\/\/folhadosudeste.com\/site\/index.php?rest_route=\/wp\/v2\/posts\/51212","targetHints":{"allow":["GET"]}}],"collection":[{"href":"http:\/\/folhadosudeste.com\/site\/index.php?rest_route=\/wp\/v2\/posts"}],"about":[{"href":"http:\/\/folhadosudeste.com\/site\/index.php?rest_route=\/wp\/v2\/types\/post"}],"author":[{"embeddable":true,"href":"http:\/\/folhadosudeste.com\/site\/index.php?rest_route=\/wp\/v2\/users\/7"}],"replies":[{"embeddable":true,"href":"http:\/\/folhadosudeste.com\/site\/index.php?rest_route=%2Fwp%2Fv2%2Fcomments&post=51212"}],"version-history":[{"count":1,"href":"http:\/\/folhadosudeste.com\/site\/index.php?rest_route=\/wp\/v2\/posts\/51212\/revisions"}],"predecessor-version":[{"id":51242,"href":"http:\/\/folhadosudeste.com\/site\/index.php?rest_route=\/wp\/v2\/posts\/51212\/revisions\/51242"}],"wp:featuredmedia":[{"embeddable":true,"href":"http:\/\/folhadosudeste.com\/site\/index.php?rest_route=\/wp\/v2\/media\/51241"}],"wp:attachment":[{"href":"http:\/\/folhadosudeste.com\/site\/index.php?rest_route=%2Fwp%2Fv2%2Fmedia&parent=51212"}],"wp:term":[{"taxonomy":"category","embeddable":true,"href":"http:\/\/folhadosudeste.com\/site\/index.php?rest_route=%2Fwp%2Fv2%2Fcategories&post=51212"},{"taxonomy":"post_tag","embeddable":true,"href":"http:\/\/folhadosudeste.com\/site\/index.php?rest_route=%2Fwp%2Fv2%2Ftags&post=51212"}],"curies":[{"name":"wp","href":"https:\/\/api.w.org\/{rel}","templated":true}]}}