{"id":51246,"date":"2018-03-14T17:53:54","date_gmt":"2018-03-14T17:53:54","guid":{"rendered":"http:\/\/folhadosudeste.com\/site\/?p=51246"},"modified":"2018-03-16T23:34:13","modified_gmt":"2018-03-16T23:34:13","slug":"prefeitura-de-muriae-organiza-seminario-sobre-febre-amarela-para-capacitar-profissionais-da-saude","status":"publish","type":"post","link":"http:\/\/folhadosudeste.com\/site\/?p=51246","title":{"rendered":"Prefeitura de Muria\u00e9 organiza semin\u00e1rio sobre febre amarela para capacitar profissionais da sa\u00fade"},"content":{"rendered":"<p><a href=\"http:\/\/folhadosudeste.com\/site\/wp-content\/uploads\/2018\/03\/20180116_144827_febreamarela.png\"><img loading=\"lazy\" decoding=\"async\" class=\"aligncenter wp-image-51247 size-full\" src=\"http:\/\/folhadosudeste.com\/site\/wp-content\/uploads\/2018\/03\/20180116_144827_febreamarela.png\" alt=\"\" width=\"1000\" height=\"666\" srcset=\"http:\/\/folhadosudeste.com\/site\/wp-content\/uploads\/2018\/03\/20180116_144827_febreamarela.png 1000w, http:\/\/folhadosudeste.com\/site\/wp-content\/uploads\/2018\/03\/20180116_144827_febreamarela-300x200.png 300w, http:\/\/folhadosudeste.com\/site\/wp-content\/uploads\/2018\/03\/20180116_144827_febreamarela-768x511.png 768w\" sizes=\"auto, (max-width: 1000px) 100vw, 1000px\" \/><\/a><\/p>\n<p style=\"font-weight: 400; text-align: justify;\"><em>Objetivo \u00e9 ampliar conhecimentos sobre doen\u00e7a na regi\u00e3o, melhorando atendimento \u00e0 popula\u00e7\u00e3o<\/em><\/p>\n<p style=\"font-weight: 400; text-align: justify;\">A Prefeitura realizar\u00e1 o Semin\u00e1rio de Febre Amarela da Regi\u00e3o de Muria\u00e9, no pr\u00f3ximo dia 22, no audit\u00f3rio da Unifaminas. A&nbsp;capacita\u00e7\u00e3o \u00e9 fundamental para conscientizar aos profissionais da sa\u00fade sobre o diagn\u00f3stico da doen\u00e7a e refor\u00e7ar a import\u00e2ncia da vacina\u00e7\u00e3o. O objetivo \u00e9 ampliar os conhecimentos sobre a febre amarela, assim como apresentar caracter\u00edsticas que possam distinguir a enfermidades de outras, ampliando a qualidade de sa\u00fade dos muriaeenses e de moradores de cidades vizinhas.<\/p>\n<p style=\"font-weight: 400; text-align: justify;\">Os assuntos tratados ser\u00e3o: o cen\u00e1rio epidemiol\u00f3gico (os v\u00e1rios casos que ocorreram na regi\u00e3o), o manejo cl\u00ednico (forma de identifica\u00e7\u00e3o da doen\u00e7a), fluxo assistencial, as experi\u00eancias cl\u00ednicas e as condutas a serem tomadas, assim como a forma de utilizar o transporte sanit\u00e1rio do SAMU (servi\u00e7o voltado a pacientes acamados ou com dificuldade de locomo\u00e7\u00e3o). Ao final do ciclo de palestras, acontecer\u00e1uma mesa redonda para que todos os presentes tenham a oportunidade de debaterem sobre o assunto e tirar d\u00favidas. O evento ser\u00e1 uma parceria entre a Prefeitura, Unifaminas, Ger\u00eancia Regional de Sa\u00fade de Ub\u00e1 (GRS) e Cons\u00f3rcio Intermunicipal de Sa\u00fade da Regi\u00e3o Sudeste (Cisdeste- SAMU), organizado pelo N\u00facleo de Apoio \u00e0 Educa\u00e7\u00e3o Permanente da Secretaria Municipal&nbsp;&nbsp;de Sa\u00fade.<\/p>\n<p style=\"font-weight: 400; text-align: justify;\">O evento ser\u00e1 aberto a todos os profissionais da \u00e1rea de sa\u00fade da regi\u00e3o. Onze cidades dever\u00e3o participar com representantes que ser\u00e3o multiplicadores de informa\u00e7\u00e3o sobre a febre amarela. O p\u00fablico poder\u00e1 se inscrever no email:&nbsp;<a href=\"mailto:smsonline2018@gmail.com\">smsonline2018@gmail.com<\/a>. \u201cEstamos determinados a capacitar todos para que as caracter\u00edsticas e sintomas da doen\u00e7a se tornem mais conhecidos. J\u00e1 capacitamos os nossos m\u00e9dicos da rede p\u00fablica e iremos capacitar a todos os profissionais de Muria\u00e9 que trabalham na urg\u00eancia e emerg\u00eancia. Somos uma das poucas cidades de nossa regi\u00e3o que n\u00e3o tivemos nenhum registro confirmado de febre amarela. E vamos continuar assim\u201d, disse o prefeito Grego.<\/p>\n","protected":false},"excerpt":{"rendered":"<p>Objetivo \u00e9 ampliar conhecimentos sobre doen\u00e7a na regi\u00e3o, melhorando atendimento \u00e0 popula\u00e7\u00e3o A Prefeitura realizar\u00e1 o Semin\u00e1rio de Febre Amarela da Regi\u00e3o de Muria\u00e9, no pr\u00f3ximo dia 22, no audit\u00f3rio da Unifaminas. A&nbsp;capacita\u00e7\u00e3o \u00e9 fundamental para conscientizar aos profissionais da sa\u00fade sobre o diagn\u00f3stico da doen\u00e7a e refor\u00e7ar a import\u00e2ncia da vacina\u00e7\u00e3o. O objetivo \u00e9 [&hellip;]<\/p>\n","protected":false},"author":6,"featured_media":51247,"comment_status":"open","ping_status":"closed","sticky":false,"template":"","format":"standard","meta":{"_joinchat":[],"footnotes":""},"categories":[1],"tags":[],"class_list":["post-51246","post","type-post","status-publish","format-standard","has-post-thumbnail","hentry","category-sem-categoria"],"_links":{"self":[{"href":"http:\/\/folhadosudeste.com\/site\/index.php?rest_route=\/wp\/v2\/posts\/51246","targetHints":{"allow":["GET"]}}],"collection":[{"href":"http:\/\/folhadosudeste.com\/site\/index.php?rest_route=\/wp\/v2\/posts"}],"about":[{"href":"http:\/\/folhadosudeste.com\/site\/index.php?rest_route=\/wp\/v2\/types\/post"}],"author":[{"embeddable":true,"href":"http:\/\/folhadosudeste.com\/site\/index.php?rest_route=\/wp\/v2\/users\/6"}],"replies":[{"embeddable":true,"href":"http:\/\/folhadosudeste.com\/site\/index.php?rest_route=%2Fwp%2Fv2%2Fcomments&post=51246"}],"version-history":[{"count":2,"href":"http:\/\/folhadosudeste.com\/site\/index.php?rest_route=\/wp\/v2\/posts\/51246\/revisions"}],"predecessor-version":[{"id":51513,"href":"http:\/\/folhadosudeste.com\/site\/index.php?rest_route=\/wp\/v2\/posts\/51246\/revisions\/51513"}],"wp:featuredmedia":[{"embeddable":true,"href":"http:\/\/folhadosudeste.com\/site\/index.php?rest_route=\/wp\/v2\/media\/51247"}],"wp:attachment":[{"href":"http:\/\/folhadosudeste.com\/site\/index.php?rest_route=%2Fwp%2Fv2%2Fmedia&parent=51246"}],"wp:term":[{"taxonomy":"category","embeddable":true,"href":"http:\/\/folhadosudeste.com\/site\/index.php?rest_route=%2Fwp%2Fv2%2Fcategories&post=51246"},{"taxonomy":"post_tag","embeddable":true,"href":"http:\/\/folhadosudeste.com\/site\/index.php?rest_route=%2Fwp%2Fv2%2Ftags&post=51246"}],"curies":[{"name":"wp","href":"https:\/\/api.w.org\/{rel}","templated":true}]}}