{"id":51249,"date":"2018-03-15T12:38:14","date_gmt":"2018-03-15T12:38:14","guid":{"rendered":"http:\/\/folhadosudeste.com\/site\/?p=51249"},"modified":"2018-03-16T23:04:27","modified_gmt":"2018-03-16T23:04:27","slug":"bibliotecaria-revela-envolvimento-dos-jovens-com-projetos-sociais","status":"publish","type":"post","link":"http:\/\/folhadosudeste.com\/site\/?p=51249","title":{"rendered":"Bibliotec\u00e1ria revela envolvimento dos jovens com projetos sociais"},"content":{"rendered":"<p style=\"text-align: justify;\">Em comemora\u00e7\u00e3o ao dia do bibliotec\u00e1rio, comemorado no dia 12 de mar\u00e7o, a bibliotec\u00e1ria da Biblioteca Municipal de Muria\u00e9, Rose Barros, concedeu uma entrevista \u00e0 reda\u00e7\u00e3o da Folha do Sudeste acerca da participa\u00e7\u00e3o do p\u00fablico jovem em projetos sociais ministrados no local e revelou suas experi\u00eancias e expectativas como personalidade atuante no campo da cultura em \u00e2mbito municipal. A funcion\u00e1ria revela que, a cada dia que passa, a Biblioteca adquire novas fun\u00e7\u00f5es sociais que v\u00eam sendo bastante trabalhadas pela equipe do local.<\/p>\n<p style=\"text-align: justify;\">Entre alguns dos projetos sociais nos quais ela se envolveu, est\u00e3o as Rodas de Conversa realizadas no p\u00e1tio do estabelecimento, que visa \u00e0 partilha de viv\u00eancias e relatos advindos do p\u00fablico LGBT de uma ONG relacionada; e o simp\u00e1tico projeto Biblioteca Fant\u00e1stica, em parceria com Andrea do Vale, integrante da Academia Muriaeense de Letras, que consiste na realiza\u00e7\u00e3o de teatros tem\u00e1ticos e interativos com as crian\u00e7as participantes. \u201cO teatro mostrava o in\u00edcio da hist\u00f3ria e, se a crian\u00e7a quisesse saber o final, precisava ler o livro para descobrir\u201d, explica Rose. Ela tamb\u00e9m conta que houve vezes nas quais duas sess\u00f5es de teatro foram necess\u00e1rias devido \u00e0 grande demanda. O sucesso foi t\u00e3o grande que ela conta que pretende voltar com um projeto de tem\u00e1tica semelhante.<\/p>\n<p style=\"text-align: justify;\">&nbsp;&nbsp;&nbsp;&nbsp;&nbsp;&nbsp;&nbsp;&nbsp;&nbsp;&nbsp;&nbsp; \u201cO nosso foco principal \u00e9 levar jovens \u00e0 biblioteca, n\u00e3o s\u00f3 para estudo, como tamb\u00e9m para a leitura\u201d, ela conta. Ela defende a quebra do paradigma de que biblioteca \u00e9 um espa\u00e7o voltado apenas para intelectuais. Quando perguntada acerca dos meios para que essa ideia se concretize, ela cita diversos exemplos, como integra\u00e7\u00e3o e parcerias com escolas, promo\u00e7\u00e3o de saraus po\u00e9ticos, realiza\u00e7\u00e3o de din\u00e2micas de tem\u00e1tica educativa direcionada ao p\u00fablico infanto-juvenil, desenvolvimento do projeto Roda de Leitura em parceria com a Academia Muriaeense de Letras a fim de apurar o criticismo dos jovens participantes, etc. Alguns projetos relacionados j\u00e1 est\u00e3o em pr\u00e1tica: a manuten\u00e7\u00e3o de uma esp\u00e9cie de clube de dan\u00e7a nas \u00e1reas da Biblioteca, o estabelecimento da parceria com o Conselho da Juventude e a forma\u00e7\u00e3o de gr\u00eamios estudantis em parceria com escolas, como Olavo Tostes e Professor Orlando de Lima Faria.<\/p>\n<p style=\"text-align: justify;\">&nbsp;&nbsp;&nbsp;&nbsp;&nbsp;&nbsp;&nbsp;&nbsp;&nbsp;&nbsp;&nbsp; Ainda sobre os programas culturais em exerc\u00edcio, Rose mostra-se orgulhosa ao contar sobre Projeto da Funda\u00e7\u00e3o Bill Gates: a Biblioteca Municipal de Muria\u00e9 foi a \u00fanica do estado de Minas a ser selecionada pela institui\u00e7\u00e3o por atender \u00e0s especifica\u00e7\u00f5es, como lugares amplos, valoriza\u00e7\u00e3o do bibliotec\u00e1rio, acessibilidade, entre outras. Como pr\u00eamio, o espa\u00e7o recebeu 10 computadores com fins de pesquisa por dois anos, tempo esse que foi prolongado indefinidamente.<\/p>\n<p style=\"text-align: justify;\">&nbsp;&nbsp;&nbsp;&nbsp;&nbsp;&nbsp;&nbsp;&nbsp;&nbsp;&nbsp;&nbsp; Rose mostra-se preocupada tamb\u00e9m com a perda da historicidade municipal. \u201cAs pessoas morrem e, com elas, a Hist\u00f3ria. A mem\u00f3ria da cidade se perde. Conhecer a historicidade do local onde nasceu \u00e9 essencial para conhecer a si mesmo. S\u00f3 temos a Hist\u00f3ria oficial. A Hist\u00f3ria n\u00e3o oficial se perde. Os costumes e tradi\u00e7\u00f5es de s\u00e9culos infelizmente v\u00e3o se perdendo com o tempo\u201d, afirma.<\/p>\n<p style=\"text-align: justify;\">&nbsp;&nbsp;&nbsp;&nbsp;&nbsp;&nbsp;&nbsp;&nbsp;&nbsp;&nbsp;&nbsp; Rose contou que, brevemente, o espa\u00e7o passar\u00e1 por reformas pontuais relacionadas \u00e0 manuten\u00e7\u00e3o, o que possibilitar\u00e1 a melhor pr\u00e1tica de trabalho comunit\u00e1rio. Al\u00e9m de bibliotec\u00e1ria, ela \u00e9 contadora de hist\u00f3rias para crian\u00e7as que v\u00e3o \u00e0 Biblioteca com suas escolas e defensora do ideal de que as \u00e1reas de educa\u00e7\u00e3o e cultura merecem maiores investimentos por parte do governo. Seu principal prop\u00f3sito \u00e9 manter um ambiente saud\u00e1vel de incentivo \u00e0 leitura e dissemina\u00e7\u00e3o de cultura.<\/p>\n<p>[ngg_images source=&#8221;galleries&#8221; container_ids=&#8221;1295&#8243; display_type=&#8221;photocrati-nextgen_basic_thumbnails&#8221; override_thumbnail_settings=&#8221;0&#8243; thumbnail_width=&#8221;100&#8243; thumbnail_height=&#8221;75&#8243; thumbnail_crop=&#8221;1&#8243; images_per_page=&#8221;0&#8243; number_of_columns=&#8221;0&#8243; ajax_pagination=&#8221;0&#8243; show_all_in_lightbox=&#8221;0&#8243; use_imagebrowser_effect=&#8221;0&#8243; show_slideshow_link=&#8221;1&#8243; slideshow_link_text=&#8221;[Show as slideshow]&#8221; order_by=&#8221;sortorder&#8221; order_direction=&#8221;ASC&#8221; returns=&#8221;included&#8221; maximum_entity_count=&#8221;500&#8243;]<\/p>\n","protected":false},"excerpt":{"rendered":"<p>Em comemora\u00e7\u00e3o ao dia do bibliotec\u00e1rio, comemorado no dia 12 de mar\u00e7o, a bibliotec\u00e1ria da Biblioteca Municipal de Muria\u00e9, Rose Barros, concedeu uma entrevista \u00e0 reda\u00e7\u00e3o da Folha do Sudeste acerca da participa\u00e7\u00e3o do p\u00fablico jovem em projetos sociais ministrados no local e revelou suas experi\u00eancias e expectativas como personalidade atuante no campo da cultura [&hellip;]<\/p>\n","protected":false},"author":7,"featured_media":51266,"comment_status":"open","ping_status":"closed","sticky":false,"template":"","format":"standard","meta":{"_joinchat":[],"footnotes":""},"categories":[1],"tags":[],"class_list":["post-51249","post","type-post","status-publish","format-standard","has-post-thumbnail","hentry","category-sem-categoria"],"_links":{"self":[{"href":"http:\/\/folhadosudeste.com\/site\/index.php?rest_route=\/wp\/v2\/posts\/51249","targetHints":{"allow":["GET"]}}],"collection":[{"href":"http:\/\/folhadosudeste.com\/site\/index.php?rest_route=\/wp\/v2\/posts"}],"about":[{"href":"http:\/\/folhadosudeste.com\/site\/index.php?rest_route=\/wp\/v2\/types\/post"}],"author":[{"embeddable":true,"href":"http:\/\/folhadosudeste.com\/site\/index.php?rest_route=\/wp\/v2\/users\/7"}],"replies":[{"embeddable":true,"href":"http:\/\/folhadosudeste.com\/site\/index.php?rest_route=%2Fwp%2Fv2%2Fcomments&post=51249"}],"version-history":[{"count":1,"href":"http:\/\/folhadosudeste.com\/site\/index.php?rest_route=\/wp\/v2\/posts\/51249\/revisions"}],"predecessor-version":[{"id":51267,"href":"http:\/\/folhadosudeste.com\/site\/index.php?rest_route=\/wp\/v2\/posts\/51249\/revisions\/51267"}],"wp:featuredmedia":[{"embeddable":true,"href":"http:\/\/folhadosudeste.com\/site\/index.php?rest_route=\/wp\/v2\/media\/51266"}],"wp:attachment":[{"href":"http:\/\/folhadosudeste.com\/site\/index.php?rest_route=%2Fwp%2Fv2%2Fmedia&parent=51249"}],"wp:term":[{"taxonomy":"category","embeddable":true,"href":"http:\/\/folhadosudeste.com\/site\/index.php?rest_route=%2Fwp%2Fv2%2Fcategories&post=51249"},{"taxonomy":"post_tag","embeddable":true,"href":"http:\/\/folhadosudeste.com\/site\/index.php?rest_route=%2Fwp%2Fv2%2Ftags&post=51249"}],"curies":[{"name":"wp","href":"https:\/\/api.w.org\/{rel}","templated":true}]}}