{"id":51346,"date":"2018-03-15T13:27:32","date_gmt":"2018-03-15T13:27:32","guid":{"rendered":"http:\/\/folhadosudeste.com\/site\/?p=51346"},"modified":"2018-03-15T13:27:32","modified_gmt":"2018-03-15T13:27:32","slug":"acidente-entre-caminhonete-e-caminhao-deixa-um-morto-na-mg-454","status":"publish","type":"post","link":"http:\/\/folhadosudeste.com\/site\/?p=51346","title":{"rendered":"Acidente entre caminhonete e caminh\u00e3o deixa um morto na MG-454"},"content":{"rendered":"<p style=\"text-align: justify;\">No come\u00e7o da tarde da \u00faltima ter\u00e7a-feira (13), por volta das 13h10, um acidente entre um caminh\u00e3o e uma caminhonete Fiat\/Strada na MG-454, em acesso \u00e0 cidade de Recreio, deixou um morto, o condutor da caminhonete, que foi identificado como Murilo Tilli, m\u00e9dico veterin\u00e1rio de Astolfo Dutra de 31 anos. O caminhoneiro n\u00e3o sofreu ferimentos. Segundo informa\u00e7\u00f5es do Corpo de Bombeiros, o Fiat\/Strada tem placa de Astolfo Dutra e o caminh\u00e3o, de Inimutaba-MG.<\/p>\n<p style=\"text-align: justify;\">A Pol\u00edcia Rodovi\u00e1ria Estadual (PRE) de Dona Euz\u00e9bia e o SAMU de Leopoldina estiveram presentes. A Per\u00edcia T\u00e9cnica da Pol\u00edcia Civil tamb\u00e9m esteve no local e realizou os trabalhos usuais, como a libera\u00e7\u00e3o do corpo do motorista da caminhonete. As autoridades apurar\u00e3o as causas do acidente.<\/p>\n<p>[ngg_images source=&#8221;galleries&#8221; container_ids=&#8221;1297&#8243; display_type=&#8221;photocrati-nextgen_basic_thumbnails&#8221; override_thumbnail_settings=&#8221;0&#8243; thumbnail_width=&#8221;100&#8243; thumbnail_height=&#8221;75&#8243; thumbnail_crop=&#8221;1&#8243; images_per_page=&#8221;0&#8243; number_of_columns=&#8221;0&#8243; ajax_pagination=&#8221;0&#8243; show_all_in_lightbox=&#8221;0&#8243; use_imagebrowser_effect=&#8221;0&#8243; show_slideshow_link=&#8221;1&#8243; slideshow_link_text=&#8221;[Show as slideshow]&#8221; order_by=&#8221;sortorder&#8221; order_direction=&#8221;ASC&#8221; returns=&#8221;included&#8221; maximum_entity_count=&#8221;500&#8243;]<\/p>\n","protected":false},"excerpt":{"rendered":"<p>No come\u00e7o da tarde da \u00faltima ter\u00e7a-feira (13), por volta das 13h10, um acidente entre um caminh\u00e3o e uma caminhonete Fiat\/Strada na MG-454, em acesso \u00e0 cidade de Recreio, deixou um morto, o condutor da caminhonete, que foi identificado como Murilo Tilli, m\u00e9dico veterin\u00e1rio de Astolfo Dutra de 31 anos. O caminhoneiro n\u00e3o sofreu ferimentos. [&hellip;]<\/p>\n","protected":false},"author":7,"featured_media":51347,"comment_status":"open","ping_status":"closed","sticky":false,"template":"","format":"standard","meta":{"_joinchat":[],"footnotes":""},"categories":[1],"tags":[],"class_list":["post-51346","post","type-post","status-publish","format-standard","has-post-thumbnail","hentry","category-sem-categoria"],"_links":{"self":[{"href":"http:\/\/folhadosudeste.com\/site\/index.php?rest_route=\/wp\/v2\/posts\/51346","targetHints":{"allow":["GET"]}}],"collection":[{"href":"http:\/\/folhadosudeste.com\/site\/index.php?rest_route=\/wp\/v2\/posts"}],"about":[{"href":"http:\/\/folhadosudeste.com\/site\/index.php?rest_route=\/wp\/v2\/types\/post"}],"author":[{"embeddable":true,"href":"http:\/\/folhadosudeste.com\/site\/index.php?rest_route=\/wp\/v2\/users\/7"}],"replies":[{"embeddable":true,"href":"http:\/\/folhadosudeste.com\/site\/index.php?rest_route=%2Fwp%2Fv2%2Fcomments&post=51346"}],"version-history":[{"count":1,"href":"http:\/\/folhadosudeste.com\/site\/index.php?rest_route=\/wp\/v2\/posts\/51346\/revisions"}],"predecessor-version":[{"id":51356,"href":"http:\/\/folhadosudeste.com\/site\/index.php?rest_route=\/wp\/v2\/posts\/51346\/revisions\/51356"}],"wp:featuredmedia":[{"embeddable":true,"href":"http:\/\/folhadosudeste.com\/site\/index.php?rest_route=\/wp\/v2\/media\/51347"}],"wp:attachment":[{"href":"http:\/\/folhadosudeste.com\/site\/index.php?rest_route=%2Fwp%2Fv2%2Fmedia&parent=51346"}],"wp:term":[{"taxonomy":"category","embeddable":true,"href":"http:\/\/folhadosudeste.com\/site\/index.php?rest_route=%2Fwp%2Fv2%2Fcategories&post=51346"},{"taxonomy":"post_tag","embeddable":true,"href":"http:\/\/folhadosudeste.com\/site\/index.php?rest_route=%2Fwp%2Fv2%2Ftags&post=51346"}],"curies":[{"name":"wp","href":"https:\/\/api.w.org\/{rel}","templated":true}]}}