{"id":51357,"date":"2018-03-15T13:32:56","date_gmt":"2018-03-15T13:32:56","guid":{"rendered":"http:\/\/folhadosudeste.com\/site\/?p=51357"},"modified":"2018-03-15T13:32:56","modified_gmt":"2018-03-15T13:32:56","slug":"carretas-colidem-na-br-356-e-provocam-ferimentos-graves-em-motorista-e-passageiro","status":"publish","type":"post","link":"http:\/\/folhadosudeste.com\/site\/?p=51357","title":{"rendered":"Carretas colidem na BR-356 e provocam ferimentos graves em motorista e passageiro"},"content":{"rendered":"<p style=\"text-align: justify;\">Na manh\u00e3 da \u00faltima segunda-feira (12), por volta das 6h40min na BR-356 na estrada Muria\u00e9-Erv\u00e1lia, pr\u00f3ximo \u00e0 comunidade do Ancorado em Ros\u00e1rio da Limeira, a 27 km de Muria\u00e9, duas carretas colidiram e deixaram duas pessoas em estado grave. Uma das carretas, que viajava com sentido a Muria\u00e9 e com placa de Cajuri-MG, tentou desviar de uma carreta que vinha em sentido contr\u00e1rio, com placa de Visconde do Rio Branco-MG, e que tombou na estrada quando houve a colis\u00e3o.<\/p>\n<p style=\"text-align: justify;\">O motorista e o passageiro da carreta de Cajuri tiveram ferimentos graves e foram socorridos por uma ambul\u00e2ncia de Ros\u00e1rio da Limeira. O outro motorista n\u00e3o se feriu. Os envolvidos no acidente ser\u00e3o ouvidos pelas autoridades a fim de que sejam apuradas as causas do acidente.<\/p>\n<p>[ngg_images source=&#8221;galleries&#8221; container_ids=&#8221;1298&#8243; display_type=&#8221;photocrati-nextgen_basic_thumbnails&#8221; override_thumbnail_settings=&#8221;0&#8243; thumbnail_width=&#8221;100&#8243; thumbnail_height=&#8221;75&#8243; thumbnail_crop=&#8221;1&#8243; images_per_page=&#8221;0&#8243; number_of_columns=&#8221;0&#8243; ajax_pagination=&#8221;0&#8243; show_all_in_lightbox=&#8221;0&#8243; use_imagebrowser_effect=&#8221;0&#8243; show_slideshow_link=&#8221;1&#8243; slideshow_link_text=&#8221;[Show as slideshow]&#8221; order_by=&#8221;sortorder&#8221; order_direction=&#8221;ASC&#8221; returns=&#8221;included&#8221; maximum_entity_count=&#8221;500&#8243;]<\/p>\n<p>&nbsp;<\/p>\n","protected":false},"excerpt":{"rendered":"<p>Na manh\u00e3 da \u00faltima segunda-feira (12), por volta das 6h40min na BR-356 na estrada Muria\u00e9-Erv\u00e1lia, pr\u00f3ximo \u00e0 comunidade do Ancorado em Ros\u00e1rio da Limeira, a 27 km de Muria\u00e9, duas carretas colidiram e deixaram duas pessoas em estado grave. Uma das carretas, que viajava com sentido a Muria\u00e9 e com placa de Cajuri-MG, tentou desviar [&hellip;]<\/p>\n","protected":false},"author":7,"featured_media":51370,"comment_status":"open","ping_status":"closed","sticky":false,"template":"","format":"standard","meta":{"_joinchat":[],"footnotes":""},"categories":[1],"tags":[],"class_list":["post-51357","post","type-post","status-publish","format-standard","has-post-thumbnail","hentry","category-sem-categoria"],"_links":{"self":[{"href":"http:\/\/folhadosudeste.com\/site\/index.php?rest_route=\/wp\/v2\/posts\/51357","targetHints":{"allow":["GET"]}}],"collection":[{"href":"http:\/\/folhadosudeste.com\/site\/index.php?rest_route=\/wp\/v2\/posts"}],"about":[{"href":"http:\/\/folhadosudeste.com\/site\/index.php?rest_route=\/wp\/v2\/types\/post"}],"author":[{"embeddable":true,"href":"http:\/\/folhadosudeste.com\/site\/index.php?rest_route=\/wp\/v2\/users\/7"}],"replies":[{"embeddable":true,"href":"http:\/\/folhadosudeste.com\/site\/index.php?rest_route=%2Fwp%2Fv2%2Fcomments&post=51357"}],"version-history":[{"count":1,"href":"http:\/\/folhadosudeste.com\/site\/index.php?rest_route=\/wp\/v2\/posts\/51357\/revisions"}],"predecessor-version":[{"id":51371,"href":"http:\/\/folhadosudeste.com\/site\/index.php?rest_route=\/wp\/v2\/posts\/51357\/revisions\/51371"}],"wp:featuredmedia":[{"embeddable":true,"href":"http:\/\/folhadosudeste.com\/site\/index.php?rest_route=\/wp\/v2\/media\/51370"}],"wp:attachment":[{"href":"http:\/\/folhadosudeste.com\/site\/index.php?rest_route=%2Fwp%2Fv2%2Fmedia&parent=51357"}],"wp:term":[{"taxonomy":"category","embeddable":true,"href":"http:\/\/folhadosudeste.com\/site\/index.php?rest_route=%2Fwp%2Fv2%2Fcategories&post=51357"},{"taxonomy":"post_tag","embeddable":true,"href":"http:\/\/folhadosudeste.com\/site\/index.php?rest_route=%2Fwp%2Fv2%2Ftags&post=51357"}],"curies":[{"name":"wp","href":"https:\/\/api.w.org\/{rel}","templated":true}]}}