{"id":51381,"date":"2018-03-16T13:04:53","date_gmt":"2018-03-16T13:04:53","guid":{"rendered":"http:\/\/folhadosudeste.com\/site\/?p=51381"},"modified":"2018-03-16T13:04:53","modified_gmt":"2018-03-16T13:04:53","slug":"cdl-juntamente-com-oab-ace-fundarte-e-prefeitura-de-muriae-promovem-palestra-mulheres-que-inspiram","status":"publish","type":"post","link":"http:\/\/folhadosudeste.com\/site\/?p=51381","title":{"rendered":"CDL, juntamente com OAB, ACE, Fundarte e Prefeitura de Muria\u00e9 promovem palestra \u201cMulheres que Inspiram\u201d"},"content":{"rendered":"<p>Foi realizado na quarta-feira 14 de mar\u00e7o um grande evento chamado \u201cMulheres que Inspiram\u201d, resultado de uma parceria entre a CDL (C\u00e2mara de Dirigentes Lojistas de Muria\u00e9), a ACE (Associa\u00e7\u00e3o Comercial e Empresarial), a OAB de Minas Gerais com Subse\u00e7\u00e3o em Muria\u00e9, a Fundarte e Prefeitura de Muria\u00e9. A cerim\u00f4nia ocorreu no Teatro Municipal Zacarias Marques e contou com a presen\u00e7a de integrantes da CDL em uma palestra com Luciana Pirozi, sorteio de brindes e um delicioso coquetel. A solenidade teve como objetivo prestar uma homenagem \u00e0 figura feminina em virtude da celebra\u00e7\u00e3o do Dia Internacional da Mulher, que foi comemorado no dia 8 de mar\u00e7o.<\/p>\n<p>&nbsp;&nbsp;&nbsp;&nbsp;&nbsp;&nbsp;&nbsp;&nbsp;&nbsp;&nbsp;&nbsp; &nbsp;Luciana Pirozi \u00e9 consultora e administradora de empresas <em>(Coach)<\/em> e vem desenvolvendo trabalhos em parceria com a CDL.&nbsp; Sua atua\u00e7\u00e3o \u00e9 na \u00e1rea de <em>marketing<\/em> e recursos humanos. <em>\u201cNosso evento aborda a mulher em sua plenitude, que pode fazer o que quiser, que tem a for\u00e7a interior que lhe \u00e9 caracter\u00edstica e que pode ser feliz apesar das diferen\u00e7as e dificuldades pelas quais passam em seu dia a dia.<\/em> <em>A mulher hoje tem muitas fun\u00e7\u00f5es na pol\u00edtica, nas empresas&#8230; Estamos conquistando o nosso espa\u00e7o. \u00c9 isso o que eu quero buscar tamb\u00e9m, essa quest\u00e3o da oportunidade que as mulheres v\u00eam tendo, o chamado \u2018empoderamento\u2019. \u00c9 o que eu quero mostrar: que elas podem, sim. \u00c0quelas que est\u00e3o com um pouco de medo, eu espero que saiam daqui um pouco mais confiantes.<\/em> <em>Preparamos tudo com muito carinho. A nossa mensagem \u00e9 a de que a mulher tem a for\u00e7a para ser o que quiser, tem a capacidade de se reinventar todos os dias e pode ir para o mundo, porque ele \u00e9 nosso\u201d<\/em>, conta.<\/p>\n<p><em>&nbsp;&nbsp;&nbsp;&nbsp;&nbsp;&nbsp;&nbsp;&nbsp;&nbsp;&nbsp;&nbsp; <\/em>A advogada Dra. Graziela Porcaro e participante da OAB 36\u00ba Subse\u00e7\u00e3o de Muria\u00e9, tamb\u00e9m esteve presente e refletiu sobre o prop\u00f3sito do evento<em>: \u201cO dia 8 de mar\u00e7o \u00e9 um dia n\u00e3o s\u00f3 para homenagear as mulheres, como tamb\u00e9m para refletir e discutir sobre como a mulher vem sendo vista na nossa sociedade e como ela exerce seu papel, que \u00e9 de suma import\u00e2ncia, para ser valorizada cada vez mais. Esse evento tem o objetivo de homenagear n\u00e3o apenas as advogadas como tamb\u00e9m as associadas da CDL e da ACE. \u00c9 uma forma de ter um momento l\u00fadico de comemora\u00e7\u00e3o, descontra\u00e7\u00e3o e entrosamento. \u00c9 uma parceria muito bacana que com certeza ter\u00e1 um saldo bastante positivo\u201d<\/em>, afirma.<\/p>\n<p>&nbsp;&nbsp;&nbsp;&nbsp;&nbsp;&nbsp;&nbsp;&nbsp;&nbsp;&nbsp;&nbsp; Henrique Louren\u00e7o, diretor fiscal, revelou novos planos: <em>\u201cFui convidado pelo Leandro Lattini, presidente da CDL, a montar uma diretoria da CDL Jovem, com o objetivo de reunir jovens empres\u00e1rios, l\u00edderes, profissionais aut\u00f4nomos, advogados de at\u00e9 35 anos que tenham interesse em participar de um grupo com esse perfil a fim de ter poder de decis\u00e3o, eventos, palestras, semin\u00e1rios e workshops para esse p\u00fablico. Temos a vis\u00e3o de sucess\u00e3o, cuidar das empresas que passam de pais para filhos, como tamb\u00e9m cuidar da a\u00e7\u00e3o social com o prop\u00f3sito de promover encontros de empres\u00e1rios desse perfil para que eles possam encontrar apoio na CDL. Come\u00e7amos agora a divulga\u00e7\u00e3o do projeto para agregar essas pessoas e, portanto, come\u00e7ar a montar os eventos. Queremos fazer o lan\u00e7amento no dia 31 de mar\u00e7o, reunindo o maior n\u00famero poss\u00edvel de jovens, pessoas que se encaixem nesse perfil. A CDL Jovem j\u00e1 \u00e9 um movimento nacional. Agora Muria\u00e9 tamb\u00e9m ter\u00e1. Temos f\u00e9 em que vamos conseguir realiz\u00e1-lo para que possamos colher bons frutos como a pr\u00f3pria CDL j\u00e1 tem\u201d.<\/em><\/p>\n<p>Keila Souza da Mata, comp\u00f5e a diretoria da CDL, elogiou o evento e tamb\u00e9m opinou quanto ao papel da mulher: <em>\u201cn\u00f3s sempre programamos algo para as empres\u00e1rias, para as mulheres da CDL. Unimos for\u00e7as e convidamos a Fundarte, a OAB, ACE e a prefeitura, para participarem conosco desse evento maravilhoso que s\u00f3 nos engrandeceu com a palestra da Luciana Pirozi, mostrando que a mulher pode estar onde ela quiser, conquistando seus sonhos e objetivos,&nbsp; mostrando que n\u00f3s, mulheres, temos for\u00e7as, apesar de todos os preconceitos. Temos que vencer essas barreiras, trabalhar, buscar, estudar, aceitar o pr\u00f3ximo e entender que nosso maior inimigo somos n\u00f3s mesmos. Quero agradecer \u00e0s mulheres aqui presentes, \u00e0s que est\u00e3o trabalhando dia e noite sem parar, educando seus filhos, mantendo seus lares, trabalhando, desenvolvendo suas empresas, advogando, etc.<\/em>\u201d, concluiu.<\/p>\n<p>[ngg_images source=&#8221;galleries&#8221; container_ids=&#8221;1299&#8243; display_type=&#8221;photocrati-nextgen_basic_thumbnails&#8221; override_thumbnail_settings=&#8221;0&#8243; thumbnail_width=&#8221;100&#8243; thumbnail_height=&#8221;75&#8243; thumbnail_crop=&#8221;1&#8243; images_per_page=&#8221;0&#8243; number_of_columns=&#8221;0&#8243; ajax_pagination=&#8221;0&#8243; show_all_in_lightbox=&#8221;0&#8243; use_imagebrowser_effect=&#8221;0&#8243; show_slideshow_link=&#8221;1&#8243; slideshow_link_text=&#8221;[Show as slideshow]&#8221; order_by=&#8221;sortorder&#8221; order_direction=&#8221;ASC&#8221; returns=&#8221;included&#8221; maximum_entity_count=&#8221;500&#8243;]<\/p>\n","protected":false},"excerpt":{"rendered":"<p>Foi realizado na quarta-feira 14 de mar\u00e7o um grande evento chamado \u201cMulheres que Inspiram\u201d, resultado de uma parceria entre a CDL (C\u00e2mara de Dirigentes Lojistas de Muria\u00e9), a ACE (Associa\u00e7\u00e3o Comercial e Empresarial), a OAB de Minas Gerais com Subse\u00e7\u00e3o em Muria\u00e9, a Fundarte e Prefeitura de Muria\u00e9. A cerim\u00f4nia ocorreu no Teatro Municipal Zacarias [&hellip;]<\/p>\n","protected":false},"author":7,"featured_media":51434,"comment_status":"open","ping_status":"closed","sticky":false,"template":"","format":"standard","meta":{"_joinchat":[],"footnotes":""},"categories":[1],"tags":[],"class_list":["post-51381","post","type-post","status-publish","format-standard","has-post-thumbnail","hentry","category-sem-categoria"],"_links":{"self":[{"href":"http:\/\/folhadosudeste.com\/site\/index.php?rest_route=\/wp\/v2\/posts\/51381","targetHints":{"allow":["GET"]}}],"collection":[{"href":"http:\/\/folhadosudeste.com\/site\/index.php?rest_route=\/wp\/v2\/posts"}],"about":[{"href":"http:\/\/folhadosudeste.com\/site\/index.php?rest_route=\/wp\/v2\/types\/post"}],"author":[{"embeddable":true,"href":"http:\/\/folhadosudeste.com\/site\/index.php?rest_route=\/wp\/v2\/users\/7"}],"replies":[{"embeddable":true,"href":"http:\/\/folhadosudeste.com\/site\/index.php?rest_route=%2Fwp%2Fv2%2Fcomments&post=51381"}],"version-history":[{"count":1,"href":"http:\/\/folhadosudeste.com\/site\/index.php?rest_route=\/wp\/v2\/posts\/51381\/revisions"}],"predecessor-version":[{"id":51435,"href":"http:\/\/folhadosudeste.com\/site\/index.php?rest_route=\/wp\/v2\/posts\/51381\/revisions\/51435"}],"wp:featuredmedia":[{"embeddable":true,"href":"http:\/\/folhadosudeste.com\/site\/index.php?rest_route=\/wp\/v2\/media\/51434"}],"wp:attachment":[{"href":"http:\/\/folhadosudeste.com\/site\/index.php?rest_route=%2Fwp%2Fv2%2Fmedia&parent=51381"}],"wp:term":[{"taxonomy":"category","embeddable":true,"href":"http:\/\/folhadosudeste.com\/site\/index.php?rest_route=%2Fwp%2Fv2%2Fcategories&post=51381"},{"taxonomy":"post_tag","embeddable":true,"href":"http:\/\/folhadosudeste.com\/site\/index.php?rest_route=%2Fwp%2Fv2%2Ftags&post=51381"}],"curies":[{"name":"wp","href":"https:\/\/api.w.org\/{rel}","templated":true}]}}