{"id":51555,"date":"2018-03-21T12:02:24","date_gmt":"2018-03-21T12:02:24","guid":{"rendered":"http:\/\/folhadosudeste.com\/site\/?p=51555"},"modified":"2018-03-21T12:02:24","modified_gmt":"2018-03-21T12:02:24","slug":"a-sindrome-de-down-frente-a-sociedade","status":"publish","type":"post","link":"http:\/\/folhadosudeste.com\/site\/?p=51555","title":{"rendered":"A S\u00edndrome de Down frente \u00e0 sociedade"},"content":{"rendered":"<p style=\"text-align: justify;\">A s\u00edndrome de Down, tamb\u00e9m conhecida como trissomia 21, \u00e9 um dist\u00farbio gen\u00e9tico caracterizado pela presen\u00e7a de um cromossomo extra no par 21. Com isso, s\u00e3o causados problemas no desenvolvimento corporal e cognitivo, promovendo caracter\u00edsticas f\u00edsicas t\u00edpicas e defici\u00eancia intelectual em diferentes graus.<\/p>\n<p style=\"text-align: justify;\">&nbsp;&nbsp;&nbsp;&nbsp;&nbsp;&nbsp;&nbsp;&nbsp;&nbsp;&nbsp;&nbsp; Em virtude da ignor\u00e2ncia popular, grande parte das dificuldades pelas quais um indiv\u00edduo afetado pela s\u00edndrome passa se baseia em puro preconceito. Falta \u00e0 popula\u00e7\u00e3o conhecimento sobre esta condi\u00e7\u00e3o gen\u00e9tica, o que faz com que a vida do afetado seja influenciada negativamente em grandes propor\u00e7\u00f5es.<\/p>\n<p style=\"text-align: justify;\">&nbsp;&nbsp;&nbsp;&nbsp;&nbsp;&nbsp;&nbsp;&nbsp;&nbsp;&nbsp;&nbsp; Em primeira inst\u00e2ncia, \u00e9 primordial ressaltar que a s\u00edndrome de Down n\u00e3o \u00e9 uma doen\u00e7a, e sim uma altera\u00e7\u00e3o gen\u00e9tica. \u00c9 importante frisar tamb\u00e9m que os afetados pela s\u00edndrome n\u00e3o apresentam uma defici\u00eancia mental, e sim intelectual, caracterizada basicamente pela dificuldade de racioc\u00ednio e compreens\u00e3o.<\/p>\n<p style=\"text-align: justify;\">&nbsp;&nbsp;&nbsp;&nbsp;&nbsp;&nbsp;&nbsp;&nbsp;&nbsp;&nbsp;&nbsp; Aos pais de crian\u00e7as afetadas pela s\u00edndrome, aconselha-se a busca por escolas que apresentem programas de inclus\u00e3o a alunos deficientes. Tamb\u00e9m \u00e9 necess\u00e1rio atentar para o tratamento da crian\u00e7a perante os amigos de classe, que deve ser igualit\u00e1rio de modo a facilitar sua inclus\u00e3o \u00e0 turma. Escolas que administrem atividades recreativas voltadas para o incentivo de outras formas de aprendizado, como m\u00fasica, artes e dan\u00e7a, tamb\u00e9m s\u00e3o recomendadas, uma vez que, a partir da integra\u00e7\u00e3o da crian\u00e7a a esses exerc\u00edcios, tornar-se mais f\u00e1cil sua intera\u00e7\u00e3o com as outras crian\u00e7as, minimizando preconceitos.<\/p>\n<p style=\"text-align: justify;\">&nbsp;&nbsp;&nbsp;&nbsp;&nbsp;&nbsp;&nbsp;&nbsp;&nbsp;&nbsp;&nbsp; A aten\u00e7\u00e3o advinda dos parentes tamb\u00e9m \u00e9 deveras relevante. Ao interagir com seus familiares, a crian\u00e7a desenvolve no\u00e7\u00f5es de empatia e afetividade, o que facilita a forma\u00e7\u00e3o de sua identidade perante a comunidade. O aprendizado e a pr\u00e1tica de valores contribuem para seu conv\u00edvio social.<\/p>\n<p style=\"text-align: justify;\">&nbsp;&nbsp;&nbsp;&nbsp;&nbsp;&nbsp;&nbsp;&nbsp;&nbsp;&nbsp;&nbsp; A discrimina\u00e7\u00e3o existente no mercado de trabalho tamb\u00e9m, \u00e9 outro ponto consider\u00e1vel. A forma como s\u00e3o vistos e tratados em sociedade minimiza as expectativas dos afetados pela s\u00edndrome quanto a essa din\u00e2mica social. Reconhecer-se como algu\u00e9m que exerce um of\u00edcio auxilia na plenitude do exerc\u00edcio de cidadania e na forma\u00e7\u00e3o de sua identidade frente \u00e0 sociedade.<\/p>\n<p style=\"text-align: justify;\">&nbsp;&nbsp;&nbsp;&nbsp;&nbsp;&nbsp;&nbsp;&nbsp;&nbsp;&nbsp;&nbsp; A partir da an\u00e1lise do impacto que a tem\u00e1tica em quest\u00e3o apresenta em \u00e2mbito sociol\u00f3gico, sugere-se a cria\u00e7\u00e3o de programas a serem ministrados pelo Minist\u00e9rio da Educa\u00e7\u00e3o, que visem \u00e0 conscientiza\u00e7\u00e3o coletiva quanto \u00e0 compreens\u00e3o de que um indiv\u00edduo com s\u00edndrome de Down, \u00e9 um ser humano como qualquer outro, que deve ter sua integridade respeitada e que lhe devem ser oferecidas oportunidades igualit\u00e1rias de ensino e trabalho. Some-se a isso o desenvolvimento de programas sociais em estabelecimentos de ensino voltados para a elabora\u00e7\u00e3o de m\u00e9todos com o objetivo de facilitar a plena inclus\u00e3o do afetado pela s\u00edndrome ao ambiente escolar.<\/p>\n<p><a href=\"http:\/\/folhadosudeste.com\/site\/wp-content\/uploads\/2018\/03\/11077927_972470062786720_4534872497499509809_n.jpg\"><img loading=\"lazy\" decoding=\"async\" class=\"size-medium wp-image-51557 aligncenter\" src=\"http:\/\/folhadosudeste.com\/site\/wp-content\/uploads\/2018\/03\/11077927_972470062786720_4534872497499509809_n-300x223.jpg\" alt=\"\" width=\"300\" height=\"223\" srcset=\"http:\/\/folhadosudeste.com\/site\/wp-content\/uploads\/2018\/03\/11077927_972470062786720_4534872497499509809_n-300x223.jpg 300w, http:\/\/folhadosudeste.com\/site\/wp-content\/uploads\/2018\/03\/11077927_972470062786720_4534872497499509809_n-768x571.jpg 768w, http:\/\/folhadosudeste.com\/site\/wp-content\/uploads\/2018\/03\/11077927_972470062786720_4534872497499509809_n.jpg 960w\" sizes=\"auto, (max-width: 300px) 100vw, 300px\" \/><\/a><\/p>\n","protected":false},"excerpt":{"rendered":"<p>A s\u00edndrome de Down, tamb\u00e9m conhecida como trissomia 21, \u00e9 um dist\u00farbio gen\u00e9tico caracterizado pela presen\u00e7a de um cromossomo extra no par 21. Com isso, s\u00e3o causados problemas no desenvolvimento corporal e cognitivo, promovendo caracter\u00edsticas f\u00edsicas t\u00edpicas e defici\u00eancia intelectual em diferentes graus. &nbsp;&nbsp;&nbsp;&nbsp;&nbsp;&nbsp;&nbsp;&nbsp;&nbsp;&nbsp;&nbsp; Em virtude da ignor\u00e2ncia popular, grande parte das dificuldades pelas quais [&hellip;]<\/p>\n","protected":false},"author":7,"featured_media":51557,"comment_status":"open","ping_status":"closed","sticky":false,"template":"","format":"standard","meta":{"_joinchat":[],"footnotes":""},"categories":[1],"tags":[],"class_list":["post-51555","post","type-post","status-publish","format-standard","has-post-thumbnail","hentry","category-sem-categoria"],"_links":{"self":[{"href":"http:\/\/folhadosudeste.com\/site\/index.php?rest_route=\/wp\/v2\/posts\/51555","targetHints":{"allow":["GET"]}}],"collection":[{"href":"http:\/\/folhadosudeste.com\/site\/index.php?rest_route=\/wp\/v2\/posts"}],"about":[{"href":"http:\/\/folhadosudeste.com\/site\/index.php?rest_route=\/wp\/v2\/types\/post"}],"author":[{"embeddable":true,"href":"http:\/\/folhadosudeste.com\/site\/index.php?rest_route=\/wp\/v2\/users\/7"}],"replies":[{"embeddable":true,"href":"http:\/\/folhadosudeste.com\/site\/index.php?rest_route=%2Fwp%2Fv2%2Fcomments&post=51555"}],"version-history":[{"count":1,"href":"http:\/\/folhadosudeste.com\/site\/index.php?rest_route=\/wp\/v2\/posts\/51555\/revisions"}],"predecessor-version":[{"id":51558,"href":"http:\/\/folhadosudeste.com\/site\/index.php?rest_route=\/wp\/v2\/posts\/51555\/revisions\/51558"}],"wp:featuredmedia":[{"embeddable":true,"href":"http:\/\/folhadosudeste.com\/site\/index.php?rest_route=\/wp\/v2\/media\/51557"}],"wp:attachment":[{"href":"http:\/\/folhadosudeste.com\/site\/index.php?rest_route=%2Fwp%2Fv2%2Fmedia&parent=51555"}],"wp:term":[{"taxonomy":"category","embeddable":true,"href":"http:\/\/folhadosudeste.com\/site\/index.php?rest_route=%2Fwp%2Fv2%2Fcategories&post=51555"},{"taxonomy":"post_tag","embeddable":true,"href":"http:\/\/folhadosudeste.com\/site\/index.php?rest_route=%2Fwp%2Fv2%2Ftags&post=51555"}],"curies":[{"name":"wp","href":"https:\/\/api.w.org\/{rel}","templated":true}]}}