{"id":51559,"date":"2018-03-21T12:05:22","date_gmt":"2018-03-21T12:05:22","guid":{"rendered":"http:\/\/folhadosudeste.com\/site\/?p=51559"},"modified":"2018-03-22T11:55:29","modified_gmt":"2018-03-22T11:55:29","slug":"eleicao-do-sindicato-dos-bancarios-de-muriae-e-regiao","status":"publish","type":"post","link":"http:\/\/folhadosudeste.com\/site\/?p=51559","title":{"rendered":"Elei\u00e7\u00e3o do Sindicato dos Banc\u00e1rios de Muria\u00e9 e Regi\u00e3o"},"content":{"rendered":"<p>O presidente do Sindicato dos Banc\u00e1rios de Muria\u00e9 e Regi\u00e3o h\u00e1 23 anos consecutivos, Adilson Rodrigues Pereira, concedeu entrevista \u00e0 nossa reda\u00e7\u00e3o acerca das elei\u00e7\u00f5es do novo diret\u00f3rio sindical que ocorreram durante os dias 15 e 16 de mar\u00e7o. Ele apresentou uma vis\u00e3o bastante otimista quanto \u00e0 nova chapa de administra\u00e7\u00e3o eleita e explicou maiores detalhes relacionados ao processo de elei\u00e7\u00e3o.<\/p>\n<p><em>\u201cAntes de assumir a presid\u00eancia, assumi v\u00e1rios cargos, como o de vice-presidente e tesoureiro e fa\u00e7o parte do Sindicato h\u00e1 aproximadamente 33 anos. N\u00f3s realizamos nos dias 15 e 16 a elei\u00e7\u00e3o do Sindicato e foi eleita a chapa com novo presidente com mandato abrangente ao per\u00edodo 2018-2023. Tudo ocorreu muito bem e de acordo com o nosso Estatuto e regulamentos. Asseguro que o novo presidente trabalhar\u00e1 com bastante honestidade e responsabilidade. Em nosso Sindicato, temos diretores em todas as ag\u00eancias banc\u00e1rias, assim como temos em nossa base territorial, que abrange 25 cidades e \u00e9 reconhecida pelo Minist\u00e9rio do Trabalho\u201d<\/em>, contou.<\/p>\n<p>O atual presidente Adilson, n\u00e3o poupou elogios ao novo respons\u00e1vel pelo cargo: <em>\u201co nosso novo administrador tem uma bagagem muito grande quanto \u00e0 experi\u00eancia no que se refere ao \u00e2mbito banc\u00e1rio, al\u00e9m de ser muito dedicado aos trabalhadores da \u00e1rea. Foram aproximadamente 297 banc\u00e1rios e associados de Muria\u00e9 e regi\u00e3o que participaram da vota\u00e7\u00e3o. A chapa ganhadora foi \u00fanica e recebeu 95% dos votos. Isso demonstra nossa seriedade. Hoje, precisamos tomar nossas medidas nos conformes, a partir de nossa regulamenta\u00e7\u00e3o. Nosso Sindicato leva o assunto muito a s\u00e9rio, ent\u00e3o hoje temos sede pr\u00f3pria e participamos de campanhas salariais n\u00e3o apenas como banc\u00e1rios, como tamb\u00e9m em vida social, principalmente de nossa cidade e regi\u00e3o\u201d.<\/em><\/p>\n<p>\u201cA posse da nova diretoria <em>ser\u00e1 no dia 15 de julho, quando termina esse mandato. Permane\u00e7o como presidente at\u00e9 esta data, uma vez que, embora j\u00e1 tenha ocorrido a elei\u00e7\u00e3o, ainda n\u00e3o ocorreu a tomada de posse. Nossa data-base da campanha salarial dos banc\u00e1rios a n\u00edvel nacional est\u00e1 marcada para 1\u00ba de setembro, ent\u00e3o entre maio e junho n\u00f3s come\u00e7aremos a estabelecer nossa pauta de negocia\u00e7\u00e3o para levar aos nossos patr\u00f5es nossas reivindica\u00e7\u00f5es, mas no momento consideramos que ainda est\u00e1 cedo para isso. A partir de junho, por a\u00ed, come\u00e7aremos nossa campanha salarial a n\u00edvel nacional\u201d<\/em>, explicou o presidente.<\/p>\n<p>&nbsp;&nbsp;&nbsp;&nbsp;&nbsp;&nbsp;&nbsp;&nbsp;&nbsp;&nbsp;&nbsp; Adilson Rodrigues, concluiu sua fala com uma breve mensagem de esperan\u00e7a e otimismo: <em>\u201ccom a reforma trabalhista, perdemos alguns de nossos direitos; mas n\u00e3o \u00e9 isso que vai nos desanimar. Estamos aqui para trabalhar e lutar\u201d<\/em>, concluiu.&nbsp;<\/p>\n<p>[ngg_images source=&#8221;galleries&#8221; container_ids=&#8221;1306&#8243; display_type=&#8221;photocrati-nextgen_basic_thumbnails&#8221; override_thumbnail_settings=&#8221;0&#8243; thumbnail_width=&#8221;100&#8243; thumbnail_height=&#8221;75&#8243; thumbnail_crop=&#8221;1&#8243; images_per_page=&#8221;0&#8243; number_of_columns=&#8221;0&#8243; ajax_pagination=&#8221;0&#8243; show_all_in_lightbox=&#8221;0&#8243; use_imagebrowser_effect=&#8221;0&#8243; show_slideshow_link=&#8221;1&#8243; slideshow_link_text=&#8221;[Show as slideshow]&#8221; order_by=&#8221;sortorder&#8221; order_direction=&#8221;ASC&#8221; returns=&#8221;included&#8221; maximum_entity_count=&#8221;500&#8243;]<\/p>\n","protected":false},"excerpt":{"rendered":"<p>O presidente do Sindicato dos Banc\u00e1rios de Muria\u00e9 e Regi\u00e3o h\u00e1 23 anos consecutivos, Adilson Rodrigues Pereira, concedeu entrevista \u00e0 nossa reda\u00e7\u00e3o acerca das elei\u00e7\u00f5es do novo diret\u00f3rio sindical que ocorreram durante os dias 15 e 16 de mar\u00e7o. Ele apresentou uma vis\u00e3o bastante otimista quanto \u00e0 nova chapa de administra\u00e7\u00e3o eleita e explicou maiores [&hellip;]<\/p>\n","protected":false},"author":7,"featured_media":51612,"comment_status":"open","ping_status":"closed","sticky":false,"template":"","format":"standard","meta":{"_joinchat":[],"footnotes":""},"categories":[1],"tags":[],"class_list":["post-51559","post","type-post","status-publish","format-standard","has-post-thumbnail","hentry","category-sem-categoria"],"_links":{"self":[{"href":"http:\/\/folhadosudeste.com\/site\/index.php?rest_route=\/wp\/v2\/posts\/51559","targetHints":{"allow":["GET"]}}],"collection":[{"href":"http:\/\/folhadosudeste.com\/site\/index.php?rest_route=\/wp\/v2\/posts"}],"about":[{"href":"http:\/\/folhadosudeste.com\/site\/index.php?rest_route=\/wp\/v2\/types\/post"}],"author":[{"embeddable":true,"href":"http:\/\/folhadosudeste.com\/site\/index.php?rest_route=\/wp\/v2\/users\/7"}],"replies":[{"embeddable":true,"href":"http:\/\/folhadosudeste.com\/site\/index.php?rest_route=%2Fwp%2Fv2%2Fcomments&post=51559"}],"version-history":[{"count":3,"href":"http:\/\/folhadosudeste.com\/site\/index.php?rest_route=\/wp\/v2\/posts\/51559\/revisions"}],"predecessor-version":[{"id":51613,"href":"http:\/\/folhadosudeste.com\/site\/index.php?rest_route=\/wp\/v2\/posts\/51559\/revisions\/51613"}],"wp:featuredmedia":[{"embeddable":true,"href":"http:\/\/folhadosudeste.com\/site\/index.php?rest_route=\/wp\/v2\/media\/51612"}],"wp:attachment":[{"href":"http:\/\/folhadosudeste.com\/site\/index.php?rest_route=%2Fwp%2Fv2%2Fmedia&parent=51559"}],"wp:term":[{"taxonomy":"category","embeddable":true,"href":"http:\/\/folhadosudeste.com\/site\/index.php?rest_route=%2Fwp%2Fv2%2Fcategories&post=51559"},{"taxonomy":"post_tag","embeddable":true,"href":"http:\/\/folhadosudeste.com\/site\/index.php?rest_route=%2Fwp%2Fv2%2Ftags&post=51559"}],"curies":[{"name":"wp","href":"https:\/\/api.w.org\/{rel}","templated":true}]}}