{"id":51615,"date":"2018-03-22T14:15:06","date_gmt":"2018-03-22T14:15:06","guid":{"rendered":"http:\/\/folhadosudeste.com\/site\/?p=51615"},"modified":"2018-03-27T13:56:26","modified_gmt":"2018-03-27T13:56:26","slug":"mulher-muriaeense-homenageia-18-mulheres-na-camara-municipal","status":"publish","type":"post","link":"http:\/\/folhadosudeste.com\/site\/?p=51615","title":{"rendered":"\u201c T\u00edtulo Mulher Muriaeense\u201d homenageia 17 mulheres na C\u00e2mara Municipal"},"content":{"rendered":"<p>Na \u00faltima ter\u00e7a-feira (20), foi realizada na C\u00e2mara Municipal de Muria\u00e9 a solenidade de entrega do t\u00edtulo \u201c<em>Mulher Muriaeense\u201d<\/em>. O evento, de autoria da vereadora Miriam Facchini, consiste em prestar homenagem a mulheres do munic\u00edpio que tenham se destacado e\/ou contribu\u00eddo de alguma forma para o engrandecimento da cidade e seu desenvolvimento.<\/p>\n<p>A cerim\u00f4nia acontece em mar\u00e7o uma vez que, neste m\u00eas, \u00e9 comemorado o Dia Internacional da Mulher (8). O objetivo do evento \u00e9 valorizar as mulheres do munic\u00edpio, que se destacam tanto no \u00e2mbito familiar, como nos diversos setores da economia, pol\u00edtica, presta\u00e7\u00e3o de servi\u00e7os, etc. O prefeito e cada vereador indicam uma mulher para ser agraciada com esta honraria.<\/p>\n<p>&nbsp;Dra. Miriam Facchini explicou as caracter\u00edsticas da iniciativa: <em>\u201cn\u00f3s apresentamos esse projeto e tivemos a honra de ter sido aprovado por todos os vereadores, inclusive gostar\u00edamos de agradecer a todos eles. Temos o objetivo de prestar uma homenagem a todas as mulheres muriaeenses, que realizam seu trabalho voltado para \u00e1rea social e para o desenvolvimento da cidade de uma forma geral. Somos 16 e mais uma escolhida pelo prefeito, mas isso n\u00e3o quer dizer que estamos homenageando apenas as que est\u00e3o aqui presentes. Elas representam todas as demais. Portanto, gostaria de deixar um abra\u00e7o \u00e0s mulheres que contribuem de uma certa forma para o crescimento da cidade no social, na pol\u00edtica e em qualquer \u00e1rea, em qualquer atividade e em qualquer profiss\u00e3o. Esperamos que essas mulheres se fortale\u00e7am, se unam e consigam alcan\u00e7ar os seus objetivos: nossa posi\u00e7\u00e3o igualit\u00e1ria, porque hoje n\u00f3s sabemos como o homem est\u00e1 posicionado de uma forma geral, mas n\u00f3s somos a maioria. N\u00f3s precisamos que as mulheres vistam a camisa de modo a ter representatividade em todas as esferas. Basta que as mulheres enxerguem seu valor e sua for\u00e7a no mundo atual\u201d.<\/em><\/p>\n<p>Ela ressaltou tamb\u00e9m o importante trabalho de Dolores para a realiza\u00e7\u00e3o do projeto de doa\u00e7\u00e3o de suti\u00e3 para o Hospital do C\u00e2ncer de Muria\u00e9: <em>\u201csua a\u00e7\u00e3o \u00e9 important\u00edssima na cidade, principalmente com as mulheres que, com esse problema de sa\u00fade, acabam desmotivadas e com baixa auto-estima. Ela promove uma a\u00e7\u00e3o volunt\u00e1ria trabalhando junto com sua irm\u00e3 Solange Montezano, em sua confec\u00e7\u00e3o Fruto Proibido, na produ\u00e7\u00e3o desse tipo de instrumento para que as mulheres recuperem sua auto-estima. Eu acho important\u00edssimo n\u00e3o apenas isso, como tamb\u00e9m tudo o que ela faz e representa na cidade de Muria\u00e9, n\u00e3o s\u00f3 como Rotaryana, mas como cidad\u00e3, como algu\u00e9m que pensa no pr\u00f3ximo. Ela milita na Igreja e trabalha com outras obras sociais. N\u00f3s pesquisamos e achamos que, de fato, a Dolores representa uma das mulheres que mais contribuem para o crescimento de Muria\u00e9\u201d.<\/em><\/p>\n<p>Miriam finalizou com uma mensagem \u00e0 popula\u00e7\u00e3o feminina muriaeense: <em>&nbsp;\u201cgostaria de falar para todas as mulheres que n\u00e3o se deixem cair e enfraquecer apesar da luta cotidiana. N\u00f3s sabemos que as mulheres trabalham n\u00e3o s\u00f3 profissionalmente, como tamb\u00e9m no \u00e2mbito dom\u00e9stico e do lar, que tamb\u00e9m \u00e9 cansativo. Que elas n\u00e3o se desmotivem com isso e que continuem brigando pelo seu lugar e pela sua posi\u00e7\u00e3o, e assim, com certeza, v\u00e3o alcan\u00e7ar. Esperamos que o social seja ampliado a partir dessas pessoas que brigam por ele. Com isso, teremos um resultado com futuro melhor para todos, para as mulheres e a fam\u00edlia de uma forma geral\u201d<\/em>, concluiu.<\/p>\n<p>As homenageadas da edi\u00e7\u00e3o 2018 do t\u00edtulo \u201c<em>Mulher Muriaeense\u201d <\/em>foram:<\/p>\n<p><strong>Jackeliny Ferreira Rangel<\/strong><\/p>\n<p>&nbsp;<\/p>\n<p>Homenageada do Prefeito Ioannis Konstantinos Grammatikopoulos (Grego)<\/p>\n<p><strong>Myrian Aparecida de Paula<\/strong><\/p>\n<p>&nbsp;<\/p>\n<p>Homenageada do Presidente \/ Vereador Ademar Camerino<\/p>\n<p>&nbsp;<\/p>\n<p><strong>\u00c2ngela Maria Berto de Souza,<\/strong><\/p>\n<p>&nbsp;<\/p>\n<p>Homenageada Vereador Carlos Ant\u00f4nio Ferreira (Carlos Macuco)<\/p>\n<p>&nbsp;<\/p>\n<p><strong>Aparecida Maria do Ros\u00e1rio,<\/strong><\/p>\n<p><strong>&nbsp;<\/strong><\/p>\n<p>Homenageada do Vereador Carlos Delfim Soares Ribeiro<\/p>\n<p><strong>&nbsp;<\/strong><\/p>\n<p><strong>Maria das Gra\u00e7as Silva Chagas<\/strong><\/p>\n<p>&nbsp;<\/p>\n<p>Homenageada do Vereador Celso Ricardo de Oliveira (Celsinho)<\/p>\n<p><strong>&nbsp;<\/strong><\/p>\n<p><strong>Ilma Lacerda de Almeida<\/strong><\/p>\n<p>&nbsp;<\/p>\n<p>Homenageada do Vereador David Pinheiro de Lacerda&nbsp;<\/p>\n<p>&nbsp;<\/p>\n<p><strong>J\u00falia Maria de Oliveira<\/strong><\/p>\n<p><strong>&nbsp;<\/strong><\/p>\n<p>Homenageada do Vereador Devail Gomes Corr\u00eaa<\/p>\n<p>&nbsp;<\/p>\n<p><strong>Nilda Paul Dala Paula<\/strong><\/p>\n<p>&nbsp;<\/p>\n<p>Homenageada do Vereador Elvandro Maciel da Silva (Evandro Cheroso)<\/p>\n<p>&nbsp;<\/p>\n<p><strong>Nilma Gl\u00f3ria Braga Siqueira<\/strong><\/p>\n<p>&nbsp;<\/p>\n<p>Homenageada da Vereadora Helena Francisca de Oliveira Carvalho<\/p>\n<p>&nbsp;<\/p>\n<p><strong>L\u00facia Regina Costa Viana<\/strong><\/p>\n<p>&nbsp;<\/p>\n<p>Homenageada do Vereador Ivanir Jos\u00e9 de Souza (Ivanir do Gaspar)<\/p>\n<p>&nbsp;<\/p>\n<p><strong>Maria das Gra\u00e7as Cassimiro Calixto<\/strong><\/p>\n<p>&nbsp;<\/p>\n<p>Homenageada do Vereador Jair Sanches Abreu<\/p>\n<p>&nbsp;<\/p>\n<p><strong>Maria Beatriz Costa<\/strong><\/p>\n<p>&nbsp;<\/p>\n<p>Homenageada do Vereador Jos\u00e9 Carlos Alves Cerqueira<\/p>\n<p>&nbsp;<\/p>\n<p><strong>Rosania Aparecida de Paiva Almeida<\/strong><\/p>\n<p>&nbsp;<\/p>\n<p>Homenageada do Vereador J\u00falio C\u00e9sar Simbra Soares<\/p>\n<p>&nbsp;<\/p>\n<p><strong>Ivanira Maria da Silva Ribeiro<\/strong><\/p>\n<p>&nbsp;<\/p>\n<p>Homenageada do Vereador Maycon Jos\u00e9 Ribeiro (Maycon do Zim)<\/p>\n<p>&nbsp;<\/p>\n<p><strong>Dolores Maria Montezano Francisco<\/strong><\/p>\n<p>&nbsp;<\/p>\n<p>Homenageada da Vereadora Miriam Facchini Barbosa<\/p>\n<p>&nbsp;<\/p>\n<p><strong>Maria Jos\u00e9 Pena<\/strong><\/p>\n<p>&nbsp;<\/p>\n<p>Homenageada do Vereador Vanderli Luiz Lopes (Lelei)<\/p>\n<p>&nbsp;<\/p>\n<p><strong>Maria da Gl\u00f3ria Costa<\/strong><\/p>\n<p>&nbsp;<\/p>\n<p>Homenageada do Vereador Waltecy Rodrigues da Costa J\u00fanior (Ciso)<\/p>\n<p>&nbsp;<\/p>\n<p>&nbsp;<\/p>\n<p>[ngg_images source=&#8221;galleries&#8221; container_ids=&#8221;1307&#8243; display_type=&#8221;photocrati-nextgen_basic_thumbnails&#8221; override_thumbnail_settings=&#8221;0&#8243; thumbnail_width=&#8221;100&#8243; thumbnail_height=&#8221;75&#8243; thumbnail_crop=&#8221;1&#8243; images_per_page=&#8221;0&#8243; number_of_columns=&#8221;0&#8243; ajax_pagination=&#8221;0&#8243; show_all_in_lightbox=&#8221;0&#8243; use_imagebrowser_effect=&#8221;0&#8243; show_slideshow_link=&#8221;1&#8243; slideshow_link_text=&#8221;[Show as slideshow]&#8221; order_by=&#8221;sortorder&#8221; order_direction=&#8221;ASC&#8221; returns=&#8221;included&#8221; maximum_entity_count=&#8221;500&#8243;]<\/p>\n","protected":false},"excerpt":{"rendered":"<p>Na \u00faltima ter\u00e7a-feira (20), foi realizada na C\u00e2mara Municipal de Muria\u00e9 a solenidade de entrega do t\u00edtulo \u201cMulher Muriaeense\u201d. O evento, de autoria da vereadora Miriam Facchini, consiste em prestar homenagem a mulheres do munic\u00edpio que tenham se destacado e\/ou contribu\u00eddo de alguma forma para o engrandecimento da cidade e seu desenvolvimento. A cerim\u00f4nia acontece [&hellip;]<\/p>\n","protected":false},"author":7,"featured_media":51671,"comment_status":"open","ping_status":"closed","sticky":false,"template":"","format":"standard","meta":{"_joinchat":[],"footnotes":""},"categories":[1],"tags":[],"class_list":["post-51615","post","type-post","status-publish","format-standard","has-post-thumbnail","hentry","category-sem-categoria"],"_links":{"self":[{"href":"http:\/\/folhadosudeste.com\/site\/index.php?rest_route=\/wp\/v2\/posts\/51615","targetHints":{"allow":["GET"]}}],"collection":[{"href":"http:\/\/folhadosudeste.com\/site\/index.php?rest_route=\/wp\/v2\/posts"}],"about":[{"href":"http:\/\/folhadosudeste.com\/site\/index.php?rest_route=\/wp\/v2\/types\/post"}],"author":[{"embeddable":true,"href":"http:\/\/folhadosudeste.com\/site\/index.php?rest_route=\/wp\/v2\/users\/7"}],"replies":[{"embeddable":true,"href":"http:\/\/folhadosudeste.com\/site\/index.php?rest_route=%2Fwp%2Fv2%2Fcomments&post=51615"}],"version-history":[{"count":2,"href":"http:\/\/folhadosudeste.com\/site\/index.php?rest_route=\/wp\/v2\/posts\/51615\/revisions"}],"predecessor-version":[{"id":51785,"href":"http:\/\/folhadosudeste.com\/site\/index.php?rest_route=\/wp\/v2\/posts\/51615\/revisions\/51785"}],"wp:featuredmedia":[{"embeddable":true,"href":"http:\/\/folhadosudeste.com\/site\/index.php?rest_route=\/wp\/v2\/media\/51671"}],"wp:attachment":[{"href":"http:\/\/folhadosudeste.com\/site\/index.php?rest_route=%2Fwp%2Fv2%2Fmedia&parent=51615"}],"wp:term":[{"taxonomy":"category","embeddable":true,"href":"http:\/\/folhadosudeste.com\/site\/index.php?rest_route=%2Fwp%2Fv2%2Fcategories&post=51615"},{"taxonomy":"post_tag","embeddable":true,"href":"http:\/\/folhadosudeste.com\/site\/index.php?rest_route=%2Fwp%2Fv2%2Ftags&post=51615"}],"curies":[{"name":"wp","href":"https:\/\/api.w.org\/{rel}","templated":true}]}}