{"id":51670,"date":"2018-03-22T14:33:14","date_gmt":"2018-03-22T14:33:14","guid":{"rendered":"http:\/\/folhadosudeste.com\/site\/?p=51670"},"modified":"2018-03-22T14:33:14","modified_gmt":"2018-03-22T14:33:14","slug":"comunidade-sao-jose-operario-promove-almoco-beneficente","status":"publish","type":"post","link":"http:\/\/folhadosudeste.com\/site\/?p=51670","title":{"rendered":"Comunidade S\u00e3o Jos\u00e9 Oper\u00e1rio promove almo\u00e7o beneficente"},"content":{"rendered":"<p>No domingo (18), a Comunidade S\u00e3o Jos\u00e9 Oper\u00e1rio \u2013 Safira (Par\u00f3quia Santa Cruz) realizou um almo\u00e7o e churrasco beneficentes na Escola Municipal Gilberto Jos\u00e9 Tanus Braz. O evento contou com um ambiente agrad\u00e1vel, m\u00fasica ao vivo, com a bela voz de Bado e teve como objetivo a arrecada\u00e7\u00e3o de fundos para a reconstru\u00e7\u00e3o da Matriz S\u00e3o Jos\u00e9 Oper\u00e1rio. Este prop\u00f3sito busca beneficiar a Comunidade, como tamb\u00e9m todas as pastorais que comp\u00f5em a Par\u00f3quia, que compareceram e prestigiaram o evento.<\/p>\n<p>&nbsp;&nbsp;&nbsp;&nbsp;&nbsp;&nbsp;&nbsp;&nbsp;&nbsp;&nbsp;&nbsp;&nbsp;&nbsp;&nbsp;&nbsp;&nbsp;&nbsp;&nbsp;&nbsp;&nbsp;&nbsp;&nbsp;&nbsp;&nbsp;&nbsp; O coordenador da equipe administrativa respons\u00e1vel pelo evento, Sebasti\u00e3o Martins Torres, explicou os objetivos e aspectos do evento. <em>\u201cEsse \u00e9 o segundo evento relacionado a esse fim que a comunidade faz. O primeiro foi feito no CCEM. A nossa coordena\u00e7\u00e3o busca dar prosseguimento a esse projeto do almo\u00e7o e do churrasco. O objetivo \u00e9 angariar fundos para a constru\u00e7\u00e3o da nossa \u00e1rea de festa, onde ser\u00e3o celebradas missas futuramente. Essa iniciativa visa \u00e0 derrubada da igreja e sua reconstru\u00e7\u00e3o em uma estrutura maior, que v\u00e1 desde a Avenida Silveiro Campos at\u00e9 a Rua Sebasti\u00e3o Celestino. Temos dado continuidade ao trabalho da coordena\u00e7\u00e3o anterior, do Jacinto e do Batista, que fizeram o muro e a estrutura por baixo. J\u00e1 batemos uma laje e estamos terminando os banheiros e a cozinha, local onde ser\u00e3o nossas festas.<\/em><\/p>\n<p><em>Ent\u00e3o, al\u00e9m de ser um projeto este prop\u00f3sito, \u00e9 tamb\u00e9m um trabalho de evangeliza\u00e7\u00e3o e confraterniza\u00e7\u00e3o das comunidades. N\u00f3s temos aqui hoje v\u00e1rias pessoas de outras comunidades almo\u00e7ando, dan\u00e7ando, compartilhando bons momentos, revendo os amigos e curtindo uma boa musica. T\u00ednhamos como expectativa que 400 pessoas comparecessem, mas tivemos uma media de 300 pessoas que compraram ingresso e aproximadamente 60 pessoas trabalhando; portanto o evento reuniu aqui, em m\u00e9dia, 360 pessoas\u201d<\/em>, contou Sebasti\u00e3o. Ele revelou alguns planos da Comunidade ainda para esse ano: <em>\u201cTemos em planejamento um jantar dan\u00e7ante, uma festa da Primavera e um desfile para a juventude e para os idosos; ent\u00e3o, mulheres e homens acima dos 30 anos que queiram participar, saibam que n\u00f3s vamos fazer esse evento na comunidade no per\u00edodo da primavera. Al\u00e9m desse apoio dentro do trabalho de evangeliza\u00e7\u00e3o, temos a promo\u00e7\u00e3o de cerim\u00f4nias nesse \u00e2mbito, o qual podemos dizer que \u00e9 uma parte cultural\u201d.<\/em><\/p>\n<p><em>&nbsp;&nbsp;&nbsp;&nbsp;&nbsp;&nbsp;&nbsp;&nbsp;&nbsp;&nbsp;&nbsp; <\/em>Sebasti\u00e3o falou tamb\u00e9m sobre as influ\u00eancias desses projetos para os integrantes da Par\u00f3quia Santa Cruz: <em>\u201cno Presbit\u00e9rio, h\u00e1 o trabalho de evangeliza\u00e7\u00e3o de jovens e adultos. Na igreja, compartilhamos isso: que todas as comunidades participem dos eventos; n\u00e3o apenas a comunidade S\u00e3o Jos\u00e9 Oper\u00e1rio, como tamb\u00e9m a Par\u00f3quia Santa Cruz em geral. Por exemplo: o evento de sexta-feira (16), a primeira caminhada do Trido com concentra\u00e7\u00e3o em frente \u00e0 Matriz S\u00e3o Paulo, contou com a presen\u00e7a de integrantes de v\u00e1rias pastorais da Par\u00f3quia e abordou temas como viol\u00eancia e maltrato aos idosos. A Igreja \u00e9 essa grande participa\u00e7\u00e3o e o trabalho de evangeliza\u00e7\u00e3o do povo. Temos o total respaldo do Padre Paulo Roberto, que esteve aqui presente hoje e que est\u00e1 desenvolvendo um grande trabalho na comunidade com seu conhecimento, did\u00e1tica e informa\u00e7\u00e3o atrav\u00e9s de cursos de conscientiza\u00e7\u00e3o, al\u00e9m do Padre Elcio, Vig\u00e1rio que tamb\u00e9m participa da comunidade. S\u00e3o nove comunidades que comp\u00f5em a Par\u00f3quia Santa Cruz. \u00c9 um projeto a ser abra\u00e7ado por todos os integrantes, uma vez que toda a Par\u00f3quia Santa Cruz sair\u00e1 ganhando, e n\u00e3o s\u00f3 a Comunidade S\u00e3o Jos\u00e9 Oper\u00e1rio\u201d.<\/em><\/p>\n<p><em>&nbsp;&nbsp;&nbsp;&nbsp;&nbsp;&nbsp;&nbsp;&nbsp;&nbsp;&nbsp;&nbsp; <\/em>Em tom de conclus\u00e3o, o coordenador Sebasti\u00e3o prestou agradecimento \u00e0s entidades que prestaram apoio \u00e0 iniciativa: <em>\u201cn\u00f3s temos muito a agradecer \u00e0s empresas que fizeram doa\u00e7\u00f5es e nos patrocinaram e a voc\u00eas da imprensa que v\u00eam fazendo conosco esse trabalho de divulga\u00e7\u00e3o da comunidade e tamb\u00e9m ao Bado que nos prestigiou com sua boa m\u00fasica\u201d<\/em>, concluiu.<\/p>\n<p>[ngg_images source=&#8221;galleries&#8221; container_ids=&#8221;1308&#8243; display_type=&#8221;photocrati-nextgen_basic_thumbnails&#8221; override_thumbnail_settings=&#8221;0&#8243; thumbnail_width=&#8221;100&#8243; thumbnail_height=&#8221;75&#8243; thumbnail_crop=&#8221;1&#8243; images_per_page=&#8221;0&#8243; number_of_columns=&#8221;0&#8243; ajax_pagination=&#8221;0&#8243; show_all_in_lightbox=&#8221;0&#8243; use_imagebrowser_effect=&#8221;0&#8243; show_slideshow_link=&#8221;1&#8243; slideshow_link_text=&#8221;[Show as slideshow]&#8221; order_by=&#8221;sortorder&#8221; order_direction=&#8221;ASC&#8221; returns=&#8221;included&#8221; maximum_entity_count=&#8221;500&#8243;]<\/p>\n","protected":false},"excerpt":{"rendered":"<p>No domingo (18), a Comunidade S\u00e3o Jos\u00e9 Oper\u00e1rio \u2013 Safira (Par\u00f3quia Santa Cruz) realizou um almo\u00e7o e churrasco beneficentes na Escola Municipal Gilberto Jos\u00e9 Tanus Braz. O evento contou com um ambiente agrad\u00e1vel, m\u00fasica ao vivo, com a bela voz de Bado e teve como objetivo a arrecada\u00e7\u00e3o de fundos para a reconstru\u00e7\u00e3o da Matriz [&hellip;]<\/p>\n","protected":false},"author":7,"featured_media":51711,"comment_status":"open","ping_status":"closed","sticky":false,"template":"","format":"standard","meta":{"_joinchat":[],"footnotes":""},"categories":[1],"tags":[],"class_list":["post-51670","post","type-post","status-publish","format-standard","has-post-thumbnail","hentry","category-sem-categoria"],"_links":{"self":[{"href":"http:\/\/folhadosudeste.com\/site\/index.php?rest_route=\/wp\/v2\/posts\/51670","targetHints":{"allow":["GET"]}}],"collection":[{"href":"http:\/\/folhadosudeste.com\/site\/index.php?rest_route=\/wp\/v2\/posts"}],"about":[{"href":"http:\/\/folhadosudeste.com\/site\/index.php?rest_route=\/wp\/v2\/types\/post"}],"author":[{"embeddable":true,"href":"http:\/\/folhadosudeste.com\/site\/index.php?rest_route=\/wp\/v2\/users\/7"}],"replies":[{"embeddable":true,"href":"http:\/\/folhadosudeste.com\/site\/index.php?rest_route=%2Fwp%2Fv2%2Fcomments&post=51670"}],"version-history":[{"count":1,"href":"http:\/\/folhadosudeste.com\/site\/index.php?rest_route=\/wp\/v2\/posts\/51670\/revisions"}],"predecessor-version":[{"id":51712,"href":"http:\/\/folhadosudeste.com\/site\/index.php?rest_route=\/wp\/v2\/posts\/51670\/revisions\/51712"}],"wp:featuredmedia":[{"embeddable":true,"href":"http:\/\/folhadosudeste.com\/site\/index.php?rest_route=\/wp\/v2\/media\/51711"}],"wp:attachment":[{"href":"http:\/\/folhadosudeste.com\/site\/index.php?rest_route=%2Fwp%2Fv2%2Fmedia&parent=51670"}],"wp:term":[{"taxonomy":"category","embeddable":true,"href":"http:\/\/folhadosudeste.com\/site\/index.php?rest_route=%2Fwp%2Fv2%2Fcategories&post=51670"},{"taxonomy":"post_tag","embeddable":true,"href":"http:\/\/folhadosudeste.com\/site\/index.php?rest_route=%2Fwp%2Fv2%2Ftags&post=51670"}],"curies":[{"name":"wp","href":"https:\/\/api.w.org\/{rel}","templated":true}]}}