{"id":51762,"date":"2018-03-22T20:36:27","date_gmt":"2018-03-22T20:36:27","guid":{"rendered":"http:\/\/folhadosudeste.com\/site\/?p=51762"},"modified":"2018-03-22T20:36:27","modified_gmt":"2018-03-22T20:36:27","slug":"helena-carvalho-reconhece-o-valor-da-mulher","status":"publish","type":"post","link":"http:\/\/folhadosudeste.com\/site\/?p=51762","title":{"rendered":"Helena Carvalho reconhece o valor da Mulher"},"content":{"rendered":"<p><a href=\"http:\/\/folhadosudeste.com\/site\/wp-content\/uploads\/2018\/03\/DSC_0077.jpg\"><img loading=\"lazy\" decoding=\"async\" class=\"size-medium wp-image-51773 aligncenter\" src=\"http:\/\/folhadosudeste.com\/site\/wp-content\/uploads\/2018\/03\/DSC_0077-300x199.jpg\" alt=\"\" width=\"300\" height=\"199\" srcset=\"http:\/\/folhadosudeste.com\/site\/wp-content\/uploads\/2018\/03\/DSC_0077-300x199.jpg 300w, http:\/\/folhadosudeste.com\/site\/wp-content\/uploads\/2018\/03\/DSC_0077-768x509.jpg 768w, http:\/\/folhadosudeste.com\/site\/wp-content\/uploads\/2018\/03\/DSC_0077.jpg 800w\" sizes=\"auto, (max-width: 300px) 100vw, 300px\" \/><\/a><\/p>\n<p>A homenagem foi realizada pela primeira vez em 2016 durante a gest\u00e3o da vereadora Helena Carvalho, primeira mulher a ocupar a presid\u00eancia da C\u00e2mara Municipal. Em 2017 essa proposta foi passada em lei e est\u00e1 em sua terceira edi\u00e7\u00e3o. A vereadora tamb\u00e9m expressa que o objetivo do evento n\u00e3o \u00e9 o de prestigiar vereadores, mas prestigiar e reconhecer o valor das mulheres na nossa hist\u00f3ria e na hist\u00f3ria da civiliza\u00e7\u00e3o. E o ideal \u00e9 que esse reconhecimento seja feito sem necessidade de uma lei, sem obrigatoriedade; Mas um reconhecimento espont\u00e2neo, volunt\u00e1rio e de cora\u00e7\u00e3o, como foi feito em 2016 pela C\u00e2mara.<\/p>\n<p>Parab\u00e9ns a NILMA GL\u00d3RIA BRAGA SIQUEIRA e \u00e0s demais homenageadas que representam tantas outras mulheres, nossa agradecimento pela luta incans\u00e1vel para uma sociedade mais igualit\u00e1ria e justa.<\/p>\n","protected":false},"excerpt":{"rendered":"<p>A homenagem foi realizada pela primeira vez em 2016 durante a gest\u00e3o da vereadora Helena Carvalho, primeira mulher a ocupar a presid\u00eancia da C\u00e2mara Municipal. Em 2017 essa proposta foi passada em lei e est\u00e1 em sua terceira edi\u00e7\u00e3o. A vereadora tamb\u00e9m expressa que o objetivo do evento n\u00e3o \u00e9 o de prestigiar vereadores, mas [&hellip;]<\/p>\n","protected":false},"author":7,"featured_media":51773,"comment_status":"open","ping_status":"closed","sticky":false,"template":"","format":"standard","meta":{"_joinchat":[],"footnotes":""},"categories":[1],"tags":[],"class_list":["post-51762","post","type-post","status-publish","format-standard","has-post-thumbnail","hentry","category-sem-categoria"],"_links":{"self":[{"href":"http:\/\/folhadosudeste.com\/site\/index.php?rest_route=\/wp\/v2\/posts\/51762","targetHints":{"allow":["GET"]}}],"collection":[{"href":"http:\/\/folhadosudeste.com\/site\/index.php?rest_route=\/wp\/v2\/posts"}],"about":[{"href":"http:\/\/folhadosudeste.com\/site\/index.php?rest_route=\/wp\/v2\/types\/post"}],"author":[{"embeddable":true,"href":"http:\/\/folhadosudeste.com\/site\/index.php?rest_route=\/wp\/v2\/users\/7"}],"replies":[{"embeddable":true,"href":"http:\/\/folhadosudeste.com\/site\/index.php?rest_route=%2Fwp%2Fv2%2Fcomments&post=51762"}],"version-history":[{"count":1,"href":"http:\/\/folhadosudeste.com\/site\/index.php?rest_route=\/wp\/v2\/posts\/51762\/revisions"}],"predecessor-version":[{"id":51774,"href":"http:\/\/folhadosudeste.com\/site\/index.php?rest_route=\/wp\/v2\/posts\/51762\/revisions\/51774"}],"wp:featuredmedia":[{"embeddable":true,"href":"http:\/\/folhadosudeste.com\/site\/index.php?rest_route=\/wp\/v2\/media\/51773"}],"wp:attachment":[{"href":"http:\/\/folhadosudeste.com\/site\/index.php?rest_route=%2Fwp%2Fv2%2Fmedia&parent=51762"}],"wp:term":[{"taxonomy":"category","embeddable":true,"href":"http:\/\/folhadosudeste.com\/site\/index.php?rest_route=%2Fwp%2Fv2%2Fcategories&post=51762"},{"taxonomy":"post_tag","embeddable":true,"href":"http:\/\/folhadosudeste.com\/site\/index.php?rest_route=%2Fwp%2Fv2%2Ftags&post=51762"}],"curies":[{"name":"wp","href":"https:\/\/api.w.org\/{rel}","templated":true}]}}