{"id":51778,"date":"2018-03-22T20:46:18","date_gmt":"2018-03-22T20:46:18","guid":{"rendered":"http:\/\/folhadosudeste.com\/site\/?p=51778"},"modified":"2018-03-22T20:46:18","modified_gmt":"2018-03-22T20:46:18","slug":"academia-muriaeense-de-letras-realiza-solenidade-de-abertura-do-ano","status":"publish","type":"post","link":"http:\/\/folhadosudeste.com\/site\/?p=51778","title":{"rendered":"Academia Muriaeense de Letras realiza solenidade de abertura do ano"},"content":{"rendered":"<p>A Academia Muriaeense de Letras (AMLE) realizou, na tarde de s\u00e1bado (17), a cerim\u00f4nia de abertura das atividades do ano de 2018. A organiza\u00e7\u00e3o promoveu um debate entre os acad\u00eamicos de modo a estabelecer o planejamento dos projetos a serem postos em pr\u00e1tica em um futuro pr\u00f3ximo, atrav\u00e9s de parceria com a Biblioteca Municipal e com o apoio da AMLE Jovem, que tamb\u00e9m esteve presente.<\/p>\n<p>O evento reafirmou a seriedade da institui\u00e7\u00e3o e baseou-se na discuss\u00e3o de t\u00f3picos a serem tratados e realizados pela organiza\u00e7\u00e3o no \u00e2mbito de projetos sociais e did\u00e1ticos. P\u00f4de-se perceber sua preocupa\u00e7\u00e3o com as \u00e1reas cultural e educacional, que ter\u00e3o bastante relev\u00e2ncia em programas futuros.<\/p>\n<p>A AMLE Jovem tamb\u00e9m frisou seu car\u00e1ter social como um centro de forma\u00e7\u00e3o de escritores e produ\u00e7\u00e3o liter\u00e1ria, bem como prometeu atuar em outras \u00e1reas das Artes, tais como dan\u00e7a, m\u00fasica e teatro. Cada acad\u00eamico jovem est\u00e1 engajado na escrita de um livro com aux\u00edlio de seu mentor da Academia veterana. Uma volta do \u201cTeatro Fant\u00e1stico\u201d, projeto da acad\u00eamica Andrea do Valle citado na entrevista com a bibliotec\u00e1ria Rose Barros publicada na edi\u00e7\u00e3o passada, tamb\u00e9m esteve em pauta, agora como atividade da AMLE Jovem. Outras atividades, como roda de leitura, mostra de cinema e promo\u00e7\u00e3o de debates sociais tamb\u00e9m est\u00e3o nos planos dos acad\u00eamicos.<\/p>\n<p>&nbsp;<\/p>\n<p><a href=\"http:\/\/folhadosudeste.com\/site\/wp-content\/uploads\/2018\/03\/8d3e44fc-dc9c-48dd-ac28-ed1a13553bb9.jpg\"><img loading=\"lazy\" decoding=\"async\" class=\"size-medium wp-image-51779 aligncenter\" src=\"http:\/\/folhadosudeste.com\/site\/wp-content\/uploads\/2018\/03\/8d3e44fc-dc9c-48dd-ac28-ed1a13553bb9-229x300.jpg\" alt=\"\" width=\"229\" height=\"300\" srcset=\"http:\/\/folhadosudeste.com\/site\/wp-content\/uploads\/2018\/03\/8d3e44fc-dc9c-48dd-ac28-ed1a13553bb9-229x300.jpg 229w, http:\/\/folhadosudeste.com\/site\/wp-content\/uploads\/2018\/03\/8d3e44fc-dc9c-48dd-ac28-ed1a13553bb9.jpg 537w\" sizes=\"auto, (max-width: 229px) 100vw, 229px\" \/><\/a><\/p>\n","protected":false},"excerpt":{"rendered":"<p>A Academia Muriaeense de Letras (AMLE) realizou, na tarde de s\u00e1bado (17), a cerim\u00f4nia de abertura das atividades do ano de 2018. A organiza\u00e7\u00e3o promoveu um debate entre os acad\u00eamicos de modo a estabelecer o planejamento dos projetos a serem postos em pr\u00e1tica em um futuro pr\u00f3ximo, atrav\u00e9s de parceria com a Biblioteca Municipal e [&hellip;]<\/p>\n","protected":false},"author":7,"featured_media":51781,"comment_status":"open","ping_status":"closed","sticky":false,"template":"","format":"standard","meta":{"_joinchat":[],"footnotes":""},"categories":[1],"tags":[],"class_list":["post-51778","post","type-post","status-publish","format-standard","has-post-thumbnail","hentry","category-sem-categoria"],"_links":{"self":[{"href":"http:\/\/folhadosudeste.com\/site\/index.php?rest_route=\/wp\/v2\/posts\/51778","targetHints":{"allow":["GET"]}}],"collection":[{"href":"http:\/\/folhadosudeste.com\/site\/index.php?rest_route=\/wp\/v2\/posts"}],"about":[{"href":"http:\/\/folhadosudeste.com\/site\/index.php?rest_route=\/wp\/v2\/types\/post"}],"author":[{"embeddable":true,"href":"http:\/\/folhadosudeste.com\/site\/index.php?rest_route=\/wp\/v2\/users\/7"}],"replies":[{"embeddable":true,"href":"http:\/\/folhadosudeste.com\/site\/index.php?rest_route=%2Fwp%2Fv2%2Fcomments&post=51778"}],"version-history":[{"count":1,"href":"http:\/\/folhadosudeste.com\/site\/index.php?rest_route=\/wp\/v2\/posts\/51778\/revisions"}],"predecessor-version":[{"id":51782,"href":"http:\/\/folhadosudeste.com\/site\/index.php?rest_route=\/wp\/v2\/posts\/51778\/revisions\/51782"}],"wp:featuredmedia":[{"embeddable":true,"href":"http:\/\/folhadosudeste.com\/site\/index.php?rest_route=\/wp\/v2\/media\/51781"}],"wp:attachment":[{"href":"http:\/\/folhadosudeste.com\/site\/index.php?rest_route=%2Fwp%2Fv2%2Fmedia&parent=51778"}],"wp:term":[{"taxonomy":"category","embeddable":true,"href":"http:\/\/folhadosudeste.com\/site\/index.php?rest_route=%2Fwp%2Fv2%2Fcategories&post=51778"},{"taxonomy":"post_tag","embeddable":true,"href":"http:\/\/folhadosudeste.com\/site\/index.php?rest_route=%2Fwp%2Fv2%2Ftags&post=51778"}],"curies":[{"name":"wp","href":"https:\/\/api.w.org\/{rel}","templated":true}]}}