{"id":51895,"date":"2018-03-27T14:31:06","date_gmt":"2018-03-27T14:31:06","guid":{"rendered":"http:\/\/folhadosudeste.com\/site\/?p=51895"},"modified":"2018-03-27T14:31:06","modified_gmt":"2018-03-27T14:31:06","slug":"misael-varella-deixa-o-dem-e-se-filia-ao-psd-lael-varella-acompanha","status":"publish","type":"post","link":"http:\/\/folhadosudeste.com\/site\/?p=51895","title":{"rendered":"Misael Varella deixa o DEM e se filia ao PSD; Lael Varella acompanha"},"content":{"rendered":"<p><a href=\"http:\/\/folhadosudeste.com\/site\/wp-content\/uploads\/2018\/03\/Pronunciamento-do-deputado-Misael-Varela-19_08_2015.jpg\"><img loading=\"lazy\" decoding=\"async\" class=\"size-medium wp-image-51896 aligncenter\" src=\"http:\/\/folhadosudeste.com\/site\/wp-content\/uploads\/2018\/03\/Pronunciamento-do-deputado-Misael-Varela-19_08_2015-300x200.jpg\" alt=\"\" width=\"300\" height=\"200\" srcset=\"http:\/\/folhadosudeste.com\/site\/wp-content\/uploads\/2018\/03\/Pronunciamento-do-deputado-Misael-Varela-19_08_2015-300x200.jpg 300w, http:\/\/folhadosudeste.com\/site\/wp-content\/uploads\/2018\/03\/Pronunciamento-do-deputado-Misael-Varela-19_08_2015.jpg 620w\" sizes=\"auto, (max-width: 300px) 100vw, 300px\" \/><\/a><\/p>\n<p>Na \u00faltima ter\u00e7a-feira (27), o deputado federal muriaeense Misael Varella, anunciou oficialmente que deixaria o partido DEM (Democratas), assim como seu pai, o ex-deputado federal, Lael Varella. Ambos anunciaram filia\u00e7\u00e3o ao PSD (Partido Social Democr\u00e1tico). O atual deputado ressaltou o tom amistoso de sua sa\u00edda do DEM, demonstrando sua admira\u00e7\u00e3o e simpatia em rela\u00e7\u00e3o ao seu antigo partido.<\/p>\n<p>&nbsp;&nbsp;&nbsp;&nbsp;&nbsp;&nbsp;&nbsp;&nbsp;&nbsp;&nbsp;&nbsp; Na noite de segunda-feira (26), Misael subiu \u00e0 C\u00e2mara dos Deputados em tom de agradecimento ao novo partido e pelas oportunidades a que teve acesso em seu antigo. <em>\u201cSinto-me na obriga\u00e7\u00e3o de agradecer aos amigos que fizemos, os projetos que realizamos juntos, as causas que defendemos e as conquistas \u2014 e foram muitas \u2014 que celebramos\u201d<\/em>, afirmou.<\/p>\n<p>&nbsp;&nbsp;&nbsp;&nbsp;&nbsp;&nbsp;&nbsp;&nbsp;&nbsp;&nbsp;&nbsp; Ele tamb\u00e9m reafirmou, em nota oficial, o car\u00e1ter de seriedade de seu governo e mostrou-se grato pelo acolhimento pleno que recebeu em sua nova filia\u00e7\u00e3o. <em>\u201cTenho certeza de que poderei continuar as obras e a\u00e7\u00f5es brilhantes que meu pai idealizou. \u00c9 pautado sempre no seu exemplo de honestidade, transpar\u00eancia e credibilidade, sem desvios de recursos p\u00fablicos e sem esquemas de corrup\u00e7\u00e3o, que darei sequ\u00eancia ao meu trabalho tamb\u00e9m na pr\u00f3xima legislatura\u201d<\/em>, disse.<\/p>\n","protected":false},"excerpt":{"rendered":"<p>Na \u00faltima ter\u00e7a-feira (27), o deputado federal muriaeense Misael Varella, anunciou oficialmente que deixaria o partido DEM (Democratas), assim como seu pai, o ex-deputado federal, Lael Varella. Ambos anunciaram filia\u00e7\u00e3o ao PSD (Partido Social Democr\u00e1tico). O atual deputado ressaltou o tom amistoso de sua sa\u00edda do DEM, demonstrando sua admira\u00e7\u00e3o e simpatia em rela\u00e7\u00e3o ao [&hellip;]<\/p>\n","protected":false},"author":7,"featured_media":51896,"comment_status":"open","ping_status":"closed","sticky":false,"template":"","format":"standard","meta":{"_joinchat":[],"footnotes":""},"categories":[1],"tags":[],"class_list":["post-51895","post","type-post","status-publish","format-standard","has-post-thumbnail","hentry","category-sem-categoria"],"_links":{"self":[{"href":"http:\/\/folhadosudeste.com\/site\/index.php?rest_route=\/wp\/v2\/posts\/51895","targetHints":{"allow":["GET"]}}],"collection":[{"href":"http:\/\/folhadosudeste.com\/site\/index.php?rest_route=\/wp\/v2\/posts"}],"about":[{"href":"http:\/\/folhadosudeste.com\/site\/index.php?rest_route=\/wp\/v2\/types\/post"}],"author":[{"embeddable":true,"href":"http:\/\/folhadosudeste.com\/site\/index.php?rest_route=\/wp\/v2\/users\/7"}],"replies":[{"embeddable":true,"href":"http:\/\/folhadosudeste.com\/site\/index.php?rest_route=%2Fwp%2Fv2%2Fcomments&post=51895"}],"version-history":[{"count":1,"href":"http:\/\/folhadosudeste.com\/site\/index.php?rest_route=\/wp\/v2\/posts\/51895\/revisions"}],"predecessor-version":[{"id":51897,"href":"http:\/\/folhadosudeste.com\/site\/index.php?rest_route=\/wp\/v2\/posts\/51895\/revisions\/51897"}],"wp:featuredmedia":[{"embeddable":true,"href":"http:\/\/folhadosudeste.com\/site\/index.php?rest_route=\/wp\/v2\/media\/51896"}],"wp:attachment":[{"href":"http:\/\/folhadosudeste.com\/site\/index.php?rest_route=%2Fwp%2Fv2%2Fmedia&parent=51895"}],"wp:term":[{"taxonomy":"category","embeddable":true,"href":"http:\/\/folhadosudeste.com\/site\/index.php?rest_route=%2Fwp%2Fv2%2Fcategories&post=51895"},{"taxonomy":"post_tag","embeddable":true,"href":"http:\/\/folhadosudeste.com\/site\/index.php?rest_route=%2Fwp%2Fv2%2Ftags&post=51895"}],"curies":[{"name":"wp","href":"https:\/\/api.w.org\/{rel}","templated":true}]}}