{"id":51918,"date":"2018-03-28T12:21:02","date_gmt":"2018-03-28T12:21:02","guid":{"rendered":"http:\/\/folhadosudeste.com\/site\/?p=51918"},"modified":"2018-03-28T12:21:02","modified_gmt":"2018-03-28T12:21:02","slug":"bencao-de-ramos-na-comunidade-nossa-senhora-aparecida","status":"publish","type":"post","link":"http:\/\/folhadosudeste.com\/site\/?p=51918","title":{"rendered":"B\u00ean\u00e7\u00e3o de Ramos na Comunidade Nossa Senhora Aparecida"},"content":{"rendered":"<p>O Domingo de Ramos antecede ao Domingo de P\u00e1scoa e marca o in\u00edcio da Semana Santa. Nesse dia, que n\u00e3o \u00e9 feriado, comemora-se a entrada de Jesus Cristo em Jerusal\u00e9m, onde ele foi aclamado por multid\u00f5es como o Filho de Deus.<\/p>\n<p>Nessa ocasi\u00e3o as pessoas receberam Jesus abanando ramos de oliveira e palmeira, os quais representam a vit\u00f3ria de Jesus, um rei humilde que entra na cidade montado em um jumentinho, o s\u00edmbolo da humildade.<\/p>\n<p>Repetindo este gesto de f\u00e9, a Comunidade Nossa Senhora Aparecida no bairro Jo\u00e3o XXIII, realizou no s\u00e1bado, como \u00e9 de costume das celebra\u00e7\u00f5es, a B\u00ean\u00e7\u00e3o dos Ramos com a celebra\u00e7\u00e3o presidida pelo Seminarista Douglas. Na ocasi\u00e3o os fi\u00e9is se concentraram na casa de Dona Aparecida e seguiram em prociss\u00e3o at\u00e9 a casa de Dona Mariana e Sr. Jos\u00e9, sede provis\u00f3ria onde s\u00e3o celebrada as missas. A comunidade \u00e9 a ca\u00e7ulinha da Par\u00f3quia Santa Cruz, e fica localizada na Rua Farmac\u00eautico Jos\u00e9 Mostaro, Jo\u00e3o XXIII (Parte Alta).<\/p>\n<p>J\u00e1 no do domingo a tarde aconteceu a ben\u00e7\u00e3o dos Ramos na quadra do mesmo bairro, com a prociss\u00e3o dos fieis cat\u00f3licos at\u00e9 a igreja, por\u00e9m na parte baixa, na Comunidade S\u00e3o Jo\u00e3o Evangelista, encerrando com a santa missa celebrada pelo o Pe. Elcio.<\/p>\n<p>Esperamos que S\u00e3o Jos\u00e9 interceda pela Comunidade e nos ajude com o t\u00e3o sonhado terreno para a constru\u00e7\u00e3o de nossa Capela.<\/p>\n<p>[ngg_images source=&#8221;galleries&#8221; container_ids=&#8221;1314&#8243; display_type=&#8221;photocrati-nextgen_basic_thumbnails&#8221; override_thumbnail_settings=&#8221;0&#8243; thumbnail_width=&#8221;100&#8243; thumbnail_height=&#8221;75&#8243; thumbnail_crop=&#8221;1&#8243; images_per_page=&#8221;0&#8243; number_of_columns=&#8221;0&#8243; ajax_pagination=&#8221;0&#8243; show_all_in_lightbox=&#8221;0&#8243; use_imagebrowser_effect=&#8221;0&#8243; show_slideshow_link=&#8221;1&#8243; slideshow_link_text=&#8221;[Show as slideshow]&#8221; order_by=&#8221;sortorder&#8221; order_direction=&#8221;ASC&#8221; returns=&#8221;included&#8221; maximum_entity_count=&#8221;500&#8243;]<\/p>\n","protected":false},"excerpt":{"rendered":"<p>O Domingo de Ramos antecede ao Domingo de P\u00e1scoa e marca o in\u00edcio da Semana Santa. Nesse dia, que n\u00e3o \u00e9 feriado, comemora-se a entrada de Jesus Cristo em Jerusal\u00e9m, onde ele foi aclamado por multid\u00f5es como o Filho de Deus. Nessa ocasi\u00e3o as pessoas receberam Jesus abanando ramos de oliveira e palmeira, os quais [&hellip;]<\/p>\n","protected":false},"author":7,"featured_media":51951,"comment_status":"open","ping_status":"closed","sticky":false,"template":"","format":"standard","meta":{"_joinchat":[],"footnotes":""},"categories":[1],"tags":[],"class_list":["post-51918","post","type-post","status-publish","format-standard","has-post-thumbnail","hentry","category-sem-categoria"],"_links":{"self":[{"href":"http:\/\/folhadosudeste.com\/site\/index.php?rest_route=\/wp\/v2\/posts\/51918","targetHints":{"allow":["GET"]}}],"collection":[{"href":"http:\/\/folhadosudeste.com\/site\/index.php?rest_route=\/wp\/v2\/posts"}],"about":[{"href":"http:\/\/folhadosudeste.com\/site\/index.php?rest_route=\/wp\/v2\/types\/post"}],"author":[{"embeddable":true,"href":"http:\/\/folhadosudeste.com\/site\/index.php?rest_route=\/wp\/v2\/users\/7"}],"replies":[{"embeddable":true,"href":"http:\/\/folhadosudeste.com\/site\/index.php?rest_route=%2Fwp%2Fv2%2Fcomments&post=51918"}],"version-history":[{"count":1,"href":"http:\/\/folhadosudeste.com\/site\/index.php?rest_route=\/wp\/v2\/posts\/51918\/revisions"}],"predecessor-version":[{"id":51967,"href":"http:\/\/folhadosudeste.com\/site\/index.php?rest_route=\/wp\/v2\/posts\/51918\/revisions\/51967"}],"wp:featuredmedia":[{"embeddable":true,"href":"http:\/\/folhadosudeste.com\/site\/index.php?rest_route=\/wp\/v2\/media\/51951"}],"wp:attachment":[{"href":"http:\/\/folhadosudeste.com\/site\/index.php?rest_route=%2Fwp%2Fv2%2Fmedia&parent=51918"}],"wp:term":[{"taxonomy":"category","embeddable":true,"href":"http:\/\/folhadosudeste.com\/site\/index.php?rest_route=%2Fwp%2Fv2%2Fcategories&post=51918"},{"taxonomy":"post_tag","embeddable":true,"href":"http:\/\/folhadosudeste.com\/site\/index.php?rest_route=%2Fwp%2Fv2%2Ftags&post=51918"}],"curies":[{"name":"wp","href":"https:\/\/api.w.org\/{rel}","templated":true}]}}