{"id":52030,"date":"2018-03-29T14:58:40","date_gmt":"2018-03-29T14:58:40","guid":{"rendered":"http:\/\/folhadosudeste.com\/site\/?p=52030"},"modified":"2018-03-29T14:58:40","modified_gmt":"2018-03-29T14:58:40","slug":"coopaf-promove-assembleia-geral-ordinaria-para-eleicao-da-nova-diretoria","status":"publish","type":"post","link":"http:\/\/folhadosudeste.com\/site\/?p=52030","title":{"rendered":"COOPAF promove Assembl\u00e9ia Geral Ordin\u00e1ria para elei\u00e7\u00e3o da nova diretoria"},"content":{"rendered":"<p>A COOPAF (Cooperativa dos Produtores da Agricultura Familiar Solidaria ) realizou na tarde da \u00faltima quarta-feira (28), a Assembl\u00e9ia Geral Ordin\u00e1ria para eleger a nova diretoria. O evento ocorreu no CEFAS (Centro de Forma\u00e7\u00e3o e Ascens\u00e3o Social), onde houve tamb\u00e9m a presta\u00e7\u00e3o de contas do exerc\u00edcio de 2017. Foi apresentada uma chapa \u00fanica, que foi eleita por unanimidade pelos cooperados.<\/p>\n<p>O presidente reeleito da COOPAF, Ant\u00f4nio Carlos Bagle, explicou o processo de intera\u00e7\u00e3o promovido pela Cooperativa com seus integrantes e explicou como se deu a constitui\u00e7\u00e3o da chapa de modo a atender \u00e0s necessidades de todos os cooperados. <em>\u201cJ\u00e1 sou presidente h\u00e1 seis anos e hoje houve minha reelei\u00e7\u00e3o para um mandato de mais quatro anos. O conselho administrativo foi composto a partir da promo\u00e7\u00e3o de reuni\u00f5es nas comunidades e de acordo com as pessoas que mais participam sendo essas &nbsp;lideran\u00e7as que j\u00e1 desenvolvem um trabalho em sua regi\u00e3o. Com isso, houve uma diversifica\u00e7\u00e3o envolvendo v\u00e1rias comunidades na montagem da chapa. Foram trocados dois membros do Conselho de Administra\u00e7\u00e3o e quatro do Conselho Fiscal, conforme previsto no Estatuto Social\u201d<\/em>, disse.<\/p>\n<p>Ele tamb\u00e9m revelou os planos futuros voltados para o crescimento da Cooperativa e detalhou como tem acontecido a integra\u00e7\u00e3o de novos membros. <em>\u201cQueremos expandir para outros campos, e pretendemos ampliar nosso trabalho quando tivermos a devida estrutura. Nossa id\u00e9ia \u00e9 que tenhamos um crescimento lento para que seja uma Cooperativa s\u00f3lida e de \u2018p\u00e9 no ch\u00e3o\u2019, como tem sido at\u00e9 agora. Al\u00e9m da nossa sede administrativa, brevemente teremos uma estrutura pr\u00f3ximo ao distrito de Vermelho. Nossa cooperativa tem abrang\u00eancia regional e atualmente temos cooperados nos&nbsp; munic\u00edpios de : Muria\u00e9. Bar\u00e3o do Monte Alto, &nbsp;Ros\u00e1rio da Limeira, Erv\u00e1lia,&nbsp; Manhumirim, &nbsp;Miradouro,S\u00e3o Sebasti\u00e3o da Vargem Alegre e Coimbra &nbsp;. Nossa Cooperativa &nbsp;ampliou bastante. \u00c9 um reflexo da transpar\u00eancia do nosso trabalho\u201d<\/em>, esclareceu.<\/p>\n<p>A &nbsp;conselheira administrativa da COOPAF, Adriana Aparecida de Morais Ribeiro, discorreu sobre a conjuntura atual da Cooperativa. <em>\u201cA partir da Assembl\u00e9ia de hoje o quadro de s\u00f3cios da Cooperativa \u00e9 de &nbsp;130 integrantes. Houve a presta\u00e7\u00e3o de contas tanto da execu\u00e7\u00e3o financeira e administrativa, como tamb\u00e9m do trabalho realizado pela COOPAF&#8221; . Dentre outras a\u00e7\u00f5es Adriana destacou &nbsp;o apoio a produ\u00e7\u00e3o e comercializa\u00e7\u00e3o que a COOPAF d\u00e1 aos &nbsp;seus cooperados, citando como exemplo a execu\u00e7\u00e3o do PNAE ( Programa Nacional de Alimenta\u00e7\u00e3o Escolar)atrav\u00e9s da lei <\/em>n\u00ba11947\/09 que estipulam \u201cque no m\u00ednimo 30% do or\u00e7amento das prefeituras que \u00e9 destinado \u00e0 alimenta\u00e7\u00e3o escolar sejam utilizados na compra de alimentos produzidos pela agricultura familiar. Atrav\u00e9s dessa lei a COOPAF fornece produtos para 14 munic\u00edpios da regi\u00e3o contribuindo assim com a melhoria de renda de seus cooperados e o fortalecimento da cooperativa. <em>\u201cExpresso aqui minha gratid\u00e3o aos cooperados por acreditarem em nossa <\/em>organiza\u00e7\u00e3o. <em>Que Deus nos d\u00ea for\u00e7as para que possamos continuar seguindo\u201d<\/em>, finalizou.<\/p>\n<p>A sede da Cooperativa est\u00e1 localizada na Rua Marcos Tarc\u00edsio, n\u00ba 88, na Barra, anexo ao pr\u00e9dio do Sindicato dos Trabalhadores Rurais.<\/p>\n<p>&nbsp;<\/p>\n<p>&nbsp;<\/p>\n<p>CONSELHO DE ADMINISTRA\u00c7\u00c3O<\/p>\n<p>Diretor presidente: Antonio Carlos Bagle<\/p>\n<p>Diretor financeiro: Jo\u00e3o Francisco da Silva<\/p>\n<p>Diretor administrativo: Valdeci Roseno de Castro<\/p>\n<p>Conselheiro de administra\u00e7\u00e3o<\/p>\n<p>Adriana Aparecida de Morais Ribeiro<\/p>\n<p>Giovane Freitas de Lima<\/p>\n<p>&nbsp;<\/p>\n<p>&nbsp;<\/p>\n<p>&nbsp;<\/p>\n<p>CONSELHO FISCAL<\/p>\n<p>Luiz Jos\u00e9 do Prado<\/p>\n<p>Leonardo Ferreira da Silva<\/p>\n<p>Angelina Aparecida da Silva<\/p>\n<p>Jaime Carlos Pedrosa<\/p>\n<p>Jos\u00e9 Alberto Rosa de Lacerda<\/p>\n<p>Renata Aparecida Moreira da Fonseca<\/p>\n<p>&nbsp;<\/p>\n<p>&nbsp;<\/p>\n<p>[ngg_images source=&#8221;galleries&#8221; container_ids=&#8221;1316&#8243; display_type=&#8221;photocrati-nextgen_basic_thumbnails&#8221; override_thumbnail_settings=&#8221;0&#8243; thumbnail_width=&#8221;100&#8243; thumbnail_height=&#8221;75&#8243; thumbnail_crop=&#8221;1&#8243; images_per_page=&#8221;0&#8243; number_of_columns=&#8221;0&#8243; ajax_pagination=&#8221;0&#8243; show_all_in_lightbox=&#8221;0&#8243; use_imagebrowser_effect=&#8221;0&#8243; show_slideshow_link=&#8221;1&#8243; slideshow_link_text=&#8221;[Show as slideshow]&#8221; order_by=&#8221;sortorder&#8221; order_direction=&#8221;ASC&#8221; returns=&#8221;included&#8221; maximum_entity_count=&#8221;500&#8243;]<\/p>\n","protected":false},"excerpt":{"rendered":"<p>A COOPAF (Cooperativa dos Produtores da Agricultura Familiar Solidaria ) realizou na tarde da \u00faltima quarta-feira (28), a Assembl\u00e9ia Geral Ordin\u00e1ria para eleger a nova diretoria. O evento ocorreu no CEFAS (Centro de Forma\u00e7\u00e3o e Ascens\u00e3o Social), onde houve tamb\u00e9m a presta\u00e7\u00e3o de contas do exerc\u00edcio de 2017. Foi apresentada uma chapa \u00fanica, que foi [&hellip;]<\/p>\n","protected":false},"author":7,"featured_media":52056,"comment_status":"open","ping_status":"closed","sticky":false,"template":"","format":"standard","meta":{"_joinchat":[],"footnotes":""},"categories":[1],"tags":[],"class_list":["post-52030","post","type-post","status-publish","format-standard","has-post-thumbnail","hentry","category-sem-categoria"],"_links":{"self":[{"href":"http:\/\/folhadosudeste.com\/site\/index.php?rest_route=\/wp\/v2\/posts\/52030","targetHints":{"allow":["GET"]}}],"collection":[{"href":"http:\/\/folhadosudeste.com\/site\/index.php?rest_route=\/wp\/v2\/posts"}],"about":[{"href":"http:\/\/folhadosudeste.com\/site\/index.php?rest_route=\/wp\/v2\/types\/post"}],"author":[{"embeddable":true,"href":"http:\/\/folhadosudeste.com\/site\/index.php?rest_route=\/wp\/v2\/users\/7"}],"replies":[{"embeddable":true,"href":"http:\/\/folhadosudeste.com\/site\/index.php?rest_route=%2Fwp%2Fv2%2Fcomments&post=52030"}],"version-history":[{"count":1,"href":"http:\/\/folhadosudeste.com\/site\/index.php?rest_route=\/wp\/v2\/posts\/52030\/revisions"}],"predecessor-version":[{"id":52057,"href":"http:\/\/folhadosudeste.com\/site\/index.php?rest_route=\/wp\/v2\/posts\/52030\/revisions\/52057"}],"wp:featuredmedia":[{"embeddable":true,"href":"http:\/\/folhadosudeste.com\/site\/index.php?rest_route=\/wp\/v2\/media\/52056"}],"wp:attachment":[{"href":"http:\/\/folhadosudeste.com\/site\/index.php?rest_route=%2Fwp%2Fv2%2Fmedia&parent=52030"}],"wp:term":[{"taxonomy":"category","embeddable":true,"href":"http:\/\/folhadosudeste.com\/site\/index.php?rest_route=%2Fwp%2Fv2%2Fcategories&post=52030"},{"taxonomy":"post_tag","embeddable":true,"href":"http:\/\/folhadosudeste.com\/site\/index.php?rest_route=%2Fwp%2Fv2%2Ftags&post=52030"}],"curies":[{"name":"wp","href":"https:\/\/api.w.org\/{rel}","templated":true}]}}