{"id":52115,"date":"2018-04-04T19:06:08","date_gmt":"2018-04-04T19:06:08","guid":{"rendered":"http:\/\/folhadosudeste.com\/site\/?p=52115"},"modified":"2018-04-04T19:06:08","modified_gmt":"2018-04-04T19:06:08","slug":"muriae-tem-representantes-no-seminario-mineiro-de-judicializacao-da-saude","status":"publish","type":"post","link":"http:\/\/folhadosudeste.com\/site\/?p=52115","title":{"rendered":"Muria\u00e9 tem representantes no Semin\u00e1rio Mineiro de Judicializa\u00e7\u00e3o da Sa\u00fade"},"content":{"rendered":"<p><a href=\"http:\/\/folhadosudeste.com\/site\/wp-content\/uploads\/2018\/04\/I-Semin\u00e1rio-Mineiro-de-Judicializa\u00e7\u00e3o-da-Sa\u00fade-2-Foto-Marcus-Ferreira-Secretaria-de-Estado-de-Sa\u00fade.jpg\"><img loading=\"lazy\" decoding=\"async\" class=\"aligncenter wp-image-52116 size-large\" src=\"http:\/\/folhadosudeste.com\/site\/wp-content\/uploads\/2018\/04\/I-Semin\u00e1rio-Mineiro-de-Judicializa\u00e7\u00e3o-da-Sa\u00fade-2-Foto-Marcus-Ferreira-Secretaria-de-Estado-de-Sa\u00fade-1024x683.jpg\" alt=\"\" width=\"620\" height=\"414\" srcset=\"http:\/\/folhadosudeste.com\/site\/wp-content\/uploads\/2018\/04\/I-Semin\u00e1rio-Mineiro-de-Judicializa\u00e7\u00e3o-da-Sa\u00fade-2-Foto-Marcus-Ferreira-Secretaria-de-Estado-de-Sa\u00fade-1024x683.jpg 1024w, http:\/\/folhadosudeste.com\/site\/wp-content\/uploads\/2018\/04\/I-Semin\u00e1rio-Mineiro-de-Judicializa\u00e7\u00e3o-da-Sa\u00fade-2-Foto-Marcus-Ferreira-Secretaria-de-Estado-de-Sa\u00fade-300x200.jpg 300w, http:\/\/folhadosudeste.com\/site\/wp-content\/uploads\/2018\/04\/I-Semin\u00e1rio-Mineiro-de-Judicializa\u00e7\u00e3o-da-Sa\u00fade-2-Foto-Marcus-Ferreira-Secretaria-de-Estado-de-Sa\u00fade-768x512.jpg 768w, http:\/\/folhadosudeste.com\/site\/wp-content\/uploads\/2018\/04\/I-Semin\u00e1rio-Mineiro-de-Judicializa\u00e7\u00e3o-da-Sa\u00fade-2-Foto-Marcus-Ferreira-Secretaria-de-Estado-de-Sa\u00fade-290x195.jpg 290w, http:\/\/folhadosudeste.com\/site\/wp-content\/uploads\/2018\/04\/I-Semin\u00e1rio-Mineiro-de-Judicializa\u00e7\u00e3o-da-Sa\u00fade-2-Foto-Marcus-Ferreira-Secretaria-de-Estado-de-Sa\u00fade.jpg 2048w\" sizes=\"auto, (max-width: 620px) 100vw, 620px\" \/><\/a><\/p>\n<p class=\"m_-7236015476373354589gmail-MsoNoSpacing\" style=\"text-align: justify;\"><i>Evento reuniu profissionais de todo Estado em Belo Horizonte para discutir melhorias nas pol\u00edticas sobre o tema<\/i><\/p>\n<p class=\"m_-7236015476373354589gmail-MsoNoSpacing\" style=\"text-align: justify;\">&nbsp;<\/p>\n<p class=\"m_-7236015476373354589gmail-MsoNoSpacing\" style=\"text-align: justify;\">Muria\u00e9 foi representada por duas profissionais da Prefeitura no I Semin\u00e1rio Mineiro de Judicializa\u00e7\u00e3o da Sa\u00fade, realizado na segunda e ter\u00e7a-feira (2 e 3), no Pal\u00e1cio das Artes, em Belo Horizonte. O evento contou com a participa\u00e7\u00e3o de autoridades e diversos \u00f3rg\u00e3os ligados \u00e0s \u00e1reas da Sa\u00fade e Direito de todo o Estado para discutir sobre o assunto e propor solu\u00e7\u00f5es sobre o tema, cuja pr\u00e1tica vem crescendo consideravelmente em todo pa\u00eds.<\/p>\n<p class=\"m_-7236015476373354589gmail-MsoNoSpacing\" style=\"text-align: justify;\">&nbsp;<\/p>\n<p class=\"m_-7236015476373354589gmail-MsoNoSpacing\" style=\"text-align: justify;\">A judicializa\u00e7\u00e3o da sa\u00fade acontece quando um usu\u00e1rio n\u00e3o consegue acesso a rem\u00e9dios ou tratamentos de sa\u00fade que ainda n\u00e3o s\u00e3o disponibilizados pelo SUS ou que est\u00e3o em falta e, para ter acesso a tais recursos, procura a Justi\u00e7a para que o poder p\u00fablico ofere\u00e7a essa assist\u00eancia. Esse procedimento tem sido cada vez mais recorrente no Brasil e, em particular, em Muria\u00e9, causando impacto expressivo nas finan\u00e7as municipais, a ponto de gerar preju\u00edzo \u00e0s pol\u00edticas p\u00fablicas.<\/p>\n<p class=\"m_-7236015476373354589gmail-MsoNoSpacing\" style=\"text-align: justify;\">&nbsp;<\/p>\n<p class=\"m_-7236015476373354589gmail-MsoNoSpacing\" style=\"text-align: justify;\">Durante o evento, foram abordados sobre procedimentos de incorpora\u00e7\u00e3o e regulamenta\u00e7\u00e3o de tratamentos, o cen\u00e1rio e os impactos das medidas judiciais, a import\u00e2ncia da natureza coletiva para que se possa pensar no futuro da judicializa\u00e7\u00e3o e na transpar\u00eancia desse processo. Entre os palestrantes estava o juiz Federal Titular da 1\u00aa Vara de Brusque, em Santa Catarina, e coordenador do Comit\u00ea Executivo da Sa\u00fade em Santa Catarina, Cl\u00eanio Jair Schulze, que abordou a forma como o tema influencia o sistema de sa\u00fade.<\/p>\n<p class=\"m_-7236015476373354589gmail-MsoNoSpacing\" style=\"text-align: justify;\">&nbsp;<\/p>\n<p class=\"m_-7236015476373354589gmail-MsoNoSpacing\" style=\"text-align: justify;\">\u201cParticipar desse Semin\u00e1rio foi importante para trocarmos experi\u00eancias com os profissionais de diversos munic\u00edpios, conhecer novas alternativas e perspectivas de pensar a judicializa\u00e7\u00e3o da sa\u00fade e novas formas de trabalhar com essas quest\u00f5es no dia a dia\u201d, afirmam a perita em Servi\u00e7o Social, assistente social Maria Carolina Gon\u00e7alves e a t\u00e9cnica administrativa da execu\u00e7\u00e3o judicial da sa\u00fade, Roberta Peixoto, ambas da C\u00e2mara T\u00e9cnica de Sa\u00fade de Muria\u00e9, representantes da Prefeitura no Semin\u00e1rio.<\/p>\n<p class=\"m_-7236015476373354589gmail-MsoNoSpacing\" style=\"text-align: justify;\">&nbsp;<\/p>\n<p class=\"m_-7236015476373354589gmail-MsoNoSpacing\" style=\"text-align: justify;\"><b>C\u00e2mara T\u00e9cnica gera economia aos cofres p\u00fablicos e agiliza atendimento aos muriaeenses<\/b><\/p>\n<p class=\"m_-7236015476373354589gmail-MsoNoSpacing\" style=\"text-align: justify;\">&nbsp;<\/p>\n<p class=\"m_-7236015476373354589gmail-MsoNoSpacing\" style=\"text-align: justify;\">Com o objetivo de diminuir a judicializa\u00e7\u00e3o, agilizar atendimento aos muriaeenses e gerar economia aos cofres p\u00fablicos, a Prefeitura implantou, em 2017, a C\u00e2mara T\u00e9cnica de Sa\u00fade, um projeto in\u00e9dito na regi\u00e3o. A equipe \u00e9 formada por profissionais de diversos setores, que d\u00e3o apoio, atrav\u00e9s de laudos t\u00e9cnicos, ao Poder Judici\u00e1rio, Minist\u00e9rio P\u00fablico, Defensoria P\u00fablica e \u00e0 Procuradoria Geral do Munic\u00edpio nos procedimentos e tratamentos requisitados pela popula\u00e7\u00e3o. O grupo \u00e9 respons\u00e1vel por analisar as demandas relacionadas ao SUS e pela sele\u00e7\u00e3o, prescri\u00e7\u00e3o e distribui\u00e7\u00e3o de medicamentos.<\/p>\n<p class=\"m_-7236015476373354589gmail-MsoNoSpacing\" style=\"text-align: justify;\">&nbsp;<\/p>\n<p class=\"m_-7236015476373354589gmail-MsoNoSpacing\" style=\"text-align: justify;\">\u201cA C\u00e2mara T\u00e9cnica est\u00e1 gerando resultados positivos em Muria\u00e9, ao agilizar o atendimento dos muriaeenses e gerar economia aos cofres p\u00fablicos, fazendo com que possamos investir esses recursos em a\u00e7\u00f5es em diversas \u00e1reas na cidade\u201d, diz o prefeito Grego.<\/p>\n<p><a href=\"http:\/\/folhadosudeste.com\/site\/wp-content\/uploads\/2018\/04\/I-Semin\u00e1rio-Mineiro-de-Judicializa\u00e7\u00e3o-da-Sa\u00fade-Foto-Marcus-Ferreira-Secretaria-de-Estado-de-Sa\u00fade.jpg\"><img loading=\"lazy\" decoding=\"async\" class=\"aligncenter wp-image-52117 size-large\" src=\"http:\/\/folhadosudeste.com\/site\/wp-content\/uploads\/2018\/04\/I-Semin\u00e1rio-Mineiro-de-Judicializa\u00e7\u00e3o-da-Sa\u00fade-Foto-Marcus-Ferreira-Secretaria-de-Estado-de-Sa\u00fade-1024x683.jpg\" alt=\"\" width=\"620\" height=\"414\" srcset=\"http:\/\/folhadosudeste.com\/site\/wp-content\/uploads\/2018\/04\/I-Semin\u00e1rio-Mineiro-de-Judicializa\u00e7\u00e3o-da-Sa\u00fade-Foto-Marcus-Ferreira-Secretaria-de-Estado-de-Sa\u00fade-1024x683.jpg 1024w, http:\/\/folhadosudeste.com\/site\/wp-content\/uploads\/2018\/04\/I-Semin\u00e1rio-Mineiro-de-Judicializa\u00e7\u00e3o-da-Sa\u00fade-Foto-Marcus-Ferreira-Secretaria-de-Estado-de-Sa\u00fade-300x200.jpg 300w, http:\/\/folhadosudeste.com\/site\/wp-content\/uploads\/2018\/04\/I-Semin\u00e1rio-Mineiro-de-Judicializa\u00e7\u00e3o-da-Sa\u00fade-Foto-Marcus-Ferreira-Secretaria-de-Estado-de-Sa\u00fade-768x512.jpg 768w, http:\/\/folhadosudeste.com\/site\/wp-content\/uploads\/2018\/04\/I-Semin\u00e1rio-Mineiro-de-Judicializa\u00e7\u00e3o-da-Sa\u00fade-Foto-Marcus-Ferreira-Secretaria-de-Estado-de-Sa\u00fade-290x195.jpg 290w, http:\/\/folhadosudeste.com\/site\/wp-content\/uploads\/2018\/04\/I-Semin\u00e1rio-Mineiro-de-Judicializa\u00e7\u00e3o-da-Sa\u00fade-Foto-Marcus-Ferreira-Secretaria-de-Estado-de-Sa\u00fade.jpg 1500w\" sizes=\"auto, (max-width: 620px) 100vw, 620px\" \/><\/a><\/p>\n","protected":false},"excerpt":{"rendered":"<p>Evento reuniu profissionais de todo Estado em Belo Horizonte para discutir melhorias nas pol\u00edticas sobre o tema &nbsp; Muria\u00e9 foi representada por duas profissionais da Prefeitura no I Semin\u00e1rio Mineiro de Judicializa\u00e7\u00e3o da Sa\u00fade, realizado na segunda e ter\u00e7a-feira (2 e 3), no Pal\u00e1cio das Artes, em Belo Horizonte. O evento contou com a participa\u00e7\u00e3o [&hellip;]<\/p>\n","protected":false},"author":6,"featured_media":52116,"comment_status":"open","ping_status":"closed","sticky":false,"template":"","format":"standard","meta":{"_joinchat":[],"footnotes":""},"categories":[1],"tags":[],"class_list":["post-52115","post","type-post","status-publish","format-standard","has-post-thumbnail","hentry","category-sem-categoria"],"_links":{"self":[{"href":"http:\/\/folhadosudeste.com\/site\/index.php?rest_route=\/wp\/v2\/posts\/52115","targetHints":{"allow":["GET"]}}],"collection":[{"href":"http:\/\/folhadosudeste.com\/site\/index.php?rest_route=\/wp\/v2\/posts"}],"about":[{"href":"http:\/\/folhadosudeste.com\/site\/index.php?rest_route=\/wp\/v2\/types\/post"}],"author":[{"embeddable":true,"href":"http:\/\/folhadosudeste.com\/site\/index.php?rest_route=\/wp\/v2\/users\/6"}],"replies":[{"embeddable":true,"href":"http:\/\/folhadosudeste.com\/site\/index.php?rest_route=%2Fwp%2Fv2%2Fcomments&post=52115"}],"version-history":[{"count":1,"href":"http:\/\/folhadosudeste.com\/site\/index.php?rest_route=\/wp\/v2\/posts\/52115\/revisions"}],"predecessor-version":[{"id":52118,"href":"http:\/\/folhadosudeste.com\/site\/index.php?rest_route=\/wp\/v2\/posts\/52115\/revisions\/52118"}],"wp:featuredmedia":[{"embeddable":true,"href":"http:\/\/folhadosudeste.com\/site\/index.php?rest_route=\/wp\/v2\/media\/52116"}],"wp:attachment":[{"href":"http:\/\/folhadosudeste.com\/site\/index.php?rest_route=%2Fwp%2Fv2%2Fmedia&parent=52115"}],"wp:term":[{"taxonomy":"category","embeddable":true,"href":"http:\/\/folhadosudeste.com\/site\/index.php?rest_route=%2Fwp%2Fv2%2Fcategories&post=52115"},{"taxonomy":"post_tag","embeddable":true,"href":"http:\/\/folhadosudeste.com\/site\/index.php?rest_route=%2Fwp%2Fv2%2Ftags&post=52115"}],"curies":[{"name":"wp","href":"https:\/\/api.w.org\/{rel}","templated":true}]}}