{"id":52122,"date":"2018-04-04T19:14:06","date_gmt":"2018-04-04T19:14:06","guid":{"rendered":"http:\/\/folhadosudeste.com\/site\/?p=52122"},"modified":"2018-04-04T19:14:06","modified_gmt":"2018-04-04T19:14:06","slug":"inscricoes-de-processo-seletivo-para-trabalho-na-assistencia-social-prosseguem-ate-dia-12","status":"publish","type":"post","link":"http:\/\/folhadosudeste.com\/site\/?p=52122","title":{"rendered":"Inscri\u00e7\u00f5es de processo seletivo para trabalho na assist\u00eancia social prosseguem at\u00e9 dia 12"},"content":{"rendered":"<p><a href=\"http:\/\/folhadosudeste.com\/site\/wp-content\/uploads\/2018\/04\/02042018_assistencia_social.jpg\"><img loading=\"lazy\" decoding=\"async\" class=\"aligncenter wp-image-52123 size-full\" src=\"http:\/\/folhadosudeste.com\/site\/wp-content\/uploads\/2018\/04\/02042018_assistencia_social.jpg\" alt=\"\" width=\"510\" height=\"320\" srcset=\"http:\/\/folhadosudeste.com\/site\/wp-content\/uploads\/2018\/04\/02042018_assistencia_social.jpg 510w, http:\/\/folhadosudeste.com\/site\/wp-content\/uploads\/2018\/04\/02042018_assistencia_social-300x188.jpg 300w\" sizes=\"auto, (max-width: 510px) 100vw, 510px\" \/><\/a><\/p>\n<p class=\"m_-4735415177240607851gmail-MsoNoSpacing\" style=\"text-align: justify;\"><i>Podem ser inscrever profissionais de Servi\u00e7o Social e Psicologia; eles v\u00e3o auxiliar setores de Cadastro \u00danico e Bolsa Fam\u00edlia<\/i><\/p>\n<p class=\"m_-4735415177240607851gmail-MsoNoSpacing\" style=\"text-align: justify;\">&nbsp;<\/p>\n<p class=\"m_-4735415177240607851gmail-MsoNoSpacing\" style=\"text-align: justify;\">As inscri\u00e7\u00f5es de processo seletivo para contrata\u00e7\u00e3o de t\u00e9cnico de n\u00edvel superior em Servi\u00e7o Social ou Psicologia prosseguem at\u00e9 dia 12 de abril. O profissional vai atuar no Cadastro \u00danico para Programas Sociais do Governo Federal e Bolsa Fam\u00edlia, auxiliando o trabalho de assist\u00eancia social prestado aos muriaeenses pela Prefeitura.<\/p>\n<p class=\"m_-4735415177240607851gmail-MsoNoSpacing\" style=\"text-align: justify;\">&nbsp;<\/p>\n<p class=\"m_-4735415177240607851gmail-MsoNoSpacing\" style=\"text-align: justify;\">Est\u00e1 sendo oferecida uma vaga mais cadastro de reserva. As inscri\u00e7\u00f5es s\u00e3o gratuitas e devem ser feitas presencialmente na Secretaria Municipal de Desenvolvimento Social, no primeiro andar do Centro Administrativo, de segunda a sexta-feira, das 13h \u00e0s 16h. O edital pode ser conferido no site da Prefeitura de Muria\u00e9 (<a href=\"http:\/\/www.muriae.mg.gov.br\/\" target=\"_blank\" rel=\"noopener\" data-saferedirecturl=\"https:\/\/www.google.com\/url?hl=pt-BR&amp;q=http:\/\/www.muriae.mg.gov.br&amp;source=gmail&amp;ust=1522954736734000&amp;usg=AFQjCNENhINJ9FxcGOs3yL3D1VnullyiEQ\">www.muriae.mg.gov.br<\/a>, no link \u201cCidad\u00e3o\u201d, aba \u201cProcessos Seletivos\u201d).<\/p>\n<p class=\"m_-4735415177240607851gmail-MsoNoSpacing\" style=\"text-align: justify;\">&nbsp;<\/p>\n<p class=\"m_-4735415177240607851gmail-MsoNoSpacing\" style=\"text-align: justify;\">A primeira fase do processo seletivo, que compreende a prova objetiva (de car\u00e1ter classificat\u00f3rio e eliminat\u00f3rio), acontecer\u00e1 dia 20 do pr\u00f3ximo m\u00eas, em local e hor\u00e1rio ainda a serem definidos. A segunda etapa diz respeito \u00e0 qualifica\u00e7\u00e3o t\u00e9cnica (de car\u00e1ter classificat\u00f3rio), com a an\u00e1lise de curr\u00edculo e tempo de experi\u00eancia na \u00e1rea. A abertura dos envelopes com o resultado ser\u00e1 dia 26 de abril. Com jornada de 40h semanais, o profissional receber\u00e1 remunera\u00e7\u00e3o correspondente ao valor de R$ R$ 1.991,48.<\/p>\n<p class=\"m_-4735415177240607851gmail-MsoNoSpacing\" style=\"text-align: justify;\">&nbsp;<\/p>\n<p class=\"m_-4735415177240607851gmail-MsoNoSpacing\" style=\"text-align: justify;\"><b>Inscri\u00e7\u00f5es para processo seletivo:<\/b><\/p>\n<p class=\"m_-4735415177240607851gmail-MsoNoSpacing\" style=\"text-align: justify;\">Prazo: at\u00e9 12 de abril<\/p>\n<p class=\"m_-4735415177240607851gmail-MsoNoSpacing\" style=\"text-align: justify;\">Local: Secretaria Municipal de Desenvolvimento Social, localizada no primeiro andar do Centro Administrativo<\/p>\n<p class=\"m_-4735415177240607851gmail-MsoNoSpacing\" style=\"text-align: justify;\">Dias e hor\u00e1rios: de segunda a sexta-feira, das 13h \u00e0s 16h<\/p>\n<p class=\"m_-4735415177240607851gmail-MsoNoSpacing\" style=\"text-align: justify;\">Podem participar: profissionais formados em Psicologia ou Servi\u00e7o Social<\/p>\n<p class=\"m_-4735415177240607851gmail-MsoNoSpacing\" style=\"text-align: justify;\">Site para conferir edital:&nbsp;<a href=\"http:\/\/www.muriae.mg.gov.br\/\" target=\"_blank\" rel=\"noopener\" data-saferedirecturl=\"https:\/\/www.google.com\/url?hl=pt-BR&amp;q=http:\/\/www.muriae.mg.gov.br&amp;source=gmail&amp;ust=1522954736734000&amp;usg=AFQjCNENhINJ9FxcGOs3yL3D1VnullyiEQ\">www.muriae.mg.gov.br<\/a>, no link \u201cCidad\u00e3o\u201d, aba \u201cProcessos Seletivos\u201d<\/p>\n<p class=\"m_-4735415177240607851gmail-MsoNoSpacing\" style=\"text-align: justify;\">Inscri\u00e7\u00f5es gratuitas<\/p>\n<p class=\"m_-4735415177240607851gmail-MsoNoSpacing\" style=\"text-align: justify;\">&nbsp;<\/p>\n<p class=\"m_-4735415177240607851gmail-MsoNoSpacing\" style=\"text-align: justify;\"><b>Documentos para inscri\u00e7\u00e3o:<\/b><\/p>\n<p class=\"m_-4735415177240607851gmail-MsoNoSpacing\" style=\"text-align: justify;\">\u2013 Formul\u00e1rio de inscri\u00e7\u00e3o (anexo III do edital)<\/p>\n<p class=\"m_-4735415177240607851gmail-MsoNoSpacing\" style=\"text-align: justify;\">\u2013 C\u00f3pia de documento de identidade<\/p>\n<p class=\"m_-4735415177240607851gmail-MsoNoSpacing\" style=\"text-align: justify;\">\u2013 C\u00f3pia do CPF (quando n\u00e3o constar do documento de identidade), ou do comprovante de inscri\u00e7\u00e3o no CPF, impresso a partir do endere\u00e7o eletr\u00f4nico da Secretaria da Receita Federal do Brasil ou emitido pela entidade conveniada<\/p>\n<p class=\"m_-4735415177240607851gmail-MsoNoSpacing\" style=\"text-align: justify;\">\u2013 C\u00f3pia do comprovante de resid\u00eancia atualizado (\u00faltimos 90 dias)<\/p>\n<p class=\"m_-4735415177240607851gmail-MsoNoSpacing\" style=\"text-align: justify;\">\u2013 Comprovante de conclus\u00e3o de curso de gradua\u00e7\u00e3o em Psicologia ou Servi\u00e7o Social, acompanhado do hist\u00f3rico, que dever\u00e1 ser expedido por institui\u00e7\u00e3o de ensino reconhecida pelo MEC (somente ser\u00e3o aceitas certid\u00f5es ou declara\u00e7\u00f5es nas quais constem o nome da institui\u00e7\u00e3o, assinatura e carimbo do representante da institui\u00e7\u00e3o de ensino, o nome do curso, a data de conclus\u00e3o e a carga hor\u00e1ria total)<\/p>\n<p class=\"m_-4735415177240607851gmail-MsoNoSpacing\" style=\"text-align: justify;\">\u2013 C\u00f3pia da comprova\u00e7\u00e3o de inscri\u00e7\u00e3o no \u00f3rg\u00e3o da categoria profissional<\/p>\n<p class=\"m_-4735415177240607851gmail-MsoNoSpacing\" style=\"text-align: justify;\">\u2013 Envelope contendo a documenta\u00e7\u00e3o para a qualifica\u00e7\u00e3o t\u00e9cnica<\/p>\n","protected":false},"excerpt":{"rendered":"<p>Podem ser inscrever profissionais de Servi\u00e7o Social e Psicologia; eles v\u00e3o auxiliar setores de Cadastro \u00danico e Bolsa Fam\u00edlia &nbsp; As inscri\u00e7\u00f5es de processo seletivo para contrata\u00e7\u00e3o de t\u00e9cnico de n\u00edvel superior em Servi\u00e7o Social ou Psicologia prosseguem at\u00e9 dia 12 de abril. O profissional vai atuar no Cadastro \u00danico para Programas Sociais do Governo [&hellip;]<\/p>\n","protected":false},"author":6,"featured_media":52123,"comment_status":"open","ping_status":"closed","sticky":false,"template":"","format":"standard","meta":{"_joinchat":[],"footnotes":""},"categories":[1],"tags":[],"class_list":["post-52122","post","type-post","status-publish","format-standard","has-post-thumbnail","hentry","category-sem-categoria"],"_links":{"self":[{"href":"http:\/\/folhadosudeste.com\/site\/index.php?rest_route=\/wp\/v2\/posts\/52122","targetHints":{"allow":["GET"]}}],"collection":[{"href":"http:\/\/folhadosudeste.com\/site\/index.php?rest_route=\/wp\/v2\/posts"}],"about":[{"href":"http:\/\/folhadosudeste.com\/site\/index.php?rest_route=\/wp\/v2\/types\/post"}],"author":[{"embeddable":true,"href":"http:\/\/folhadosudeste.com\/site\/index.php?rest_route=\/wp\/v2\/users\/6"}],"replies":[{"embeddable":true,"href":"http:\/\/folhadosudeste.com\/site\/index.php?rest_route=%2Fwp%2Fv2%2Fcomments&post=52122"}],"version-history":[{"count":1,"href":"http:\/\/folhadosudeste.com\/site\/index.php?rest_route=\/wp\/v2\/posts\/52122\/revisions"}],"predecessor-version":[{"id":52124,"href":"http:\/\/folhadosudeste.com\/site\/index.php?rest_route=\/wp\/v2\/posts\/52122\/revisions\/52124"}],"wp:featuredmedia":[{"embeddable":true,"href":"http:\/\/folhadosudeste.com\/site\/index.php?rest_route=\/wp\/v2\/media\/52123"}],"wp:attachment":[{"href":"http:\/\/folhadosudeste.com\/site\/index.php?rest_route=%2Fwp%2Fv2%2Fmedia&parent=52122"}],"wp:term":[{"taxonomy":"category","embeddable":true,"href":"http:\/\/folhadosudeste.com\/site\/index.php?rest_route=%2Fwp%2Fv2%2Fcategories&post=52122"},{"taxonomy":"post_tag","embeddable":true,"href":"http:\/\/folhadosudeste.com\/site\/index.php?rest_route=%2Fwp%2Fv2%2Ftags&post=52122"}],"curies":[{"name":"wp","href":"https:\/\/api.w.org\/{rel}","templated":true}]}}