{"id":52129,"date":"2018-04-04T19:30:02","date_gmt":"2018-04-04T19:30:02","guid":{"rendered":"http:\/\/folhadosudeste.com\/site\/?p=52129"},"modified":"2018-04-04T19:30:02","modified_gmt":"2018-04-04T19:30:02","slug":"agentes-comunitarios-recebem-capacitacao-sobre-doencas-sexualmente-transmissiveis","status":"publish","type":"post","link":"http:\/\/folhadosudeste.com\/site\/?p=52129","title":{"rendered":"Agentes comunit\u00e1rios recebem capacita\u00e7\u00e3o sobre doen\u00e7as sexualmente transmiss\u00edveis"},"content":{"rendered":"<p><a href=\"http:\/\/folhadosudeste.com\/site\/wp-content\/uploads\/2018\/04\/IMG_7794.jpg\"><img loading=\"lazy\" decoding=\"async\" class=\"aligncenter wp-image-52130 size-large\" src=\"http:\/\/folhadosudeste.com\/site\/wp-content\/uploads\/2018\/04\/IMG_7794-1024x683.jpg\" alt=\"\" width=\"620\" height=\"414\" srcset=\"http:\/\/folhadosudeste.com\/site\/wp-content\/uploads\/2018\/04\/IMG_7794-1024x683.jpg 1024w, http:\/\/folhadosudeste.com\/site\/wp-content\/uploads\/2018\/04\/IMG_7794-300x200.jpg 300w, http:\/\/folhadosudeste.com\/site\/wp-content\/uploads\/2018\/04\/IMG_7794-768x512.jpg 768w, http:\/\/folhadosudeste.com\/site\/wp-content\/uploads\/2018\/04\/IMG_7794-290x195.jpg 290w, http:\/\/folhadosudeste.com\/site\/wp-content\/uploads\/2018\/04\/IMG_7794.jpg 2048w\" sizes=\"auto, (max-width: 620px) 100vw, 620px\" \/><\/a><\/p>\n<p style=\"font-weight: 400; text-align: justify;\">Palestra auxiliou profissionais na identifica\u00e7\u00e3o de caracter\u00edsticas das enfermidades, a fim de aprimorar atendimento a muriaeenses<\/p>\n<p style=\"font-weight: 400; text-align: justify;\">Os agentes comunit\u00e1rios de sa\u00fade de Muria\u00e9 receberam uma capacita\u00e7\u00e3o sobre doen\u00e7as sexualmente transmiss\u00edveis (DST\u2019s), na \u00faltima quarta-feira (28), no Teatro Zaccaria Marques. A palestra foi realizada para auxiliar os agentes na identifica\u00e7\u00e3o das caracter\u00edsticas de cada uma das doen\u00e7as, seja ela gerada por bact\u00e9rias ou v\u00edrus, preparando assim o profissional para um atendimento de qualidade nas Unidades B\u00e1sicas de Sa\u00fade (UBS\u2019s).&nbsp;&nbsp;<\/p>\n<p style=\"font-weight: 400; text-align: justify;\">&nbsp;<\/p>\n<p style=\"font-weight: 400; text-align: justify;\">As DST\u2019s s\u00e3o doen\u00e7as adquiridas normalmente atrav\u00e9s de contato sexual sem prote\u00e7\u00e3o.&nbsp;Durante a palestra do&nbsp;fisioterapeuta Lucas N\u00edcolas, de S\u00e3o Paulo,&nbsp;foram ressaltados alguns assuntos como a s\u00edfilis, gonorr\u00e9ia e a import\u00e2ncia da vacina\u00e7\u00e3o do HPV. Segundo o palestrante, n\u00e3o s\u00e3o apenas adolescentes com idades entre 12 e 14 anos que precisam ser vacinados. Para ele, a imuniza\u00e7\u00e3o \u00e9 bem-vinda em qualquer idade.&nbsp;O HPV \u00e9 um v\u00edrus que tamb\u00e9m \u00e9&nbsp;transmitido atrav\u00e9s de rela\u00e7\u00f5es sexuais desprotegidas. Ele, geralmente, est\u00e1 associado a diversos tipos de c\u00e2ncer, como de colo de \u00fatero, \u00e2nus, p\u00eanis, vulva e uretra.<\/p>\n<p style=\"font-weight: 400; text-align: justify;\">&nbsp;<\/p>\n<p style=\"font-weight: 400; text-align: justify;\">\u201cN\u00f3s valorizamos a sa\u00fade pessoal quando nos prevenimos de pegar uma doen\u00e7a facilmente transmiss\u00edvel. \u00c9 bom valorizar a sa\u00fade enquanto temos o controle dela em nossas m\u00e3os\u201d, advertiu o palestrante, incentivando os agentes a lembrar aos pacientes das UBS\u2019s que \u00e9 preciso estar imunizado. As vacinas s\u00e3o distribu\u00eddas pelo Minist\u00e9rio da Sa\u00fade, gratuitamente, em todo o Brasil, apenas para a faixa et\u00e1ria de 12 a 14 anos, 11 meses e 29 dias. \u201cAprendemos um pouco mais sobre cada doen\u00e7a para sabermos dar o apoio e a orienta\u00e7\u00e3o adequada para os pacientes que cheguem nas UBS\u2019s. Neste sentido de enfermidades, o conhecimento tem de ser atualizado no dia a dia, para que possamos disseminar informa\u00e7\u00f5es e melhor acolher o usu\u00e1rio do SUS\u201d, disse a agente comunit\u00e1ria, Girlene Santana.<\/p>\n","protected":false},"excerpt":{"rendered":"<p>Palestra auxiliou profissionais na identifica\u00e7\u00e3o de caracter\u00edsticas das enfermidades, a fim de aprimorar atendimento a muriaeenses Os agentes comunit\u00e1rios de sa\u00fade de Muria\u00e9 receberam uma capacita\u00e7\u00e3o sobre doen\u00e7as sexualmente transmiss\u00edveis (DST\u2019s), na \u00faltima quarta-feira (28), no Teatro Zaccaria Marques. A palestra foi realizada para auxiliar os agentes na identifica\u00e7\u00e3o das caracter\u00edsticas de cada uma das [&hellip;]<\/p>\n","protected":false},"author":6,"featured_media":52130,"comment_status":"open","ping_status":"closed","sticky":false,"template":"","format":"standard","meta":{"_joinchat":[],"footnotes":""},"categories":[1],"tags":[],"class_list":["post-52129","post","type-post","status-publish","format-standard","has-post-thumbnail","hentry","category-sem-categoria"],"_links":{"self":[{"href":"http:\/\/folhadosudeste.com\/site\/index.php?rest_route=\/wp\/v2\/posts\/52129","targetHints":{"allow":["GET"]}}],"collection":[{"href":"http:\/\/folhadosudeste.com\/site\/index.php?rest_route=\/wp\/v2\/posts"}],"about":[{"href":"http:\/\/folhadosudeste.com\/site\/index.php?rest_route=\/wp\/v2\/types\/post"}],"author":[{"embeddable":true,"href":"http:\/\/folhadosudeste.com\/site\/index.php?rest_route=\/wp\/v2\/users\/6"}],"replies":[{"embeddable":true,"href":"http:\/\/folhadosudeste.com\/site\/index.php?rest_route=%2Fwp%2Fv2%2Fcomments&post=52129"}],"version-history":[{"count":1,"href":"http:\/\/folhadosudeste.com\/site\/index.php?rest_route=\/wp\/v2\/posts\/52129\/revisions"}],"predecessor-version":[{"id":52131,"href":"http:\/\/folhadosudeste.com\/site\/index.php?rest_route=\/wp\/v2\/posts\/52129\/revisions\/52131"}],"wp:featuredmedia":[{"embeddable":true,"href":"http:\/\/folhadosudeste.com\/site\/index.php?rest_route=\/wp\/v2\/media\/52130"}],"wp:attachment":[{"href":"http:\/\/folhadosudeste.com\/site\/index.php?rest_route=%2Fwp%2Fv2%2Fmedia&parent=52129"}],"wp:term":[{"taxonomy":"category","embeddable":true,"href":"http:\/\/folhadosudeste.com\/site\/index.php?rest_route=%2Fwp%2Fv2%2Fcategories&post=52129"},{"taxonomy":"post_tag","embeddable":true,"href":"http:\/\/folhadosudeste.com\/site\/index.php?rest_route=%2Fwp%2Fv2%2Ftags&post=52129"}],"curies":[{"name":"wp","href":"https:\/\/api.w.org\/{rel}","templated":true}]}}