{"id":52132,"date":"2018-04-04T19:42:00","date_gmt":"2018-04-04T19:42:00","guid":{"rendered":"http:\/\/folhadosudeste.com\/site\/?p=52132"},"modified":"2018-04-04T19:42:00","modified_gmt":"2018-04-04T19:42:00","slug":"profissionais-da-saude-publica-recebem-capacitacao-sobre-novas-regras-do-calendario-de-vacinacao","status":"publish","type":"post","link":"http:\/\/folhadosudeste.com\/site\/?p=52132","title":{"rendered":"Profissionais da sa\u00fade p\u00fablica recebem capacita\u00e7\u00e3o sobre novas regras do calend\u00e1rio de vacina\u00e7\u00e3o"},"content":{"rendered":"<p><a href=\"http:\/\/folhadosudeste.com\/site\/wp-content\/uploads\/2018\/04\/IMG_7863.jpg\"><img loading=\"lazy\" decoding=\"async\" class=\"aligncenter wp-image-52133 size-large\" src=\"http:\/\/folhadosudeste.com\/site\/wp-content\/uploads\/2018\/04\/IMG_7863-1024x683.jpg\" alt=\"\" width=\"620\" height=\"414\" srcset=\"http:\/\/folhadosudeste.com\/site\/wp-content\/uploads\/2018\/04\/IMG_7863-1024x683.jpg 1024w, http:\/\/folhadosudeste.com\/site\/wp-content\/uploads\/2018\/04\/IMG_7863-300x200.jpg 300w, http:\/\/folhadosudeste.com\/site\/wp-content\/uploads\/2018\/04\/IMG_7863-768x512.jpg 768w, http:\/\/folhadosudeste.com\/site\/wp-content\/uploads\/2018\/04\/IMG_7863-290x195.jpg 290w, http:\/\/folhadosudeste.com\/site\/wp-content\/uploads\/2018\/04\/IMG_7863.jpg 2048w\" sizes=\"auto, (max-width: 620px) 100vw, 620px\" \/><\/a><\/p>\n<p style=\"font-weight: 400; text-align: justify;\"><em>Prefeitura oferece atualiza\u00e7\u00e3o de conhecimentos para melhorar atendimento e imuniza\u00e7\u00e3o dos muriaeenses<\/em><\/p>\n<p style=\"font-weight: 400; text-align: justify;\">A capacita\u00e7\u00e3o sobre as novas regras do Calend\u00e1rio de Vacina\u00e7\u00e3o 2018 e as formas de conserva\u00e7\u00e3o e armazenamento de doses foi oferecida, nesta ter\u00e7a-feira (3), no Centro Administrativo, para treinar enfermeiros e t\u00e9cnicos de enfermagem da rede p\u00fablica. A Prefeitura decidiu levar os conhecimentos para os profissionais que trabalham nas salas de imuniza\u00e7\u00e3o das Unidades B\u00e1sicas de Sa\u00fade (UBS) e policl\u00ednicas da cidade, com o objetivo de dinamizar os servi\u00e7os e melhorar os atendimentos aos pacientes.<\/p>\n<p style=\"font-weight: 400; text-align: justify;\">&nbsp;<\/p>\n<p style=\"font-weight: 400; text-align: justify;\">O Programa Nacional de Imuniza\u00e7\u00e3o readaptou o calend\u00e1rio de 2018 de acordo com as necessidades da popula\u00e7\u00e3o brasileira, respeitando as esta\u00e7\u00f5es do ano em que as doen\u00e7as s\u00e3o mais comuns. Entre as mudan\u00e7as, est\u00e3o: a forma correta para a abertura de frascos; os prazos de validade e o novo cronograma para entrega de vacinas. \u201cPrecisamos fazer o treinamento para alinhar as estrat\u00e9gias de trabalho junto aos enfermeiros e t\u00e9cnicos da rede municipal. Este ano, foram feitas modifica\u00e7\u00f5es em rela\u00e7\u00e3o \u00e0s vacinas contra varicela, em que passaremos a disponibilizar uma segunda dose para crian\u00e7as com idades entre 4 e 6 anos, e a meningite C, que ser\u00e1 aplicada em adolescentes que estejam na faixa et\u00e1ria de 11 a 14 anos\u201d, disse a coordenadora do Centro Municipal, Priscila Secco.<\/p>\n<p style=\"font-weight: 400; text-align: justify;\">&nbsp;<\/p>\n<p style=\"font-weight: 400; text-align: justify;\">\u201cOs enfermeiros que atendem na sala de vacina tamb\u00e9m realizam outras fun\u00e7\u00f5es e, at\u00e9 ent\u00e3o, n\u00e3o tinham uma oportunidade importante como esta de reciclar e atualizar informa\u00e7\u00f5es sobre as novas datas e formas de vacina\u00e7\u00e3o impostas pelo Minist\u00e9rio da Sa\u00fade\u201d, avaliou a enfermeira da Unidade de Sa\u00fade do bairro S\u00e3o Francisco, Adriane Oliveira, que foi uma das participantes.<\/p>\n<p style=\"font-weight: 400; text-align: justify;\">&nbsp;<\/p>\n<p style=\"font-weight: 400; text-align: justify;\"><strong>Capacita\u00e7\u00f5es tem objetivo de melhorar resultados na sa\u00fade de Muria\u00e9<\/strong><\/p>\n<p style=\"font-weight: 400; text-align: justify;\">A capacita\u00e7\u00e3o faz parte do ciclo de palestras do N\u00facleo de Educa\u00e7\u00e3o Permanente, da Administra\u00e7\u00e3o Municipal, que busca aprimorar a qualidade do atendimento ao paciente. \u201cO calend\u00e1rio se modifica conforme as doen\u00e7as come\u00e7am a surgir em determinadas regi\u00f5es, em certas idades ou esta\u00e7\u00f5es do ano. Estamos investindo no treinamento dos profissionais da rede p\u00fablica para que eles saibam receber cada paciente. As m\u00e3es custam a convencer os filhos a vacinar e, quando chegam nas unidades, precisam ser bem atendidas para que alcancemos, a cada dia mais, uma boa qualidade de vida para os muriaeenses\u201d, declarou o prefeito Grego.<\/p>\n","protected":false},"excerpt":{"rendered":"<p>Prefeitura oferece atualiza\u00e7\u00e3o de conhecimentos para melhorar atendimento e imuniza\u00e7\u00e3o dos muriaeenses A capacita\u00e7\u00e3o sobre as novas regras do Calend\u00e1rio de Vacina\u00e7\u00e3o 2018 e as formas de conserva\u00e7\u00e3o e armazenamento de doses foi oferecida, nesta ter\u00e7a-feira (3), no Centro Administrativo, para treinar enfermeiros e t\u00e9cnicos de enfermagem da rede p\u00fablica. A Prefeitura decidiu levar os [&hellip;]<\/p>\n","protected":false},"author":6,"featured_media":52133,"comment_status":"open","ping_status":"closed","sticky":false,"template":"","format":"standard","meta":{"_joinchat":[],"footnotes":""},"categories":[1],"tags":[],"class_list":["post-52132","post","type-post","status-publish","format-standard","has-post-thumbnail","hentry","category-sem-categoria"],"_links":{"self":[{"href":"http:\/\/folhadosudeste.com\/site\/index.php?rest_route=\/wp\/v2\/posts\/52132","targetHints":{"allow":["GET"]}}],"collection":[{"href":"http:\/\/folhadosudeste.com\/site\/index.php?rest_route=\/wp\/v2\/posts"}],"about":[{"href":"http:\/\/folhadosudeste.com\/site\/index.php?rest_route=\/wp\/v2\/types\/post"}],"author":[{"embeddable":true,"href":"http:\/\/folhadosudeste.com\/site\/index.php?rest_route=\/wp\/v2\/users\/6"}],"replies":[{"embeddable":true,"href":"http:\/\/folhadosudeste.com\/site\/index.php?rest_route=%2Fwp%2Fv2%2Fcomments&post=52132"}],"version-history":[{"count":1,"href":"http:\/\/folhadosudeste.com\/site\/index.php?rest_route=\/wp\/v2\/posts\/52132\/revisions"}],"predecessor-version":[{"id":52134,"href":"http:\/\/folhadosudeste.com\/site\/index.php?rest_route=\/wp\/v2\/posts\/52132\/revisions\/52134"}],"wp:featuredmedia":[{"embeddable":true,"href":"http:\/\/folhadosudeste.com\/site\/index.php?rest_route=\/wp\/v2\/media\/52133"}],"wp:attachment":[{"href":"http:\/\/folhadosudeste.com\/site\/index.php?rest_route=%2Fwp%2Fv2%2Fmedia&parent=52132"}],"wp:term":[{"taxonomy":"category","embeddable":true,"href":"http:\/\/folhadosudeste.com\/site\/index.php?rest_route=%2Fwp%2Fv2%2Fcategories&post=52132"},{"taxonomy":"post_tag","embeddable":true,"href":"http:\/\/folhadosudeste.com\/site\/index.php?rest_route=%2Fwp%2Fv2%2Ftags&post=52132"}],"curies":[{"name":"wp","href":"https:\/\/api.w.org\/{rel}","templated":true}]}}