{"id":52135,"date":"2018-04-04T19:51:11","date_gmt":"2018-04-04T19:51:11","guid":{"rendered":"http:\/\/folhadosudeste.com\/site\/?p=52135"},"modified":"2018-04-12T16:23:05","modified_gmt":"2018-04-12T16:23:05","slug":"escritora-valeria-fernandes-da-detalhes-sobre-seu-novo-livro-infantil","status":"publish","type":"post","link":"http:\/\/folhadosudeste.com\/site\/?p=52135","title":{"rendered":"Escritora Val\u00e9ria Fernandes fala sobre seu novo livro infantil \u201cO Mundo Ploc de Pedro\u201d"},"content":{"rendered":"<p><a href=\"http:\/\/folhadosudeste.com\/site\/wp-content\/uploads\/2018\/04\/valeria.jpeg\"><img loading=\"lazy\" decoding=\"async\" class=\"alignnone wp-image-52570 size-full\" src=\"http:\/\/folhadosudeste.com\/site\/wp-content\/uploads\/2018\/04\/valeria.jpeg\" alt=\"\" width=\"1280\" height=\"720\" srcset=\"http:\/\/folhadosudeste.com\/site\/wp-content\/uploads\/2018\/04\/valeria.jpeg 1280w, http:\/\/folhadosudeste.com\/site\/wp-content\/uploads\/2018\/04\/valeria-300x169.jpeg 300w, http:\/\/folhadosudeste.com\/site\/wp-content\/uploads\/2018\/04\/valeria-768x432.jpeg 768w, http:\/\/folhadosudeste.com\/site\/wp-content\/uploads\/2018\/04\/valeria-1024x576.jpeg 1024w\" sizes=\"auto, (max-width: 1280px) 100vw, 1280px\" \/><\/a><\/p>\n<p>Em comemora\u00e7\u00e3o ao Dia Internacional do Livro Infantil, celebrado em 2 de abril, a escritora, professora, pedagoga e ex-presidente da AMLE (Academia Muriaeense de Letras), Val\u00e9ria Cristina Monteiro de Barros Fernandes, concedeu entrevista \u00e0 nossa reda\u00e7\u00e3o sobre seu novo livro voltado ao p\u00fablico infanto-juvenil, \u201cO Mundo Ploc de Pedro\u201d, lan\u00e7ado no \u00faltimo dia 24 na sede da AMLE. A obra apresenta uma abordagem educativa sobre as crian\u00e7as com transtorno de espectro autista e toda a renda arrecadada no lan\u00e7amento do livro em Muria\u00e9 foi destinada \u00e0 Escola Estadual Jo\u00e3o Alves Bittencourt Sobrinho, em Bom Jesus da Cachoeira.<\/p>\n<p>&nbsp;<\/p>\n<p>JFdS: Como surgiu a iniciativa de se tornar escritora infantil?<\/p>\n<p>VCF: Tem muito a ver com o campo de trabalho em que eu estive a vida inteira, a educa\u00e7\u00e3o. Eu acredito muito no poder que a crian\u00e7a tem de ajudar a reinventar esse mundo. Toda semente que se joga nesse terreno da literatura infantil floresce com muita propriedade. \u00c9 algo para o qual eu sempre estive muito atenta, pelo retorno que d\u00e1 e por acreditar que a crian\u00e7a tem um cora\u00e7\u00e3o mais puro e aceita com mais facilidade as coisas que colocamos. Por isso que eu, geralmente, opto pela literatura infantil, apesar de ter tamb\u00e9m produ\u00e7\u00e3o em v\u00e1rios p\u00fablicos.<\/p>\n<p>&nbsp;<\/p>\n<p>JFdS: Como avalia a import\u00e2ncia da exist\u00eancia de uma literatura voltada para crian\u00e7as?<\/p>\n<p>VCF: Eu acredito que, quanto mais cedo a leitura chegar no universo do ser humano, mais mudan\u00e7as s\u00e3o aplicadas no nosso meio ambiente. A import\u00e2ncia de estar nesse p\u00fablico \u00e9 justamente porque, com ele, a tend\u00eancia \u00e9 melhorar nosso mundo. A literatura infantil tem um campo muito grande de informa\u00e7\u00f5es, de oferta de conhecimentos e de estrutura de novas frentes de desenvolvimento. Portanto, \u00e9 um campo f\u00e9rtil para essa mudan\u00e7a que queremos, de mentalidade, de comportamento, de entendimento e de valores, sejam eles morais, virtuais, sociais, etc. E hoje a consci\u00eancia das fam\u00edlias mudou muito, porque antigamente havia muita preocupa\u00e7\u00e3o em colocar brinquedos na m\u00e3o da crian\u00e7a. Hoje, ao visitar livrarias, percebe-se o quanto os pais est\u00e3o voltados a incutir nas crian\u00e7as o h\u00e1bito da leitura. Isso \u00e9 muito importante.<\/p>\n<p>&nbsp;<\/p>\n<p>JFdS: Como \u00e9 a situa\u00e7\u00e3o dos alunos e da estrutura da Escola Estadual Jo\u00e3o Alves Bittencourt Sobrinho?<\/p>\n<p>VCF: \u00c9 uma escola pela qual eu tenho um carinho muito especial. Fui diretora dessa institui\u00e7\u00e3o h\u00e1 27 anos, desde quando fiquei gr\u00e1vida do meu primeiro filho. Fui indicada e logo depois passei pelo primeiro processo de sele\u00e7\u00e3o, que era a escolha do diretor pela comunidade escolar. Bom Jesus \u00e9 uma comunidade muito acolhedora, com um povo muito bom de se lidar e atuante na escola. Por\u00e9m, o instituto apresenta muitas dificuldades, assim como a maioria das escolas p\u00fablicas, principalmente as estaduais, que sofrem com atrasos de verba, falta de recursos, etc. Ao ver como a escola estava imbu\u00edda de vontade de melhorar sua estrutura f\u00edsica, resolvi ajudar como um resgate e movida pela saudade de l\u00e1. A iniciativa foi muito bem-vinda. Tivemos excelente retorno. Os cem livros destinados foram vendidos e a renda est\u00e1 muito bem empregada na limpeza e na estrutura f\u00edsica da escola.<\/p>\n<p>&nbsp;<\/p>\n<p>JFdS: Como voc\u00ea tomou a atitude de realizar esse trabalho beneficente?<\/p>\n<p>VCF: A minha iniciativa surgiu a partir de uma postagem feita pelos funcion\u00e1rios da escola no Facebook que mostrava o trabalho que eles estavam desenvolvendo em sua estrutura f\u00edsica. Eu tenho muita gratid\u00e3o por essa institui\u00e7\u00e3o e amizade pela comunidade. A partir desses dois elementos fortes, eu decidi que essa a\u00e7\u00e3o social seria muito bem empregada.<\/p>\n<p>&nbsp;<\/p>\n<p>JFdS: Como se sente ao saber que est\u00e1 ajudando os alunos da escola? Tem alguma mensagem que gostaria de deixar para eles?<\/p>\n<p>VCF: Sinto-me muito grata e honrada e com o esp\u00edrito de paz no meu cora\u00e7\u00e3o. A mensagem que eu deixo para os alunos e tamb\u00e9m para os profissionais \u00e9 que n\u00e3o existe nada mais importante em nossa vida do que fazer o bem. Todo o bem que \u00e9 feito retorna. Esse bem come\u00e7ou a ser feito quando eu entrei na escola, quando eu adquiri essas amizades. E nada disso se perdeu. Com o passar desses 27 anos, continuamos amigos e respons\u00e1veis pelas coisas que plantamos e estamos colhendo agora. E mesmo assim, com todo esse tempo, percebemos que a sementinha que eu coloquei na escola de fazer o bem e procurar o melhor para nossos alunos continua viva.<\/p>\n<p>&nbsp;<\/p>\n<p>JFdS: Voc\u00ea tem algum agradecimento a fazer quanto \u00e0 produ\u00e7\u00e3o do livro?<\/p>\n<p>VCF: Primeiramente eu gostaria de agradecer a Deus, por ter me dado inspira\u00e7\u00e3o de trazer \u00e0 tona a discuss\u00e3o e um pouco de entendimento sobre o autismo. Segundo, \u00e0 minha fam\u00edlia, que sempre foi meu alicerce em todas as situa\u00e7\u00f5es. E tamb\u00e9m a todos os meus amigos, que est\u00e3o me prestigiando e comparecendo aos lan\u00e7amentos. Estamos na terceira etapa do lan\u00e7amento. A primeira ocorreu em Gurupi, no estado de Tocantins; a segunda em Muria\u00e9 e esta semana em Juiz de Fora. Gra\u00e7as a Deus, tem tido um retorno maravilhoso, tanto com a venda como com os <em>feedbacks<\/em> que as pessoas v\u00eam me dando em rela\u00e7\u00e3o ao livro. Foi tudo muito bom.<\/p>\n<p>&nbsp;&nbsp;&nbsp;&nbsp;&nbsp;&nbsp;&nbsp;&nbsp;&nbsp;&nbsp;&nbsp;&nbsp;&nbsp;&nbsp;&nbsp;&nbsp;&nbsp;&nbsp;&nbsp;&nbsp;&nbsp;&nbsp;&nbsp;&nbsp;&nbsp;&nbsp;&nbsp;&nbsp;&nbsp;&nbsp;&nbsp;&nbsp;&nbsp;&nbsp;&nbsp;&nbsp;&nbsp;&nbsp;&nbsp;&nbsp;&nbsp;&nbsp;&nbsp;&nbsp;&nbsp;&nbsp;&nbsp;&nbsp;&nbsp;&nbsp;&nbsp;&nbsp;&nbsp;&nbsp;&nbsp;<\/p>\n<p>JFdS: Deixe uma mensagem para o seu p\u00fablico.<\/p>\n<p>VCF: Todos n\u00f3s somos respons\u00e1veis pelo mundo em que vivemos. Se cada um cuidar do seu entorno, n\u00e3o teremos problema. N\u00f3s temos que aprender a ver, a se sensibilizar, a acreditar nas mudan\u00e7as e a buscar melhorias al\u00e9m da normalidade. Se eu chego a um lugar para prestar um servi\u00e7o, eu posso fazer um pouco mais do que aquilo que me \u00e9 determinado. E esse \u201cpouco mais\u201d muitas vezes est\u00e1 ligado ao olhar e \u00e0 predisposi\u00e7\u00e3o que n\u00f3s temos em ajudar e querer melhorar o ambiente em que estamos atuando.<\/p>\n<p>&nbsp;<\/p>\n<p>&nbsp;<\/p>\n<p>&nbsp;<\/p>\n","protected":false},"excerpt":{"rendered":"<p>Em comemora\u00e7\u00e3o ao Dia Internacional do Livro Infantil, celebrado em 2 de abril, a escritora, professora, pedagoga e ex-presidente da AMLE (Academia Muriaeense de Letras), Val\u00e9ria Cristina Monteiro de Barros Fernandes, concedeu entrevista \u00e0 nossa reda\u00e7\u00e3o sobre seu novo livro voltado ao p\u00fablico infanto-juvenil, \u201cO Mundo Ploc de Pedro\u201d, lan\u00e7ado no \u00faltimo dia 24 na [&hellip;]<\/p>\n","protected":false},"author":6,"featured_media":52139,"comment_status":"open","ping_status":"closed","sticky":false,"template":"","format":"standard","meta":{"_joinchat":[],"footnotes":""},"categories":[1],"tags":[],"class_list":["post-52135","post","type-post","status-publish","format-standard","has-post-thumbnail","hentry","category-sem-categoria"],"_links":{"self":[{"href":"http:\/\/folhadosudeste.com\/site\/index.php?rest_route=\/wp\/v2\/posts\/52135","targetHints":{"allow":["GET"]}}],"collection":[{"href":"http:\/\/folhadosudeste.com\/site\/index.php?rest_route=\/wp\/v2\/posts"}],"about":[{"href":"http:\/\/folhadosudeste.com\/site\/index.php?rest_route=\/wp\/v2\/types\/post"}],"author":[{"embeddable":true,"href":"http:\/\/folhadosudeste.com\/site\/index.php?rest_route=\/wp\/v2\/users\/6"}],"replies":[{"embeddable":true,"href":"http:\/\/folhadosudeste.com\/site\/index.php?rest_route=%2Fwp%2Fv2%2Fcomments&post=52135"}],"version-history":[{"count":9,"href":"http:\/\/folhadosudeste.com\/site\/index.php?rest_route=\/wp\/v2\/posts\/52135\/revisions"}],"predecessor-version":[{"id":52572,"href":"http:\/\/folhadosudeste.com\/site\/index.php?rest_route=\/wp\/v2\/posts\/52135\/revisions\/52572"}],"wp:featuredmedia":[{"embeddable":true,"href":"http:\/\/folhadosudeste.com\/site\/index.php?rest_route=\/wp\/v2\/media\/52139"}],"wp:attachment":[{"href":"http:\/\/folhadosudeste.com\/site\/index.php?rest_route=%2Fwp%2Fv2%2Fmedia&parent=52135"}],"wp:term":[{"taxonomy":"category","embeddable":true,"href":"http:\/\/folhadosudeste.com\/site\/index.php?rest_route=%2Fwp%2Fv2%2Fcategories&post=52135"},{"taxonomy":"post_tag","embeddable":true,"href":"http:\/\/folhadosudeste.com\/site\/index.php?rest_route=%2Fwp%2Fv2%2Ftags&post=52135"}],"curies":[{"name":"wp","href":"https:\/\/api.w.org\/{rel}","templated":true}]}}