{"id":52175,"date":"2018-04-06T15:51:45","date_gmt":"2018-04-06T15:51:45","guid":{"rendered":"http:\/\/folhadosudeste.com\/site\/?p=52175"},"modified":"2018-04-06T15:51:45","modified_gmt":"2018-04-06T15:51:45","slug":"desafios-para-a-inclusao-de-autistas-na-sociedade-brasileira","status":"publish","type":"post","link":"http:\/\/folhadosudeste.com\/site\/?p=52175","title":{"rendered":"Desafios para a inclus\u00e3o de autistas na sociedade brasileira"},"content":{"rendered":"<p><a href=\"http:\/\/folhadosudeste.com\/site\/wp-content\/uploads\/2018\/04\/AUTISMO.jpg\"><img loading=\"lazy\" decoding=\"async\" class=\"aligncenter wp-image-52176 size-full\" src=\"http:\/\/folhadosudeste.com\/site\/wp-content\/uploads\/2018\/04\/AUTISMO.jpg\" alt=\"\" width=\"800\" height=\"600\" srcset=\"http:\/\/folhadosudeste.com\/site\/wp-content\/uploads\/2018\/04\/AUTISMO.jpg 800w, http:\/\/folhadosudeste.com\/site\/wp-content\/uploads\/2018\/04\/AUTISMO-300x225.jpg 300w, http:\/\/folhadosudeste.com\/site\/wp-content\/uploads\/2018\/04\/AUTISMO-768x576.jpg 768w\" sizes=\"auto, (max-width: 800px) 100vw, 800px\" \/><\/a><\/p>\n<p style=\"text-align: justify;\">O Dia Mundial do Autismo \u00e9 comemorado no dia 2 de abril. A data foi criada pela ONU (Organiza\u00e7\u00e3o das Na\u00e7\u00f5es Unidas) com o fito de promover a conscientiza\u00e7\u00e3o coletiva acerca da inclus\u00e3o de autistas \u00e0 sociedade. A partir da compreens\u00e3o da relev\u00e2ncia deste t\u00f3pico em \u00e2mbito social, sugere-se a promo\u00e7\u00e3o de um debate amplo e inclusivo a fim de estimular a abordagem do assunto e minimizar preconceitos relacionados.<\/p>\n<p style=\"text-align: justify;\">O autismo \u00e9 um dist\u00farbio neurol\u00f3gico cong\u00eanito caracterizado pelo comprometimento da intera\u00e7\u00e3o social e que afeta cerca de 70 milh\u00f5es de pessoas em todo o mundo. Os autistas apresentam comportamento restrito e repetitivo e dificuldades quanto \u00e0 comunica\u00e7\u00e3o verbal e n\u00e3o-verbal. A dificuldade de se relacionar com outras pessoas \u00e9 um fator concernente \u00e0 discuss\u00e3o acerca da inclus\u00e3o de autistas \u00e0 \u00e1rea da educa\u00e7\u00e3o e ao mercado de trabalho.<\/p>\n<p style=\"text-align: justify;\">&nbsp;&nbsp;&nbsp;&nbsp;&nbsp;&nbsp;&nbsp;&nbsp;&nbsp;&nbsp;&nbsp; Em virtude da ignor\u00e2ncia popular, grande parte das dificuldades pelas quais um autista passa se baseia em puro preconceito. Falta \u00e0 popula\u00e7\u00e3o conhecimento sobre esta condi\u00e7\u00e3o gen\u00e9tica, o que faz com que a vida do afetado seja influenciada negativamente em grandes propor\u00e7\u00f5es.<\/p>\n<p style=\"text-align: justify;\">Aos pais de crian\u00e7as afetadas pelo autismo, aconselha-se a busca por escolas que apresentem programas eficientes de inclus\u00e3o. Tamb\u00e9m \u00e9 necess\u00e1rio atentar para o tratamento da crian\u00e7a perante os amigos de classe, que deve ser condizente e justo com a sua condi\u00e7\u00e3o de autista, a fim de que sua integra\u00e7\u00e3o \u00e0 turma seja facilitada. Escolas que administram atividades recreativas voltadas para o incentivo de outras formas de aprendizado, como m\u00fasica, artes e dan\u00e7a, tamb\u00e9m s\u00e3o recomendadas, uma vez que, a partir da integra\u00e7\u00e3o da crian\u00e7a a esses exerc\u00edcios, tornar-se mais f\u00e1cil sua intera\u00e7\u00e3o com as outras crian\u00e7as, minimizando preconceitos.<\/p>\n<p style=\"text-align: justify;\">&nbsp;&nbsp;&nbsp;&nbsp;&nbsp;&nbsp;&nbsp;&nbsp;&nbsp;&nbsp;&nbsp; A aten\u00e7\u00e3o advinda dos parentes tamb\u00e9m \u00e9 deveras relevante. Ao interagir com seus familiares, a crian\u00e7a desenvolve no\u00e7\u00f5es de empatia e afetividade, o que facilita a forma\u00e7\u00e3o de sua identidade perante a comunidade. O aprendizado e a pr\u00e1tica de valores contribuem para seu conv\u00edvio social.<\/p>\n<p style=\"text-align: justify;\">&nbsp;&nbsp;&nbsp;&nbsp;&nbsp;&nbsp;&nbsp;&nbsp;&nbsp;&nbsp;&nbsp; A discrimina\u00e7\u00e3o existente no mercado de trabalho tamb\u00e9m \u00e9 outro ponto consider\u00e1vel. A forma como s\u00e3o vistos e tratados em sociedade minimiza as expectativas dos autistas quanto a essa din\u00e2mica social. Reconhecer-se como algu\u00e9m que exerce um of\u00edcio auxilia na plenitude do exerc\u00edcio de cidadania e na forma\u00e7\u00e3o de sua identidade frente \u00e0 sociedade.<\/p>\n<p style=\"text-align: justify;\">&nbsp;&nbsp;&nbsp;&nbsp;&nbsp;&nbsp;&nbsp;&nbsp;&nbsp;&nbsp;&nbsp; A partir da an\u00e1lise do impacto que a tem\u00e1tica em quest\u00e3o apresenta em \u00e2mbito sociol\u00f3gico, sugere-se a cria\u00e7\u00e3o de programas a serem ministrados pelo Minist\u00e9rio da Educa\u00e7\u00e3o que visem \u00e0 conscientiza\u00e7\u00e3o coletiva quanto \u00e0 compreens\u00e3o de que um indiv\u00edduo com autismo \u00e9 um ser humano como qualquer outro, que deve ter sua integridade respeitada e que lhe devem ser oferecidas oportunidades igualit\u00e1rias de ensino e trabalho. Some-se a isso o desenvolvimento de programas sociais em estabelecimentos de ensino voltados para a elabora\u00e7\u00e3o de m\u00e9todos com o objetivo de facilitar a plena inclus\u00e3o do autista ao ambiente escolar.<\/p>\n<p style=\"text-align: justify;\">&nbsp;<\/p>\n<p style=\"text-align: justify;\"><strong>Dia Mundial da Conscientiza\u00e7\u00e3o do Autismo \u00e9 comemorado pela APAE de Muria\u00e9<\/strong><\/p>\n<p style=\"text-align: justify;\">&nbsp;<\/p>\n<p style=\"text-align: justify;\">A APAE de Muria\u00e9 promoveu, na \u00faltima segunda-feira (2), um passeio com seus alunos ao Cristo Redentor de Muria\u00e9 em celebra\u00e7\u00e3o ao Dia Mundial da Conscientiza\u00e7\u00e3o do Autismo. No local, realizaram um lanche e soltaram bal\u00f5es azuis (cor que representa o dist\u00farbio).<\/p>\n<p style=\"text-align: justify;\"><em>\u201cA APAE \u00e9 um centro de refer\u00eancia no atendimento a essas pessoas. Al\u00e9m das defici\u00eancias intelectuais m\u00faltiplas n\u00f3s tamb\u00e9m atendemos autistas. \u00c9 um dia para divulgarmos nosso trabalho e n\u00e3o calarmos nossa voz, e tamb\u00e9m para falarmos sobre essas pessoas que merecem aten\u00e7\u00e3o, respeito e um tratamento digno e correto\u201d<\/em>, disse a psic\u00f3loga Polyana Andrade Carvalho Paiva.<\/p>\n","protected":false},"excerpt":{"rendered":"<p>O Dia Mundial do Autismo \u00e9 comemorado no dia 2 de abril. A data foi criada pela ONU (Organiza\u00e7\u00e3o das Na\u00e7\u00f5es Unidas) com o fito de promover a conscientiza\u00e7\u00e3o coletiva acerca da inclus\u00e3o de autistas \u00e0 sociedade. A partir da compreens\u00e3o da relev\u00e2ncia deste t\u00f3pico em \u00e2mbito social, sugere-se a promo\u00e7\u00e3o de um debate amplo [&hellip;]<\/p>\n","protected":false},"author":6,"featured_media":52176,"comment_status":"open","ping_status":"closed","sticky":false,"template":"","format":"standard","meta":{"_joinchat":[],"footnotes":""},"categories":[1],"tags":[],"class_list":["post-52175","post","type-post","status-publish","format-standard","has-post-thumbnail","hentry","category-sem-categoria"],"_links":{"self":[{"href":"http:\/\/folhadosudeste.com\/site\/index.php?rest_route=\/wp\/v2\/posts\/52175","targetHints":{"allow":["GET"]}}],"collection":[{"href":"http:\/\/folhadosudeste.com\/site\/index.php?rest_route=\/wp\/v2\/posts"}],"about":[{"href":"http:\/\/folhadosudeste.com\/site\/index.php?rest_route=\/wp\/v2\/types\/post"}],"author":[{"embeddable":true,"href":"http:\/\/folhadosudeste.com\/site\/index.php?rest_route=\/wp\/v2\/users\/6"}],"replies":[{"embeddable":true,"href":"http:\/\/folhadosudeste.com\/site\/index.php?rest_route=%2Fwp%2Fv2%2Fcomments&post=52175"}],"version-history":[{"count":1,"href":"http:\/\/folhadosudeste.com\/site\/index.php?rest_route=\/wp\/v2\/posts\/52175\/revisions"}],"predecessor-version":[{"id":52177,"href":"http:\/\/folhadosudeste.com\/site\/index.php?rest_route=\/wp\/v2\/posts\/52175\/revisions\/52177"}],"wp:featuredmedia":[{"embeddable":true,"href":"http:\/\/folhadosudeste.com\/site\/index.php?rest_route=\/wp\/v2\/media\/52176"}],"wp:attachment":[{"href":"http:\/\/folhadosudeste.com\/site\/index.php?rest_route=%2Fwp%2Fv2%2Fmedia&parent=52175"}],"wp:term":[{"taxonomy":"category","embeddable":true,"href":"http:\/\/folhadosudeste.com\/site\/index.php?rest_route=%2Fwp%2Fv2%2Fcategories&post=52175"},{"taxonomy":"post_tag","embeddable":true,"href":"http:\/\/folhadosudeste.com\/site\/index.php?rest_route=%2Fwp%2Fv2%2Ftags&post=52175"}],"curies":[{"name":"wp","href":"https:\/\/api.w.org\/{rel}","templated":true}]}}