{"id":52276,"date":"2018-04-06T16:13:26","date_gmt":"2018-04-06T16:13:26","guid":{"rendered":"http:\/\/folhadosudeste.com\/site\/?p=52276"},"modified":"2018-04-06T16:14:18","modified_gmt":"2018-04-06T16:14:18","slug":"prefeitura-de-rosario-da-limeira-promove-show-com-a-banda-sintaliga-no-sabado-de-aleluia","status":"publish","type":"post","link":"http:\/\/folhadosudeste.com\/site\/?p=52276","title":{"rendered":"Prefeitura de Ros\u00e1rio da Limeira promove show com a Banda Sintaliga no S\u00e1bado de Aleluia"},"content":{"rendered":"<p><a href=\"http:\/\/folhadosudeste.com\/site\/wp-content\/uploads\/2018\/04\/DSC_0457.jpg\"><img loading=\"lazy\" decoding=\"async\" class=\"aligncenter wp-image-52295 size-full\" src=\"http:\/\/folhadosudeste.com\/site\/wp-content\/uploads\/2018\/04\/DSC_0457.jpg\" alt=\"\" width=\"800\" height=\"533\" srcset=\"http:\/\/folhadosudeste.com\/site\/wp-content\/uploads\/2018\/04\/DSC_0457.jpg 800w, http:\/\/folhadosudeste.com\/site\/wp-content\/uploads\/2018\/04\/DSC_0457-300x200.jpg 300w, http:\/\/folhadosudeste.com\/site\/wp-content\/uploads\/2018\/04\/DSC_0457-768x512.jpg 768w\" sizes=\"auto, (max-width: 800px) 100vw, 800px\" \/><\/a><\/p>\n<p style=\"text-align: justify;\">Na noite de s\u00e1bado (31), a Prefeitura de Ros\u00e1rio da Limeira, administra\u00e7\u00e3o 2017\/2020 \u2013 \u201cConstruindo uma Nova Hist\u00f3ria\u201d, promoveu na Pra\u00e7a Nossa Senhora de F\u00e1tima, um show em comemora\u00e7\u00e3o ao S\u00e1bado de Aleluia. O evento teve como atra\u00e7\u00e3o principal, \u00e0 apresenta\u00e7\u00e3o da Banda Sintaliga e um DJ, al\u00e9m da cantora limeirense Ana Luiza Gaudino, que abriu a festa, com sua bela voz, cujo talento foi descoberto pelo prefeito Jos\u00e9 Maria.<\/p>\n<p style=\"text-align: justify;\"><em>\u201cEssa menina \u00e9 filha de uma servidora p\u00fablica que cuida da \u00e1rea da limpeza, tem uma voz linda e toca bem. Eu a conheci tocando ao lado da represa e ent\u00e3o fiquei encantado com sua voz e a convidei. Aqui, em Ros\u00e1rio da Limeira, h\u00e1 alguns jovens que gostam de musica e, todas as vezes que a gente puder contar com eles em algum show, eu vou dar oportunidade. S\u00e3o jovens adolescentes empolgados entrando na juventude e que merecem apoio. Precisamos investir nessa \u00e1rea, de vez em quando, dentro das condi\u00e7\u00f5es dos recursos financeiros, apresenta\u00e7\u00f5es para a comunidade, seja de um show ou outras modalidades, para que as pessoas possam ter um momento de lazer e de descontra\u00e7\u00e3o\u201d<\/em>, disse o prefeito Jos\u00e9 Maria Pinto da Silva, que esteve presente&nbsp; prestigiando o evento.<\/p>\n<p style=\"text-align: justify;\">A popula\u00e7\u00e3o encheu a pra\u00e7a e contribuiu para o sucesso da festa . A vocalista da banda Sintaliga, Cintia Meikiany de Freitas, mostrou-se lisonjeada e feliz pela oportunidade de cantar na cidade. <em>\u201cN\u00e3o tenho nem palavras. Limeira, para mim, \u00e9 uma cidade muito acolhedora. \u00c9 muito gratificante estar aqui hoje com a Sintaliga, minha atual banda de trabalho. Tenho oito anos com eles e, de carreira, tenho quinze. Os integrantes t\u00eam trabalhado bastante. Temos novos focos e buscamos atingir novos p\u00fablicos. Tentamos misturar um pouquinho, trazendo um pouco do forr\u00f3, do romantismo, do funknejo, do sertanejo e daquelas modas bem antigas de raiz para atingir v\u00e1rios p\u00fablicos. Sou bem ecl\u00e9tica e estou muito feliz de estar aqui. N\u00e3o s\u00f3 eu, como toda a Sintaliga. N\u00f3s esperamos fazer um show bacana, e que o povo pe\u00e7a bis. Esse \u00e9 o objetivo do Sintaliga. E eu quero voltar aqui muitas vezes!\u201d<\/em>, disse.<\/p>\n<p style=\"text-align: justify;\">O prefeito tamb\u00e9m discorreu sobre as dificuldades enfrentadas pelo munic\u00edpio no setor financeiro e como isso afeta a promo\u00e7\u00e3o de atividades de lazer, como este evento. <em>\u201cA grande dificuldade \u00e9 que o munic\u00edpio est\u00e1 pagando d\u00edvidas da gest\u00e3o anterior. S\u00e3o d\u00edvidas altas, e estamos em um momento em que o pa\u00eds e o Estado est\u00e3o com total dificuldade para repassar recursos para os projetos apresentados pelos munic\u00edpios. No munic\u00edpio de Ros\u00e1rio da Limeira, j\u00e1 apresentamos v\u00e1rios projetos nas \u00e1reas de constru\u00e7\u00e3o civil, de educa\u00e7\u00e3o e de sa\u00fade. O deputado federal Paulo Abi-Ackel, que esteve aqui h\u00e1 pouco tempo, ajudou-nos com R$390 mil na \u00e1rea de sa\u00fade e agora o nosso deputado Misael Varella nos ajudou com R$200 mil\u201d<\/em>, afirmou.<\/p>\n<p style=\"text-align: justify;\">Os recursos indicados pelo deputado Paulo Abi-Ackel citados pelo prefeito ajudar\u00e3o no atendimento de pessoas mais necessitadas. Al\u00e9m disso, o deputado tamb\u00e9m indicou recursos para a constru\u00e7\u00e3o de cinquenta moradias atrav\u00e9s do programa \u201cMinha Casa Minha Vida\u201d e recomendou R$350 mil a serem usados na \u00e1rea da sa\u00fade ainda neste ano, R$260 mil para asfaltamento e a compra de uma ambul\u00e2ncia nova.<\/p>\n<p style=\"text-align: justify;\"><em>\u201cApesar da arrecada\u00e7\u00e3o destes recursos, n\u00e3o conseguimos nada al\u00e9m disso. Ent\u00e3o n\u00f3s temos hoje em torno de R$500 mil advindos do Estado, mas que n\u00e3o podemos utilizar. Com isso, tudo \u00e9 reduzido, diminuindo a quantidade de obras e minimizando diversas \u00e1reas, como lazer e esporte. Al\u00e9m disso, reduzem-se investimentos que n\u00f3s poder\u00edamos fazer para a associa\u00e7\u00e3o. Ent\u00e3o, \u00e9 com isso que n\u00f3s temos que ter responsabilidade para n\u00e3o continuarmos com um Pa\u00eds, com um Estado e principalmente com munic\u00edpios sem cr\u00e9dito e confian\u00e7a da popula\u00e7\u00e3o. Eu acredito que a povo brasileiro nos cobra como gestores, com uma metodologia nova de gerenciar, e isso vai acontecer porque o brasileiro vem percebendo que os gestores que passaram&nbsp; administraram de forma errada e irrespons\u00e1vel, e agora uma administra\u00e7\u00e3o correta faz falta. Ent\u00e3o, acredito que o povo vai cobrar e apostar em pol\u00edticos conscientes. H\u00e1 um grupo grande deles, que s\u00e3o respons\u00e1veis e merecedores do cargo que ocupam. Contudo, n\u00f3s tivemos governantes cujos atos n\u00e3o foram compat\u00edveis com aquilo que foi prometido para a popula\u00e7\u00e3o.&nbsp; Portanto, n\u00f3s temos o dever de escolher e cobrar dos representantes uma postura de responsabilidade e transpar\u00eancia e uma nova conduta de gest\u00e3o\u201d<\/em>, disse o prefeito.<\/p>\n<p style=\"text-align: justify;\">&nbsp;O prefeito concluiu apresentando uma ferramenta de aproxima\u00e7\u00e3o e envolvimento da popula\u00e7\u00e3o com quest\u00f5es pol\u00edticas relevantes. <em>\u201cEu quero aproveitar para divulgar que n\u00f3s temos um Portal de Transpar\u00eancia do munic\u00edpio a ser visitado pela popula\u00e7\u00e3o, que deve nos alertar com o que precisa realmente ser observado. A transpar\u00eancia \u00e9 uma oportunidade para a popula\u00e7\u00e3o ajudar a apontar caminhos novos e bem sucedidos, como tamb\u00e9m aqueles que carecem de corre\u00e7\u00e3o. Eu dou toda essa abertura para qualquer cidad\u00e3o que \u00e9 contribuinte do nosso sistema federativo, seja limeirense ou n\u00e3o\u201d<\/em>, finalizou.<\/p>\n<p style=\"text-align: justify;\">Durante todo o evento, uma equipe de seguran\u00e7a e da Pol\u00edcia Militar de Ros\u00e1rio da Limeira se fez presente, n\u00e3o sendo registrada nenhuma ocorr\u00eancia.<\/p>\n<p>[ngg_images source=&#8221;galleries&#8221; container_ids=&#8221;1320&#8243; display_type=&#8221;photocrati-nextgen_basic_thumbnails&#8221; override_thumbnail_settings=&#8221;0&#8243; thumbnail_width=&#8221;100&#8243; thumbnail_height=&#8221;75&#8243; thumbnail_crop=&#8221;1&#8243; images_per_page=&#8221;0&#8243; number_of_columns=&#8221;0&#8243; ajax_pagination=&#8221;0&#8243; show_all_in_lightbox=&#8221;0&#8243; use_imagebrowser_effect=&#8221;0&#8243; show_slideshow_link=&#8221;1&#8243; slideshow_link_text=&#8221;[Show as slideshow]&#8221; order_by=&#8221;sortorder&#8221; order_direction=&#8221;ASC&#8221; returns=&#8221;included&#8221; maximum_entity_count=&#8221;500&#8243;]<\/p>\n","protected":false},"excerpt":{"rendered":"<p>Na noite de s\u00e1bado (31), a Prefeitura de Ros\u00e1rio da Limeira, administra\u00e7\u00e3o 2017\/2020 \u2013 \u201cConstruindo uma Nova Hist\u00f3ria\u201d, promoveu na Pra\u00e7a Nossa Senhora de F\u00e1tima, um show em comemora\u00e7\u00e3o ao S\u00e1bado de Aleluia. O evento teve como atra\u00e7\u00e3o principal, \u00e0 apresenta\u00e7\u00e3o da Banda Sintaliga e um DJ, al\u00e9m da cantora limeirense Ana Luiza Gaudino, que [&hellip;]<\/p>\n","protected":false},"author":6,"featured_media":52295,"comment_status":"open","ping_status":"closed","sticky":false,"template":"","format":"standard","meta":{"_joinchat":[],"footnotes":""},"categories":[1],"tags":[],"class_list":["post-52276","post","type-post","status-publish","format-standard","has-post-thumbnail","hentry","category-sem-categoria"],"_links":{"self":[{"href":"http:\/\/folhadosudeste.com\/site\/index.php?rest_route=\/wp\/v2\/posts\/52276","targetHints":{"allow":["GET"]}}],"collection":[{"href":"http:\/\/folhadosudeste.com\/site\/index.php?rest_route=\/wp\/v2\/posts"}],"about":[{"href":"http:\/\/folhadosudeste.com\/site\/index.php?rest_route=\/wp\/v2\/types\/post"}],"author":[{"embeddable":true,"href":"http:\/\/folhadosudeste.com\/site\/index.php?rest_route=\/wp\/v2\/users\/6"}],"replies":[{"embeddable":true,"href":"http:\/\/folhadosudeste.com\/site\/index.php?rest_route=%2Fwp%2Fv2%2Fcomments&post=52276"}],"version-history":[{"count":1,"href":"http:\/\/folhadosudeste.com\/site\/index.php?rest_route=\/wp\/v2\/posts\/52276\/revisions"}],"predecessor-version":[{"id":52400,"href":"http:\/\/folhadosudeste.com\/site\/index.php?rest_route=\/wp\/v2\/posts\/52276\/revisions\/52400"}],"wp:featuredmedia":[{"embeddable":true,"href":"http:\/\/folhadosudeste.com\/site\/index.php?rest_route=\/wp\/v2\/media\/52295"}],"wp:attachment":[{"href":"http:\/\/folhadosudeste.com\/site\/index.php?rest_route=%2Fwp%2Fv2%2Fmedia&parent=52276"}],"wp:term":[{"taxonomy":"category","embeddable":true,"href":"http:\/\/folhadosudeste.com\/site\/index.php?rest_route=%2Fwp%2Fv2%2Fcategories&post=52276"},{"taxonomy":"post_tag","embeddable":true,"href":"http:\/\/folhadosudeste.com\/site\/index.php?rest_route=%2Fwp%2Fv2%2Ftags&post=52276"}],"curies":[{"name":"wp","href":"https:\/\/api.w.org\/{rel}","templated":true}]}}