{"id":52418,"date":"2018-04-06T16:20:14","date_gmt":"2018-04-06T16:20:14","guid":{"rendered":"http:\/\/folhadosudeste.com\/site\/?p=52418"},"modified":"2018-04-06T16:20:14","modified_gmt":"2018-04-06T16:20:14","slug":"igreja-sagrado-coracao-de-jesus-promove-encenacao-da-paixao-e-morte-de-cristo","status":"publish","type":"post","link":"http:\/\/folhadosudeste.com\/site\/?p=52418","title":{"rendered":"Igreja Sagrado Cora\u00e7\u00e3o de Jesus promove Encena\u00e7\u00e3o da Paix\u00e3o e Morte de Cristo"},"content":{"rendered":"<p><a href=\"http:\/\/folhadosudeste.com\/site\/wp-content\/uploads\/2018\/04\/DSC_0193.jpg\"><img loading=\"lazy\" decoding=\"async\" class=\"aligncenter wp-image-52426 size-full\" src=\"http:\/\/folhadosudeste.com\/site\/wp-content\/uploads\/2018\/04\/DSC_0193.jpg\" alt=\"\" width=\"800\" height=\"533\" srcset=\"http:\/\/folhadosudeste.com\/site\/wp-content\/uploads\/2018\/04\/DSC_0193.jpg 800w, http:\/\/folhadosudeste.com\/site\/wp-content\/uploads\/2018\/04\/DSC_0193-300x200.jpg 300w, http:\/\/folhadosudeste.com\/site\/wp-content\/uploads\/2018\/04\/DSC_0193-768x512.jpg 768w\" sizes=\"auto, (max-width: 800px) 100vw, 800px\" \/><\/a><\/p>\n<p style=\"text-align: justify;\">Foi realizada na Sexta Feira Santa, 30 de mar\u00e7o, organizado pela Igreja Sagrado Cora\u00e7\u00e3o de Jesus, a encena\u00e7\u00e3o da Paix\u00e3o e Morte de Cristo no bairro S\u00e3o Joaquim pelo terceiro ano consecutivo. O evento teve como objetivo celebrar as festividades relacionadas \u00e0 Semana Santa e retratar as situa\u00e7\u00f5es enfrentadas por Jesus Cristo \u00e0 \u00e9poca de sua crucifica\u00e7\u00e3o. A homilia foi celebrada pelo o P\u00e1roco da Matriz Sagrado Cora\u00e7\u00e3o- Dornelas, Pe. Adilson Nery.<\/p>\n<p style=\"text-align: justify;\">Darlon de Oliveira Santos, coordenador da Comunidade Sagrado Cora\u00e7\u00e3o de Jesus, expressou sua gratid\u00e3o e agradeceu \u00e0 integra\u00e7\u00e3o da comunidade na realiza\u00e7\u00e3o do projeto. <em>\u201cGra\u00e7as a Deus, com a colabora\u00e7\u00e3o de todos, o apoio da Matriz no Dornelas e o incentivo do Padre Adilson, conseguimos mostrar o Cristo morto na cruz, mas ressuscitado ao terceiro dia. Temos nos empenhado para fazer o melhor para o crescimento da Comunidade. A encena\u00e7\u00e3o est\u00e1, inclusive, relacionada ao tema da Campanha da Fraternidade, que vem retratando a viol\u00eancia. Cristo crucificado representa tantos irm\u00e3os nossos que est\u00e3o pregados na cruz, mortos pela viol\u00eancia, pela trag\u00e9dia e pela falta de amor do ser humano. P\u00e1scoa significa celebrar a Ressurrei\u00e7\u00e3o de Cristo, que morreu na cruz por n\u00f3s. Quando tudo parecia estar acabado, ressuscitou ao terceiro dia, trazendo esperan\u00e7a de dias melhores, de paz e de amor no cora\u00e7\u00e3o do ser humano\u201d<\/em>, disse.<\/p>\n<p style=\"text-align: justify;\">&nbsp;&nbsp;&nbsp;&nbsp;&nbsp;&nbsp;&nbsp;&nbsp;&nbsp;&nbsp;&nbsp; A coordenadora do evento, Lol\u00f4 Dornelas, explicou o significado do evento e como se d\u00e1 a integra\u00e7\u00e3o da par\u00f3quia para a realiza\u00e7\u00e3o deste projeto. <em>\u201cPara mim, \u00e9 sempre uma alegria, porque servir a Deus \u00e9 um dever do crist\u00e3o. N\u00f3s temos muita experi\u00eancia. Antes, essa Encena\u00e7\u00e3o ocorria no Parque de Exposi\u00e7\u00f5es Lael Varella, e h\u00e1 tr\u00eas anos fazemos aqui no S\u00e3o Joaquim. \u00c9 uma dimens\u00e3o completamente diferente. Encontramos muito apoio das quatro comunidades que se unem: S\u00e3o Joaquim, Joan\u00f3polis, Santana e Cardoso de Melo. No Dornelas, est\u00e1 localizada a Matriz Sagrado Cora\u00e7\u00e3o, ent\u00e3o o povo se empolga, participa e faz o bem. \u00c9 um momento muito forte e significativo de viv\u00eancia crist\u00e3, porque n\u00f3s presenciamos o que Cristo vivenciou com o objetivo de nos salvar. \u00c9 uma proclama\u00e7\u00e3o do Evangelho de Jo\u00e3o, que relata muito bem essa viv\u00eancia de Cristo nesse momento de dor e paix\u00e3o. Aqui, no S\u00e3o Joaquim, s\u00e3o 50 atores, al\u00e9m das crian\u00e7as e das pessoas que trabalham na organiza\u00e7\u00e3o, na estrutura e na ilumina\u00e7\u00e3o. Eu me sinto muito feliz de ajudar, porque isso faz bem para a vida, para a sa\u00fade e para a alma\u201d<\/em>, contou.<\/p>\n<p style=\"text-align: justify;\">&nbsp;&nbsp;&nbsp;&nbsp;&nbsp;&nbsp;&nbsp;&nbsp;&nbsp;&nbsp;&nbsp; Sebasti\u00e3o Jos\u00e9, ator respons\u00e1vel por interpretar Jesus, tamb\u00e9m expressou suas palavras sobre interpretar Cristo em sua crucifica\u00e7\u00e3o. <em>\u201cFico muito satisfeito e alegre por representar Jesus, sentindo na pele o que Ele sentiu. Para n\u00f3s, que somos cat\u00f3licos, \u00e9 um exemplo de f\u00e9 muito grande. Precisamos acreditar e saber que isso \u00e9 ver\u00eddico e Ele est\u00e1 vivo entre n\u00f3s. Todo dia Jesus faz alguma coisa por cada um de n\u00f3s. Portanto, acho que dever\u00edamos ser mais gratos e confiantes e ter muito mais f\u00e9\u201d<\/em>, concluiu.<\/p>\n<p style=\"text-align: justify;\">&nbsp;&nbsp;&nbsp;&nbsp;&nbsp;&nbsp;&nbsp;&nbsp;&nbsp;&nbsp; Logo ap\u00f3s o descerramento da Cruz, os fieis seguiram em prociss\u00e3o com o Senhor Morto at\u00e9 a Matriz no Dornelas, onde ent\u00e3o aconteceu o encerramento pelo o Pe. Adilson.<\/p>\n<p><a href=\"http:\/\/folhadosudeste.com\/site\/wp-content\/uploads\/2018\/04\/DSC_0109.jpg\"><img loading=\"lazy\" decoding=\"async\" class=\"alignnone size-medium wp-image-52435\" src=\"http:\/\/folhadosudeste.com\/site\/wp-content\/uploads\/2018\/04\/DSC_0109-300x200.jpg\" alt=\"\" width=\"300\" height=\"200\" srcset=\"http:\/\/folhadosudeste.com\/site\/wp-content\/uploads\/2018\/04\/DSC_0109-300x200.jpg 300w, http:\/\/folhadosudeste.com\/site\/wp-content\/uploads\/2018\/04\/DSC_0109-768x512.jpg 768w, http:\/\/folhadosudeste.com\/site\/wp-content\/uploads\/2018\/04\/DSC_0109.jpg 800w\" sizes=\"auto, (max-width: 300px) 100vw, 300px\" \/><\/a> <a href=\"http:\/\/folhadosudeste.com\/site\/wp-content\/uploads\/2018\/04\/DSC_0136.jpg\"><img loading=\"lazy\" decoding=\"async\" class=\"alignnone size-medium wp-image-52446\" src=\"http:\/\/folhadosudeste.com\/site\/wp-content\/uploads\/2018\/04\/DSC_0136-300x200.jpg\" alt=\"\" width=\"300\" height=\"200\" srcset=\"http:\/\/folhadosudeste.com\/site\/wp-content\/uploads\/2018\/04\/DSC_0136-300x200.jpg 300w, http:\/\/folhadosudeste.com\/site\/wp-content\/uploads\/2018\/04\/DSC_0136-768x512.jpg 768w, http:\/\/folhadosudeste.com\/site\/wp-content\/uploads\/2018\/04\/DSC_0136.jpg 800w\" sizes=\"auto, (max-width: 300px) 100vw, 300px\" \/><\/a> <a href=\"http:\/\/folhadosudeste.com\/site\/wp-content\/uploads\/2018\/04\/DSC_0146.jpg\"><img loading=\"lazy\" decoding=\"async\" class=\"alignnone size-medium wp-image-52452\" src=\"http:\/\/folhadosudeste.com\/site\/wp-content\/uploads\/2018\/04\/DSC_0146-300x200.jpg\" alt=\"\" width=\"300\" height=\"200\" srcset=\"http:\/\/folhadosudeste.com\/site\/wp-content\/uploads\/2018\/04\/DSC_0146-300x200.jpg 300w, http:\/\/folhadosudeste.com\/site\/wp-content\/uploads\/2018\/04\/DSC_0146-768x512.jpg 768w, http:\/\/folhadosudeste.com\/site\/wp-content\/uploads\/2018\/04\/DSC_0146.jpg 800w\" sizes=\"auto, (max-width: 300px) 100vw, 300px\" \/><\/a> <a href=\"http:\/\/folhadosudeste.com\/site\/wp-content\/uploads\/2018\/04\/DSC_0159.jpg\"><img loading=\"lazy\" decoding=\"async\" class=\"alignnone size-medium wp-image-52460\" src=\"http:\/\/folhadosudeste.com\/site\/wp-content\/uploads\/2018\/04\/DSC_0159-300x200.jpg\" alt=\"\" width=\"300\" height=\"200\" srcset=\"http:\/\/folhadosudeste.com\/site\/wp-content\/uploads\/2018\/04\/DSC_0159-300x200.jpg 300w, http:\/\/folhadosudeste.com\/site\/wp-content\/uploads\/2018\/04\/DSC_0159-768x512.jpg 768w, http:\/\/folhadosudeste.com\/site\/wp-content\/uploads\/2018\/04\/DSC_0159.jpg 800w\" sizes=\"auto, (max-width: 300px) 100vw, 300px\" \/><\/a> <a href=\"http:\/\/folhadosudeste.com\/site\/wp-content\/uploads\/2018\/04\/DSC_0167.jpg\"><img loading=\"lazy\" decoding=\"async\" class=\"alignnone size-medium wp-image-52468\" src=\"http:\/\/folhadosudeste.com\/site\/wp-content\/uploads\/2018\/04\/DSC_0167-300x200.jpg\" alt=\"\" width=\"300\" height=\"200\" srcset=\"http:\/\/folhadosudeste.com\/site\/wp-content\/uploads\/2018\/04\/DSC_0167-300x200.jpg 300w, http:\/\/folhadosudeste.com\/site\/wp-content\/uploads\/2018\/04\/DSC_0167-768x512.jpg 768w, http:\/\/folhadosudeste.com\/site\/wp-content\/uploads\/2018\/04\/DSC_0167.jpg 800w\" sizes=\"auto, (max-width: 300px) 100vw, 300px\" \/><\/a> <a href=\"http:\/\/folhadosudeste.com\/site\/wp-content\/uploads\/2018\/04\/DSC_0183.jpg\"><img loading=\"lazy\" decoding=\"async\" class=\"alignnone size-medium wp-image-52474\" src=\"http:\/\/folhadosudeste.com\/site\/wp-content\/uploads\/2018\/04\/DSC_0183-300x200.jpg\" alt=\"\" width=\"300\" height=\"200\" srcset=\"http:\/\/folhadosudeste.com\/site\/wp-content\/uploads\/2018\/04\/DSC_0183-300x200.jpg 300w, http:\/\/folhadosudeste.com\/site\/wp-content\/uploads\/2018\/04\/DSC_0183-768x512.jpg 768w, http:\/\/folhadosudeste.com\/site\/wp-content\/uploads\/2018\/04\/DSC_0183.jpg 800w\" sizes=\"auto, (max-width: 300px) 100vw, 300px\" \/><\/a> <a href=\"http:\/\/folhadosudeste.com\/site\/wp-content\/uploads\/2018\/04\/DSC_0193-1.jpg\"><img loading=\"lazy\" decoding=\"async\" class=\"alignnone size-medium wp-image-52481\" src=\"http:\/\/folhadosudeste.com\/site\/wp-content\/uploads\/2018\/04\/DSC_0193-1-300x200.jpg\" alt=\"\" width=\"300\" height=\"200\" srcset=\"http:\/\/folhadosudeste.com\/site\/wp-content\/uploads\/2018\/04\/DSC_0193-1-300x200.jpg 300w, http:\/\/folhadosudeste.com\/site\/wp-content\/uploads\/2018\/04\/DSC_0193-1-768x512.jpg 768w, http:\/\/folhadosudeste.com\/site\/wp-content\/uploads\/2018\/04\/DSC_0193-1.jpg 800w\" sizes=\"auto, (max-width: 300px) 100vw, 300px\" \/><\/a> <a href=\"http:\/\/folhadosudeste.com\/site\/wp-content\/uploads\/2018\/04\/DSC_0210.jpg\"><img loading=\"lazy\" decoding=\"async\" class=\"alignnone size-medium wp-image-52486\" src=\"http:\/\/folhadosudeste.com\/site\/wp-content\/uploads\/2018\/04\/DSC_0210-300x200.jpg\" alt=\"\" width=\"300\" height=\"200\" srcset=\"http:\/\/folhadosudeste.com\/site\/wp-content\/uploads\/2018\/04\/DSC_0210-300x200.jpg 300w, http:\/\/folhadosudeste.com\/site\/wp-content\/uploads\/2018\/04\/DSC_0210-768x512.jpg 768w, http:\/\/folhadosudeste.com\/site\/wp-content\/uploads\/2018\/04\/DSC_0210.jpg 800w\" sizes=\"auto, (max-width: 300px) 100vw, 300px\" \/><\/a><\/p>\n","protected":false},"excerpt":{"rendered":"<p>Foi realizada na Sexta Feira Santa, 30 de mar\u00e7o, organizado pela Igreja Sagrado Cora\u00e7\u00e3o de Jesus, a encena\u00e7\u00e3o da Paix\u00e3o e Morte de Cristo no bairro S\u00e3o Joaquim pelo terceiro ano consecutivo. O evento teve como objetivo celebrar as festividades relacionadas \u00e0 Semana Santa e retratar as situa\u00e7\u00f5es enfrentadas por Jesus Cristo \u00e0 \u00e9poca de [&hellip;]<\/p>\n","protected":false},"author":6,"featured_media":52481,"comment_status":"open","ping_status":"closed","sticky":false,"template":"","format":"standard","meta":{"_joinchat":[],"footnotes":""},"categories":[1],"tags":[],"class_list":["post-52418","post","type-post","status-publish","format-standard","has-post-thumbnail","hentry","category-sem-categoria"],"_links":{"self":[{"href":"http:\/\/folhadosudeste.com\/site\/index.php?rest_route=\/wp\/v2\/posts\/52418","targetHints":{"allow":["GET"]}}],"collection":[{"href":"http:\/\/folhadosudeste.com\/site\/index.php?rest_route=\/wp\/v2\/posts"}],"about":[{"href":"http:\/\/folhadosudeste.com\/site\/index.php?rest_route=\/wp\/v2\/types\/post"}],"author":[{"embeddable":true,"href":"http:\/\/folhadosudeste.com\/site\/index.php?rest_route=\/wp\/v2\/users\/6"}],"replies":[{"embeddable":true,"href":"http:\/\/folhadosudeste.com\/site\/index.php?rest_route=%2Fwp%2Fv2%2Fcomments&post=52418"}],"version-history":[{"count":1,"href":"http:\/\/folhadosudeste.com\/site\/index.php?rest_route=\/wp\/v2\/posts\/52418\/revisions"}],"predecessor-version":[{"id":52495,"href":"http:\/\/folhadosudeste.com\/site\/index.php?rest_route=\/wp\/v2\/posts\/52418\/revisions\/52495"}],"wp:featuredmedia":[{"embeddable":true,"href":"http:\/\/folhadosudeste.com\/site\/index.php?rest_route=\/wp\/v2\/media\/52481"}],"wp:attachment":[{"href":"http:\/\/folhadosudeste.com\/site\/index.php?rest_route=%2Fwp%2Fv2%2Fmedia&parent=52418"}],"wp:term":[{"taxonomy":"category","embeddable":true,"href":"http:\/\/folhadosudeste.com\/site\/index.php?rest_route=%2Fwp%2Fv2%2Fcategories&post=52418"},{"taxonomy":"post_tag","embeddable":true,"href":"http:\/\/folhadosudeste.com\/site\/index.php?rest_route=%2Fwp%2Fv2%2Ftags&post=52418"}],"curies":[{"name":"wp","href":"https:\/\/api.w.org\/{rel}","templated":true}]}}