{"id":52530,"date":"2018-04-09T19:38:38","date_gmt":"2018-04-09T19:38:38","guid":{"rendered":"http:\/\/folhadosudeste.com\/site\/?p=52530"},"modified":"2018-04-09T19:38:38","modified_gmt":"2018-04-09T19:38:38","slug":"inscricoes-de-processo-seletivo-para-trabalho-na-assistencia-social-terminam-na-quinta-feira","status":"publish","type":"post","link":"http:\/\/folhadosudeste.com\/site\/?p=52530","title":{"rendered":"Inscri\u00e7\u00f5es de processo seletivo para trabalho na assist\u00eancia social terminam na quinta-feira"},"content":{"rendered":"<p><a href=\"http:\/\/folhadosudeste.com\/site\/wp-content\/uploads\/2018\/04\/Processo-seletivo.jpg\"><img loading=\"lazy\" decoding=\"async\" class=\"aligncenter wp-image-52531 size-large\" src=\"http:\/\/folhadosudeste.com\/site\/wp-content\/uploads\/2018\/04\/Processo-seletivo-1024x683.jpg\" alt=\"\" width=\"620\" height=\"414\" srcset=\"http:\/\/folhadosudeste.com\/site\/wp-content\/uploads\/2018\/04\/Processo-seletivo-1024x683.jpg 1024w, http:\/\/folhadosudeste.com\/site\/wp-content\/uploads\/2018\/04\/Processo-seletivo-300x200.jpg 300w, http:\/\/folhadosudeste.com\/site\/wp-content\/uploads\/2018\/04\/Processo-seletivo-768x512.jpg 768w, http:\/\/folhadosudeste.com\/site\/wp-content\/uploads\/2018\/04\/Processo-seletivo-290x195.jpg 290w, http:\/\/folhadosudeste.com\/site\/wp-content\/uploads\/2018\/04\/Processo-seletivo.jpg 1920w\" sizes=\"auto, (max-width: 620px) 100vw, 620px\" \/><\/a><\/p>\n<p class=\"m_4829978751292856960gmail-MsoNoSpacing\" style=\"text-align: justify;\"><i>Profissionais de Servi\u00e7o Social ou Psicologia v\u00e3o auxiliar setores de Cadastro \u00danico e Bolsa Fam\u00edlia na Prefeitura<\/i><\/p>\n<p class=\"m_4829978751292856960gmail-MsoNoSpacing\" style=\"text-align: justify;\">&nbsp;<\/p>\n<p class=\"m_4829978751292856960gmail-MsoNoSpacing\" style=\"text-align: justify;\">Os interessados em participar do processo seletivo para trabalho na assist\u00eancia social t\u00eam at\u00e9 a pr\u00f3xima quinta-feira (12) para fazer a inscri\u00e7\u00e3o. Est\u00e1 sendo oferecida uma vaga mais cadastro de reserva para profissionais de n\u00edvel superior em Servi\u00e7o Social ou Psicologia. Eles v\u00e3o atuar no Cadastro \u00danico para Programas Sociais do Governo Federal e Bolsa Fam\u00edlia na Prefeitura, auxiliando os muriaeenses que precisam de assist\u00eancia.<\/p>\n<p class=\"m_4829978751292856960gmail-MsoNoSpacing\" style=\"text-align: justify;\">&nbsp;<\/p>\n<p class=\"m_4829978751292856960gmail-MsoNoSpacing\" style=\"text-align: justify;\">As inscri\u00e7\u00f5es s\u00e3o gratuitas e devem ser feitas presencialmente na Secretaria Municipal de Desenvolvimento Social, localizada no primeiro andar do Centro Administrativo, das 13h \u00e0s 16h. O edital pode ser conferido no site da Prefeitura (<a href=\"http:\/\/www.muriae.mg.gov.br\/\" target=\"_blank\" rel=\"noopener\" data-saferedirecturl=\"https:\/\/www.google.com\/url?hl=pt-BR&amp;q=http:\/\/www.muriae.mg.gov.br&amp;source=gmail&amp;ust=1523371378850000&amp;usg=AFQjCNEU_JL0ZftwZJdgTREh6sUNVO592A\">www.muriae.mg.gov.br<\/a>, no link \u201cCidad\u00e3o\u201d, aba \u201cProcessos Seletivos\u201d).<\/p>\n<p class=\"m_4829978751292856960gmail-MsoNoSpacing\" style=\"text-align: justify;\">&nbsp;<\/p>\n<p class=\"m_4829978751292856960gmail-MsoNoSpacing\" style=\"text-align: justify;\">A prova objetiva (de car\u00e1ter classificat\u00f3rio e eliminat\u00f3rio) acontecer\u00e1 dia 20 deste m\u00eas, em local e hor\u00e1rio ainda a serem definidos. J\u00e1 a segunda etapa do processo seletivo, que compreende a qualifica\u00e7\u00e3o t\u00e9cnica (de car\u00e1ter classificat\u00f3rio), com a an\u00e1lise de curr\u00edculo e tempo de experi\u00eancia na \u00e1rea, ser\u00e1 dia 26 de abril. Com jornada de 40h semanais, o profissional receber\u00e1 remunera\u00e7\u00e3o correspondente ao valor de R$ R$ 1.991,48.<\/p>\n<p class=\"m_4829978751292856960gmail-MsoNoSpacing\" style=\"text-align: justify;\">&nbsp;<\/p>\n<p class=\"m_4829978751292856960gmail-MsoNoSpacing\" style=\"text-align: justify;\"><b>Inscri\u00e7\u00f5es para processo seletivo:<\/b><\/p>\n<p class=\"m_4829978751292856960gmail-MsoNoSpacing\" style=\"text-align: justify;\">Prazo: at\u00e9 12 de abril (pr\u00f3xima quinta-feira)<\/p>\n<p class=\"m_4829978751292856960gmail-MsoNoSpacing\" style=\"text-align: justify;\">Local: Secretaria Municipal de Desenvolvimento Social, localizada no primeiro andar do Centro Administrativo<\/p>\n<p class=\"m_4829978751292856960gmail-MsoNoSpacing\" style=\"text-align: justify;\">Hor\u00e1rio: das 13h \u00e0s 16h<\/p>\n<p class=\"m_4829978751292856960gmail-MsoNoSpacing\" style=\"text-align: justify;\">Podem participar: profissionais formados em Psicologia ou Servi\u00e7o Social<\/p>\n<p class=\"m_4829978751292856960gmail-MsoNoSpacing\" style=\"text-align: justify;\">Site para conferir edital:&nbsp;<a href=\"http:\/\/www.muriae.mg.gov.br\/\" target=\"_blank\" rel=\"noopener\" data-saferedirecturl=\"https:\/\/www.google.com\/url?hl=pt-BR&amp;q=http:\/\/www.muriae.mg.gov.br&amp;source=gmail&amp;ust=1523371378850000&amp;usg=AFQjCNEU_JL0ZftwZJdgTREh6sUNVO592A\">www.muriae.mg.gov.br<\/a>, no link \u201cCidad\u00e3o\u201d, aba \u201cProcessos Seletivos\u201d<\/p>\n<p class=\"m_4829978751292856960gmail-MsoNoSpacing\" style=\"text-align: justify;\">Inscri\u00e7\u00f5es gratuitas<\/p>\n<p class=\"m_4829978751292856960gmail-MsoNoSpacing\" style=\"text-align: justify;\">&nbsp;<\/p>\n<p class=\"m_4829978751292856960gmail-MsoNoSpacing\" style=\"text-align: justify;\"><b>Documentos para inscri\u00e7\u00e3o:<\/b><\/p>\n<p class=\"m_4829978751292856960gmail-MsoNoSpacing\" style=\"text-align: justify;\">\u2013 Formul\u00e1rio de inscri\u00e7\u00e3o (anexo III do edital)<\/p>\n<p class=\"m_4829978751292856960gmail-MsoNoSpacing\" style=\"text-align: justify;\">\u2013 C\u00f3pia de documento de identidade<\/p>\n<p class=\"m_4829978751292856960gmail-MsoNoSpacing\" style=\"text-align: justify;\">\u2013 C\u00f3pia do CPF (quando n\u00e3o constar do documento de identidade), ou do comprovante de inscri\u00e7\u00e3o no CPF, impresso a partir do endere\u00e7o eletr\u00f4nico da Secretaria da Receita Federal do Brasil ou emitido pela entidade conveniada<\/p>\n<p class=\"m_4829978751292856960gmail-MsoNoSpacing\" style=\"text-align: justify;\">\u2013 C\u00f3pia do comprovante de resid\u00eancia atualizado (\u00faltimos 90 dias)<\/p>\n<p class=\"m_4829978751292856960gmail-MsoNoSpacing\" style=\"text-align: justify;\">\u2013 Comprovante de conclus\u00e3o de curso de gradua\u00e7\u00e3o em Psicologia ou Servi\u00e7o Social, acompanhado do hist\u00f3rico, que dever\u00e1 ser expedido por institui\u00e7\u00e3o de ensino reconhecida pelo MEC (somente ser\u00e3o aceitas certid\u00f5es ou declara\u00e7\u00f5es nas quais constem o nome da institui\u00e7\u00e3o, assinatura e carimbo do representante da institui\u00e7\u00e3o de ensino, o nome do curso, a data de conclus\u00e3o e a carga hor\u00e1ria total)<\/p>\n<p class=\"m_4829978751292856960gmail-MsoNoSpacing\" style=\"text-align: justify;\">\u2013 C\u00f3pia da comprova\u00e7\u00e3o de inscri\u00e7\u00e3o no \u00f3rg\u00e3o da categoria profissional<\/p>\n<p class=\"m_4829978751292856960gmail-MsoNoSpacing\" style=\"text-align: justify;\">\u2013 Envelope contendo a documenta\u00e7\u00e3o para a qualifica\u00e7\u00e3o t\u00e9cnica<\/p>\n","protected":false},"excerpt":{"rendered":"<p>Profissionais de Servi\u00e7o Social ou Psicologia v\u00e3o auxiliar setores de Cadastro \u00danico e Bolsa Fam\u00edlia na Prefeitura &nbsp; Os interessados em participar do processo seletivo para trabalho na assist\u00eancia social t\u00eam at\u00e9 a pr\u00f3xima quinta-feira (12) para fazer a inscri\u00e7\u00e3o. Est\u00e1 sendo oferecida uma vaga mais cadastro de reserva para profissionais de n\u00edvel superior em [&hellip;]<\/p>\n","protected":false},"author":6,"featured_media":52531,"comment_status":"open","ping_status":"closed","sticky":false,"template":"","format":"standard","meta":{"_joinchat":[],"footnotes":""},"categories":[1],"tags":[],"class_list":["post-52530","post","type-post","status-publish","format-standard","has-post-thumbnail","hentry","category-sem-categoria"],"_links":{"self":[{"href":"http:\/\/folhadosudeste.com\/site\/index.php?rest_route=\/wp\/v2\/posts\/52530","targetHints":{"allow":["GET"]}}],"collection":[{"href":"http:\/\/folhadosudeste.com\/site\/index.php?rest_route=\/wp\/v2\/posts"}],"about":[{"href":"http:\/\/folhadosudeste.com\/site\/index.php?rest_route=\/wp\/v2\/types\/post"}],"author":[{"embeddable":true,"href":"http:\/\/folhadosudeste.com\/site\/index.php?rest_route=\/wp\/v2\/users\/6"}],"replies":[{"embeddable":true,"href":"http:\/\/folhadosudeste.com\/site\/index.php?rest_route=%2Fwp%2Fv2%2Fcomments&post=52530"}],"version-history":[{"count":1,"href":"http:\/\/folhadosudeste.com\/site\/index.php?rest_route=\/wp\/v2\/posts\/52530\/revisions"}],"predecessor-version":[{"id":52532,"href":"http:\/\/folhadosudeste.com\/site\/index.php?rest_route=\/wp\/v2\/posts\/52530\/revisions\/52532"}],"wp:featuredmedia":[{"embeddable":true,"href":"http:\/\/folhadosudeste.com\/site\/index.php?rest_route=\/wp\/v2\/media\/52531"}],"wp:attachment":[{"href":"http:\/\/folhadosudeste.com\/site\/index.php?rest_route=%2Fwp%2Fv2%2Fmedia&parent=52530"}],"wp:term":[{"taxonomy":"category","embeddable":true,"href":"http:\/\/folhadosudeste.com\/site\/index.php?rest_route=%2Fwp%2Fv2%2Fcategories&post=52530"},{"taxonomy":"post_tag","embeddable":true,"href":"http:\/\/folhadosudeste.com\/site\/index.php?rest_route=%2Fwp%2Fv2%2Ftags&post=52530"}],"curies":[{"name":"wp","href":"https:\/\/api.w.org\/{rel}","templated":true}]}}