{"id":52533,"date":"2018-04-09T19:41:15","date_gmt":"2018-04-09T19:41:15","guid":{"rendered":"http:\/\/folhadosudeste.com\/site\/?p=52533"},"modified":"2018-04-09T19:41:15","modified_gmt":"2018-04-09T19:41:15","slug":"semana-da-juventude-tera-programacao-variada-em-muriae","status":"publish","type":"post","link":"http:\/\/folhadosudeste.com\/site\/?p=52533","title":{"rendered":"Semana da Juventude ter\u00e1 programa\u00e7\u00e3o variada em Muria\u00e9"},"content":{"rendered":"<div><a href=\"http:\/\/folhadosudeste.com\/site\/wp-content\/uploads\/2018\/04\/untitled.png\"><img loading=\"lazy\" decoding=\"async\" class=\"aligncenter wp-image-52534 size-large\" src=\"http:\/\/folhadosudeste.com\/site\/wp-content\/uploads\/2018\/04\/untitled-1024x1024.png\" alt=\"\" width=\"620\" height=\"620\" srcset=\"http:\/\/folhadosudeste.com\/site\/wp-content\/uploads\/2018\/04\/untitled-1024x1024.png 1024w, http:\/\/folhadosudeste.com\/site\/wp-content\/uploads\/2018\/04\/untitled-150x150.png 150w, http:\/\/folhadosudeste.com\/site\/wp-content\/uploads\/2018\/04\/untitled-300x300.png 300w, http:\/\/folhadosudeste.com\/site\/wp-content\/uploads\/2018\/04\/untitled-768x768.png 768w, http:\/\/folhadosudeste.com\/site\/wp-content\/uploads\/2018\/04\/untitled-55x55.png 55w, http:\/\/folhadosudeste.com\/site\/wp-content\/uploads\/2018\/04\/untitled.png 1280w\" sizes=\"auto, (max-width: 620px) 100vw, 620px\" \/><\/a><\/div>\n<div style=\"text-align: justify;\"><i>Evento promovido pela Prefeitura acontece de 9 a 13 de abril, com rodas de conversa, atra\u00e7\u00f5es culturais e outras atividades de conscientiza\u00e7\u00e3o<\/i><\/div>\n<div style=\"text-align: justify;\">&nbsp;<\/div>\n<div style=\"text-align: justify;\">Com o tema &#8220;Resist\u00eancia Democr\u00e1tica&#8221;, a Semana da Juventude ser\u00e1 comemorada com diversas atividades em Muria\u00e9, entre os dias 9 e 13 de abril. A a\u00e7\u00e3o, promovida pela Prefeitura por meio da parceria entre a Fundarte e a Secretaria de Desenvolvimento Social, tem o intuito de despertar a aten\u00e7\u00e3o dos muriaeenses para os desafios enfrentados pelos jovens.<\/div>\n<div style=\"text-align: justify;\">&nbsp;<\/div>\n<div style=\"text-align: justify;\">A programa\u00e7\u00e3o incluir\u00e1 atra\u00e7\u00f5es culturais, rodas de conversa e &#8220;rol\u00eas&#8221; tem\u00e1ticos por comunidades variadas, sempre com entrada livre para todos os interessados. &#8220;Para se construir um novo caminho, \u00e9 preciso pensar no futuro, mas sempre olhando para o presente. E promover a conscientiza\u00e7\u00e3o e a participa\u00e7\u00e3o cidad\u00e3 dos jovens \u00e9 investir na constru\u00e7\u00e3o de uma cidade melhor para todos&#8221;, afirma o prefeito Grego.<\/div>\n<div style=\"text-align: justify;\">&nbsp;<\/div>\n<div style=\"text-align: justify;\">Confira a programa\u00e7\u00e3o completa da Semana da Juventude &#8211; Resist\u00eancia Democr\u00e1tica:<\/div>\n<div style=\"text-align: justify;\">&nbsp;<\/div>\n<div style=\"text-align: justify;\"><b><u>SEGUNDA-FEIRA, 9 DE ABRIL<\/u><\/b><br \/>\n<b>13h &#8211; Rol\u00ea da Juventude<\/b><br \/>\nTema: Viol\u00eancia<br \/>\nLocal: CRAS Aeroporto<\/div>\n<div style=\"text-align: justify;\">&nbsp;<\/div>\n<div style=\"text-align: justify;\"><b>17h &#8211; Roda de Conversa<\/b><br \/>\nTema: aberto<br \/>\nLocal: Instituto Federal<\/div>\n<div style=\"text-align: justify;\"><b>&nbsp;<\/b><\/div>\n<div style=\"text-align: justify;\"><b><u>TER\u00c7A-FEIRA, 10 DE ABRIL<\/u><\/b><br \/>\n<b>9h &#8211; Rol\u00ea da Juventude<\/b><br \/>\nTema: Viol\u00eancia<br \/>\nLocal: CRAS Santa Terezinha<\/div>\n<div style=\"text-align: justify;\">&nbsp;<\/div>\n<div style=\"text-align: justify;\"><b><u>QUARTA-FEIRA, 11 DE ABRIL<\/u><\/b><br \/>\n<b>13h &#8211; Rol\u00ea da Juventude<\/b><br \/>\nTema: Respeito \u00e0 Diversidade<br \/>\nLocal: UaiTec (Dom Delfim)<\/div>\n<div style=\"text-align: justify;\">&nbsp;<\/div>\n<div style=\"text-align: justify;\"><b><u>QUINTA-FEIRA, 12 DE ABRIL<\/u><\/b><br \/>\n<b>13h &#8211; Rol\u00ea da Juventude<\/b><br \/>\nTema: Respeito \u00e0 Diversidade<br \/>\nLocal: CRAS Vermelho<\/div>\n<div style=\"text-align: justify;\">&nbsp;<\/div>\n<div style=\"text-align: justify;\"><b><u>SEXTA-FEIRA, 13 DE ABRIL<\/u><\/b><br \/>\n<b>13h &#8211; Projeto &#8220;Cinemateca Viva&#8221;<\/b><br \/>\nFilme: &#8220;Extraordin\u00e1rio&#8221;<br \/>\nLocal: Grande Hotel Muriahe<\/div>\n<div style=\"text-align: justify;\">&nbsp;<\/div>\n<div style=\"text-align: justify;\"><b>19h &#8211; Posse do Conselho Municipal da Juventude e dos Gr\u00eamios Estudantis + Apresenta\u00e7\u00e3o Musical<\/b><br \/>\nLocal: Teatro Municipal Belmira Villas Boas<\/div>\n","protected":false},"excerpt":{"rendered":"<p>Evento promovido pela Prefeitura acontece de 9 a 13 de abril, com rodas de conversa, atra\u00e7\u00f5es culturais e outras atividades de conscientiza\u00e7\u00e3o &nbsp; Com o tema &#8220;Resist\u00eancia Democr\u00e1tica&#8221;, a Semana da Juventude ser\u00e1 comemorada com diversas atividades em Muria\u00e9, entre os dias 9 e 13 de abril. A a\u00e7\u00e3o, promovida pela Prefeitura por meio da [&hellip;]<\/p>\n","protected":false},"author":6,"featured_media":52534,"comment_status":"open","ping_status":"closed","sticky":false,"template":"","format":"standard","meta":{"_joinchat":[],"footnotes":""},"categories":[1],"tags":[],"class_list":["post-52533","post","type-post","status-publish","format-standard","has-post-thumbnail","hentry","category-sem-categoria"],"_links":{"self":[{"href":"http:\/\/folhadosudeste.com\/site\/index.php?rest_route=\/wp\/v2\/posts\/52533","targetHints":{"allow":["GET"]}}],"collection":[{"href":"http:\/\/folhadosudeste.com\/site\/index.php?rest_route=\/wp\/v2\/posts"}],"about":[{"href":"http:\/\/folhadosudeste.com\/site\/index.php?rest_route=\/wp\/v2\/types\/post"}],"author":[{"embeddable":true,"href":"http:\/\/folhadosudeste.com\/site\/index.php?rest_route=\/wp\/v2\/users\/6"}],"replies":[{"embeddable":true,"href":"http:\/\/folhadosudeste.com\/site\/index.php?rest_route=%2Fwp%2Fv2%2Fcomments&post=52533"}],"version-history":[{"count":1,"href":"http:\/\/folhadosudeste.com\/site\/index.php?rest_route=\/wp\/v2\/posts\/52533\/revisions"}],"predecessor-version":[{"id":52535,"href":"http:\/\/folhadosudeste.com\/site\/index.php?rest_route=\/wp\/v2\/posts\/52533\/revisions\/52535"}],"wp:featuredmedia":[{"embeddable":true,"href":"http:\/\/folhadosudeste.com\/site\/index.php?rest_route=\/wp\/v2\/media\/52534"}],"wp:attachment":[{"href":"http:\/\/folhadosudeste.com\/site\/index.php?rest_route=%2Fwp%2Fv2%2Fmedia&parent=52533"}],"wp:term":[{"taxonomy":"category","embeddable":true,"href":"http:\/\/folhadosudeste.com\/site\/index.php?rest_route=%2Fwp%2Fv2%2Fcategories&post=52533"},{"taxonomy":"post_tag","embeddable":true,"href":"http:\/\/folhadosudeste.com\/site\/index.php?rest_route=%2Fwp%2Fv2%2Ftags&post=52533"}],"curies":[{"name":"wp","href":"https:\/\/api.w.org\/{rel}","templated":true}]}}